{"id":459098,"date":"2026-01-18T00:30:00","date_gmt":"2026-01-17T23:30:00","guid":{"rendered":"https:\/\/medizinonline.com\/promover-la-alfabetizacion-sanitaria-de-lo-abstracto-a-lo-concreto\/"},"modified":"2025-12-11T15:24:24","modified_gmt":"2025-12-11T14:24:24","slug":"promover-la-alfabetizacion-sanitaria-de-lo-abstracto-a-lo-concreto","status":"publish","type":"post","link":"https:\/\/medizinonline.com\/es\/promover-la-alfabetizacion-sanitaria-de-lo-abstracto-a-lo-concreto\/","title":{"rendered":"Promover la alfabetizaci\u00f3n sanitaria: de lo abstracto a lo concreto"},"content":{"rendered":"\n<p><strong>La estrategia de pol\u00edtica sanitaria del Consejo Federal &#8220;Salud 2030&#8221; establece un marco de acci\u00f3n en materia de pol\u00edtica sanitaria destinado a garantizar la prestaci\u00f3n de asistencia sanitaria en los pr\u00f3ximos a\u00f1os. El segundo de los ocho objetivos de la estrategia se refiere al fortalecimiento de los conocimientos sanitarios de la poblaci\u00f3n residente en Suiza. <\/strong><\/p>\n\n<div class=\"pmpro\"><div class=\"pmpro_card pmpro_content_message\"><div class=\"pmpro_card_content\">Dieser Inhalt ist nur f\u00fcr Benutzer der Gruppe: Medizinische Fachperson zug\u00e4nglich <br \/><a href=\"https:\/\/medizinonline.com\/es\/mi-cuenta\/paquetes\/\">Jetzt beitreten<\/a><\/div><div class=\"pmpro_card_actions pmpro_font-medium\">\u00bfYa eres miembro? <a href=\"https:\/\/medizinonline.com\/es\/conectarse\/?redirect_to=https%3A%2F%2Fmedizinonline.com%2Fes%2Fpromover-la-alfabetizacion-sanitaria-de-lo-abstracto-a-lo-concreto%2F\">Accede aqu\u00ed<\/a><\/div><\/div><\/div>","protected":false},"excerpt":{"rendered":"<p>La estrategia de pol\u00edtica sanitaria del Consejo Federal &#8220;Salud 2030&#8221; establece un marco de acci\u00f3n en materia de pol\u00edtica sanitaria destinado a garantizar la prestaci\u00f3n de asistencia sanitaria en los&#8230;&hellip;... <\/p>\n<div class=\"pmpro\"><div class=\"pmpro_card pmpro_content_message\"><div class=\"pmpro_card_content\">Dieser Inhalt ist nur f\u00fcr Benutzer der Gruppe: Medizinische Fachperson zug\u00e4nglich <br \/><a href=\"https:\/\/medizinonline.com\/es\/mi-cuenta\/paquetes\/\">Jetzt beitreten<\/a><\/div><div class=\"pmpro_card_actions pmpro_font-medium\">\u00bfYa eres miembro? <a href=\"https:\/\/medizinonline.com\/es\/conectarse\/?redirect_to=https%3A%2F%2Fmedizinonline.com%2Fes%2Fpromover-la-alfabetizacion-sanitaria-de-lo-abstracto-a-lo-concreto%2F\">Accede aqu\u00ed<\/a><\/div><\/div><\/div>","protected":false},"author":7,"featured_media":459099,"comment_status":"closed","ping_status":"closed","sticky":false,"template":"","format":"standard","meta":{"_acf_changed":false,"pmpro_default_level":"","cat_1_feature_home_top":false,"cat_2_editor_pick":false,"csco_eyebrow_text":"Alfabetizaci\u00f3n sanitaria","footnotes":""},"category":[11475,11509,11288,11430,11552],"tags":[12374,65303,87347],"powerkit_post_featured":[],"class_list":["post-459098","post","type-post","status-publish","format-standard","has-post-thumbnail","category-estudios","category-gestion-de-la-practica","category-medicina-interna-general","category-prevencion-y-asistencia-sanitaria","category-rx-es","tag-alfabetizacion-sanitaria","tag-alfabetizacion-sanitaria-es","tag-salud-2030","pmpro-level-required","pmpro-level-1","pmpro-no-access"],"acf":[],"publishpress_future_action":{"enabled":false,"date":"2026-05-04 17:24:09","action":"change-status","newStatus":"draft","terms":[],"taxonomy":"category","extraData":[]},"publishpress_future_workflow_manual_trigger":{"enabledWorkflows":[]},"wpml_current_locale":"es_ES","wpml_translations":[],"_links":{"self":[{"href":"https:\/\/medizinonline.com\/es\/wp-json\/wp\/v2\/posts\/459098","targetHints":{"allow":["GET"]}}],"collection":[{"href":"https:\/\/medizinonline.com\/es\/wp-json\/wp\/v2\/posts"}],"about":[{"href":"https:\/\/medizinonline.com\/es\/wp-json\/wp\/v2\/types\/post"}],"author":[{"embeddable":true,"href":"https:\/\/medizinonline.com\/es\/wp-json\/wp\/v2\/users\/7"}],"replies":[{"embeddable":true,"href":"https:\/\/medizinonline.com\/es\/wp-json\/wp\/v2\/comments?post=459098"}],"version-history":[{"count":1,"href":"https:\/\/medizinonline.com\/es\/wp-json\/wp\/v2\/posts\/459098\/revisions"}],"predecessor-version":[{"id":459101,"href":"https:\/\/medizinonline.com\/es\/wp-json\/wp\/v2\/posts\/459098\/revisions\/459101"}],"wp:featuredmedia":[{"embeddable":true,"href":"https:\/\/medizinonline.com\/es\/wp-json\/wp\/v2\/media\/459099"}],"wp:attachment":[{"href":"https:\/\/medizinonline.com\/es\/wp-json\/wp\/v2\/media?parent=459098"}],"wp:term":[{"taxonomy":"category","embeddable":true,"href":"https:\/\/medizinonline.com\/es\/wp-json\/wp\/v2\/category?post=459098"},{"taxonomy":"post_tag","embeddable":true,"href":"https:\/\/medizinonline.com\/es\/wp-json\/wp\/v2\/tags?post=459098"},{"taxonomy":"powerkit_post_featured","embeddable":true,"href":"https:\/\/medizinonline.com\/es\/wp-json\/wp\/v2\/powerkit_post_featured?post=459098"}],"curies":[{"name":"wp","href":"https:\/\/api.w.org\/{rel}","templated":true}]}}