{"id":459717,"date":"2026-01-27T13:35:00","date_gmt":"2026-01-27T12:35:00","guid":{"rendered":"https:\/\/medizinonline.com\/?p=459717"},"modified":"2026-01-27T13:52:14","modified_gmt":"2026-01-27T12:52:14","slug":"paciente-de-76-anos-con-erupcion-cutanea-pustulosa","status":"publish","type":"post","link":"https:\/\/medizinonline.com\/es\/paciente-de-76-anos-con-erupcion-cutanea-pustulosa\/","title":{"rendered":"Paciente de 76 a\u00f1os con erupci\u00f3n cut\u00e1nea pustulosa"},"content":{"rendered":"\n<p><strong>La eficacia del espesolimab en el tratamiento de la psoriasis pustulosa generalizada (PPG) est\u00e1 bien documentada en la bibliograf\u00eda. En este estudio de caso, el tratamiento con espesolimab se administr\u00f3 en paralelo con quimioterapia para un c\u00e1ncer colorrectal metast\u00e1sico activo. Tras una sola infusi\u00f3n, se produjo una mejora significativa del GPP. Este informe de caso pone de relieve la seguridad y eficacia del espesolimab en un paciente con c\u00e1ncer activo.   <\/strong><\/p>\n\n<div class=\"pmpro\"><div class=\"pmpro_card pmpro_content_message\"><div class=\"pmpro_card_content\">Dieser Inhalt ist nur f\u00fcr Benutzer der Gruppe: Medizinische Fachperson zug\u00e4nglich <br \/><a href=\"https:\/\/medizinonline.com\/es\/mi-cuenta\/paquetes\/\">Jetzt beitreten<\/a><\/div><div class=\"pmpro_card_actions pmpro_font-medium\">\u00bfYa eres miembro? <a href=\"https:\/\/medizinonline.com\/es\/conectarse\/?redirect_to=https%3A%2F%2Fmedizinonline.com%2Fes%2Fpaciente-de-76-anos-con-erupcion-cutanea-pustulosa%2F\">Accede aqu\u00ed<\/a><\/div><\/div><\/div>","protected":false},"excerpt":{"rendered":"<p>La eficacia del espesolimab en el tratamiento de la psoriasis pustulosa generalizada (PPG) est\u00e1 bien documentada en la bibliograf\u00eda. En este estudio de caso, el tratamiento con espesolimab se administr\u00f3&#8230;&hellip;... <\/p>\n<div class=\"pmpro\"><div class=\"pmpro_card pmpro_content_message\"><div class=\"pmpro_card_content\">Dieser Inhalt ist nur f\u00fcr Benutzer der Gruppe: Medizinische Fachperson zug\u00e4nglich <br \/><a href=\"https:\/\/medizinonline.com\/es\/mi-cuenta\/paquetes\/\">Jetzt beitreten<\/a><\/div><div class=\"pmpro_card_actions pmpro_font-medium\">\u00bfYa eres miembro? <a href=\"https:\/\/medizinonline.com\/es\/conectarse\/?redirect_to=https%3A%2F%2Fmedizinonline.com%2Fes%2Fpaciente-de-76-anos-con-erupcion-cutanea-pustulosa%2F\">Accede aqu\u00ed<\/a><\/div><\/div><\/div>","protected":false},"author":7,"featured_media":459719,"comment_status":"closed","ping_status":"closed","sticky":false,"template":"","format":"standard","meta":{"_acf_changed":false,"pmpro_default_level":"","cat_1_feature_home_top":false,"cat_2_editor_pick":false,"csco_eyebrow_text":"Informe de un caso  ","footnotes":""},"category":[11493,11310,11478,11336,11552],"tags":[35637,11576,87566,70921,81839,70926,12938,75934],"powerkit_post_featured":[],"class_list":["post-459717","post","type-post","status-publish","format-standard","has-post-thumbnail","category-casos","category-dermatologia-y-venereologia","category-formacion-continua","category-oncologia","category-rx-es","tag-cancer-es","tag-cancer-colorrectal","tag-erupcion-cutanea-pustulosa","tag-gpp-es","tag-informe-de-un-caso-es","tag-psoriasis-pustulosa-generalizada","tag-quimioterapia-es","tag-spesolimab-es","pmpro-level-required","pmpro-level-1","pmpro-no-access"],"acf":[],"publishpress_future_action":{"enabled":false,"date":"2026-05-08 07:49:46","action":"change-status","newStatus":"draft","terms":[],"taxonomy":"category","extraData":[]},"publishpress_future_workflow_manual_trigger":{"enabledWorkflows":[]},"wpml_current_locale":"es_ES","wpml_translations":[],"_links":{"self":[{"href":"https:\/\/medizinonline.com\/es\/wp-json\/wp\/v2\/posts\/459717","targetHints":{"allow":["GET"]}}],"collection":[{"href":"https:\/\/medizinonline.com\/es\/wp-json\/wp\/v2\/posts"}],"about":[{"href":"https:\/\/medizinonline.com\/es\/wp-json\/wp\/v2\/types\/post"}],"author":[{"embeddable":true,"href":"https:\/\/medizinonline.com\/es\/wp-json\/wp\/v2\/users\/7"}],"replies":[{"embeddable":true,"href":"https:\/\/medizinonline.com\/es\/wp-json\/wp\/v2\/comments?post=459717"}],"version-history":[{"count":1,"href":"https:\/\/medizinonline.com\/es\/wp-json\/wp\/v2\/posts\/459717\/revisions"}],"predecessor-version":[{"id":459720,"href":"https:\/\/medizinonline.com\/es\/wp-json\/wp\/v2\/posts\/459717\/revisions\/459720"}],"wp:featuredmedia":[{"embeddable":true,"href":"https:\/\/medizinonline.com\/es\/wp-json\/wp\/v2\/media\/459719"}],"wp:attachment":[{"href":"https:\/\/medizinonline.com\/es\/wp-json\/wp\/v2\/media?parent=459717"}],"wp:term":[{"taxonomy":"category","embeddable":true,"href":"https:\/\/medizinonline.com\/es\/wp-json\/wp\/v2\/category?post=459717"},{"taxonomy":"post_tag","embeddable":true,"href":"https:\/\/medizinonline.com\/es\/wp-json\/wp\/v2\/tags?post=459717"},{"taxonomy":"powerkit_post_featured","embeddable":true,"href":"https:\/\/medizinonline.com\/es\/wp-json\/wp\/v2\/powerkit_post_featured?post=459717"}],"curies":[{"name":"wp","href":"https:\/\/api.w.org\/{rel}","templated":true}]}}