{"id":459798,"date":"2026-01-09T13:25:00","date_gmt":"2026-01-09T12:25:00","guid":{"rendered":"https:\/\/medizinonline.com\/inhibicion-de-la-il-23-en-la-psoriasis-del-cuero-cabelludo-que-hay-de-nuevo\/"},"modified":"2026-01-09T14:41:36","modified_gmt":"2026-01-09T13:41:36","slug":"inhibicion-de-la-il-23-en-la-psoriasis-del-cuero-cabelludo-que-hay-de-nuevo","status":"publish","type":"post","link":"https:\/\/medizinonline.com\/es\/inhibicion-de-la-il-23-en-la-psoriasis-del-cuero-cabelludo-que-hay-de-nuevo\/","title":{"rendered":"Inhibici\u00f3n de la IL-23 en la psoriasis del cuero cabelludo: \u00bfQu\u00e9 hay de nuevo?"},"content":{"rendered":"\n<p><strong>La afectaci\u00f3n del cuero cabelludo es frecuente en los pacientes con psoriasis y puede inducir una angustia considerable con efectos a veces significativos sobre la calidad de vida. Adem\u00e1s de los nuevos resultados de los estudios sobre los tres inhibidores establecidos de la interleucina (IL)-23p19 guselkumab, tildrakizumab y risankizumab, en la <em>Reuni\u00f3n Anual de la EADV<\/em> de este a\u00f1o tambi\u00e9n se presentaron nuevos an\u00e1lisis post hoc de los datos de fase III sobre picankibart. <\/strong><\/p>\n\n<div class=\"pmpro\"><div class=\"pmpro_card pmpro_content_message\"><div class=\"pmpro_card_content\">Dieser Inhalt ist nur f\u00fcr Benutzer der Gruppe: Medizinische Fachperson zug\u00e4nglich <br \/><a href=\"https:\/\/medizinonline.com\/es\/mi-cuenta\/paquetes\/\">Jetzt beitreten<\/a><\/div><div class=\"pmpro_card_actions pmpro_font-medium\">\u00bfYa eres miembro? <a href=\"https:\/\/medizinonline.com\/es\/conectarse\/?redirect_to=https%3A%2F%2Fmedizinonline.com%2Fes%2Finhibicion-de-la-il-23-en-la-psoriasis-del-cuero-cabelludo-que-hay-de-nuevo%2F\">Accede aqu\u00ed<\/a><\/div><\/div><\/div>","protected":false},"excerpt":{"rendered":"<p>La afectaci\u00f3n del cuero cabelludo es frecuente en los pacientes con psoriasis y puede inducir una angustia considerable con efectos a veces significativos sobre la calidad de vida. Adem\u00e1s de&#8230;&hellip;... <\/p>\n<div class=\"pmpro\"><div class=\"pmpro_card pmpro_content_message\"><div class=\"pmpro_card_content\">Dieser Inhalt ist nur f\u00fcr Benutzer der Gruppe: Medizinische Fachperson zug\u00e4nglich <br \/><a href=\"https:\/\/medizinonline.com\/es\/mi-cuenta\/paquetes\/\">Jetzt beitreten<\/a><\/div><div class=\"pmpro_card_actions pmpro_font-medium\">\u00bfYa eres miembro? <a href=\"https:\/\/medizinonline.com\/es\/conectarse\/?redirect_to=https%3A%2F%2Fmedizinonline.com%2Fes%2Finhibicion-de-la-il-23-en-la-psoriasis-del-cuero-cabelludo-que-hay-de-nuevo%2F\">Accede aqu\u00ed<\/a><\/div><\/div><\/div>","protected":false},"author":7,"featured_media":459799,"comment_status":"closed","ping_status":"closed","sticky":false,"template":"","format":"standard","meta":{"_acf_changed":false,"pmpro_default_level":"","cat_1_feature_home_top":false,"cat_2_editor_pick":false,"csco_eyebrow_text":"Terapia basada en la evidencia para la psoriasis en localizaciones dif\u00edciles","footnotes":""},"category":[11310,11483,11475,11451,11552],"tags":[87678,87674,16732,18155,81543,87672,13983,12930,87673,26525,67715,87677,87675,87676],"powerkit_post_featured":[],"class_list":["post-459798","post","type-post","status-publish","format-standard","has-post-thumbnail","category-dermatologia-y-venereologia","category-el-congreso-informa","category-estudios","category-reumatologia","category-rx-es","tag-barba-de-picani","tag-claro-1","tag-eadv-es","tag-guselkumab-es","tag-inhibicion-de-la-il-23","tag-localizaciones-dificiles","tag-psoriasis-es-2","tag-psoriasis-capitis-es","tag-psoriasis-del-cuero-cabelludo-2","tag-risankizumab-es","tag-tildrakizumab-es","tag-unlimmited","tag-visible","tag-zodipso","pmpro-level-required","pmpro-level-1","pmpro-no-access"],"acf":[],"publishpress_future_action":{"enabled":false,"date":"2026-05-07 08:05:19","action":"change-status","newStatus":"draft","terms":[],"taxonomy":"category","extraData":[]},"publishpress_future_workflow_manual_trigger":{"enabledWorkflows":[]},"wpml_current_locale":"es_ES","wpml_translations":[],"_links":{"self":[{"href":"https:\/\/medizinonline.com\/es\/wp-json\/wp\/v2\/posts\/459798","targetHints":{"allow":["GET"]}}],"collection":[{"href":"https:\/\/medizinonline.com\/es\/wp-json\/wp\/v2\/posts"}],"about":[{"href":"https:\/\/medizinonline.com\/es\/wp-json\/wp\/v2\/types\/post"}],"author":[{"embeddable":true,"href":"https:\/\/medizinonline.com\/es\/wp-json\/wp\/v2\/users\/7"}],"replies":[{"embeddable":true,"href":"https:\/\/medizinonline.com\/es\/wp-json\/wp\/v2\/comments?post=459798"}],"version-history":[{"count":1,"href":"https:\/\/medizinonline.com\/es\/wp-json\/wp\/v2\/posts\/459798\/revisions"}],"predecessor-version":[{"id":459800,"href":"https:\/\/medizinonline.com\/es\/wp-json\/wp\/v2\/posts\/459798\/revisions\/459800"}],"wp:featuredmedia":[{"embeddable":true,"href":"https:\/\/medizinonline.com\/es\/wp-json\/wp\/v2\/media\/459799"}],"wp:attachment":[{"href":"https:\/\/medizinonline.com\/es\/wp-json\/wp\/v2\/media?parent=459798"}],"wp:term":[{"taxonomy":"category","embeddable":true,"href":"https:\/\/medizinonline.com\/es\/wp-json\/wp\/v2\/category?post=459798"},{"taxonomy":"post_tag","embeddable":true,"href":"https:\/\/medizinonline.com\/es\/wp-json\/wp\/v2\/tags?post=459798"},{"taxonomy":"powerkit_post_featured","embeddable":true,"href":"https:\/\/medizinonline.com\/es\/wp-json\/wp\/v2\/powerkit_post_featured?post=459798"}],"curies":[{"name":"wp","href":"https:\/\/api.w.org\/{rel}","templated":true}]}}