{"id":459839,"date":"2026-02-11T21:56:15","date_gmt":"2026-02-11T20:56:15","guid":{"rendered":"https:\/\/medizinonline.com\/las-recomendaciones-de-tratamiento-dependen-de-la-gravedad-y-de-la-actividad-inflamatoria\/"},"modified":"2025-12-15T22:41:08","modified_gmt":"2025-12-15T21:41:08","slug":"las-recomendaciones-de-tratamiento-dependen-de-la-gravedad-y-de-la-actividad-inflamatoria","status":"publish","type":"post","link":"https:\/\/medizinonline.com\/es\/las-recomendaciones-de-tratamiento-dependen-de-la-gravedad-y-de-la-actividad-inflamatoria\/","title":{"rendered":"Las recomendaciones de tratamiento dependen de la gravedad y de la actividad inflamatoria"},"content":{"rendered":"\n<p><strong>Debido a su heterogeneidad fenot\u00edpica y a su patogenia multifactorial, la hidradenitis supurativa es una enfermedad compleja que puede resultar dif\u00edcil de tratar. Afortunadamente, la investigaci\u00f3n ha logrado avances significativos en los \u00faltimos tiempos, lo que se refleja en el hecho de que ya se dispone de varios productos biol\u00f3gicos y se est\u00e1n probando en ensayos varios f\u00e1rmacos candidatos del campo de los anticuerpos monoclonales y las mol\u00e9culas peque\u00f1as. El desarrollo ulterior del espectro terap\u00e9utico y otras innovaciones se reflejan en la directriz europea S2k publicada recientemente.  <\/strong><\/p>\n\n<div class=\"pmpro\"><div class=\"pmpro_card pmpro_content_message\"><div class=\"pmpro_card_content\">Dieser Inhalt ist nur f\u00fcr Benutzer der Gruppe: Medizinische Fachperson zug\u00e4nglich <br \/><a href=\"https:\/\/medizinonline.com\/es\/mi-cuenta\/paquetes\/\">Jetzt beitreten<\/a><\/div><div class=\"pmpro_card_actions pmpro_font-medium\">\u00bfYa eres miembro? <a href=\"https:\/\/medizinonline.com\/es\/conectarse\/?redirect_to=https%3A%2F%2Fmedizinonline.com%2Fes%2Flas-recomendaciones-de-tratamiento-dependen-de-la-gravedad-y-de-la-actividad-inflamatoria%2F\">Accede aqu\u00ed<\/a><\/div><\/div><\/div>","protected":false},"excerpt":{"rendered":"<p>Debido a su heterogeneidad fenot\u00edpica y a su patogenia multifactorial, la hidradenitis supurativa es una enfermedad compleja que puede resultar dif\u00edcil de tratar. Afortunadamente, la investigaci\u00f3n ha logrado avances significativos&#8230;&hellip;... <\/p>\n<div class=\"pmpro\"><div class=\"pmpro_card pmpro_content_message\"><div class=\"pmpro_card_content\">Dieser Inhalt ist nur f\u00fcr Benutzer der Gruppe: Medizinische Fachperson zug\u00e4nglich <br \/><a href=\"https:\/\/medizinonline.com\/es\/mi-cuenta\/paquetes\/\">Jetzt beitreten<\/a><\/div><div class=\"pmpro_card_actions pmpro_font-medium\">\u00bfYa eres miembro? <a href=\"https:\/\/medizinonline.com\/es\/conectarse\/?redirect_to=https%3A%2F%2Fmedizinonline.com%2Fes%2Flas-recomendaciones-de-tratamiento-dependen-de-la-gravedad-y-de-la-actividad-inflamatoria%2F\">Accede aqu\u00ed<\/a><\/div><\/div><\/div>","protected":false},"author":7,"featured_media":459842,"comment_status":"closed","ping_status":"closed","sticky":false,"template":"","format":"standard","meta":{"_acf_changed":false,"pmpro_default_level":"","cat_1_feature_home_top":false,"cat_2_editor_pick":false,"csco_eyebrow_text":"Hidradenitis supurativa: los biol\u00f3gicos reducen los procesos inflamatorios","footnotes":""},"category":[11298,11310,11483,11475,11372,11552],"tags":[12451,12569,12425,17999,26014,12453,15601,87708,12580],"powerkit_post_featured":[],"class_list":["post-459839","post","type-post","status-publish","format-standard","has-post-thumbnail","category-alergologia-e-inmunologia-clinica","category-dermatologia-y-venereologia","category-el-congreso-informa","category-estudios","category-infectologia","category-rx-es","tag-acne-inversa-es","tag-adalimumab-es","tag-biologicos-es","tag-directriz-s2k","tag-gravedad","tag-hidradenitis-supurativa","tag-moleculas-pequenas","tag-procesos-inflamatorios-2","tag-secukinumab-es","pmpro-level-required","pmpro-level-1","pmpro-no-access"],"acf":[],"publishpress_future_action":{"enabled":false,"date":"2026-05-04 10:55:44","action":"change-status","newStatus":"draft","terms":[],"taxonomy":"category","extraData":[]},"publishpress_future_workflow_manual_trigger":{"enabledWorkflows":[]},"wpml_current_locale":"es_ES","wpml_translations":[],"_links":{"self":[{"href":"https:\/\/medizinonline.com\/es\/wp-json\/wp\/v2\/posts\/459839","targetHints":{"allow":["GET"]}}],"collection":[{"href":"https:\/\/medizinonline.com\/es\/wp-json\/wp\/v2\/posts"}],"about":[{"href":"https:\/\/medizinonline.com\/es\/wp-json\/wp\/v2\/types\/post"}],"author":[{"embeddable":true,"href":"https:\/\/medizinonline.com\/es\/wp-json\/wp\/v2\/users\/7"}],"replies":[{"embeddable":true,"href":"https:\/\/medizinonline.com\/es\/wp-json\/wp\/v2\/comments?post=459839"}],"version-history":[{"count":1,"href":"https:\/\/medizinonline.com\/es\/wp-json\/wp\/v2\/posts\/459839\/revisions"}],"predecessor-version":[{"id":459844,"href":"https:\/\/medizinonline.com\/es\/wp-json\/wp\/v2\/posts\/459839\/revisions\/459844"}],"wp:featuredmedia":[{"embeddable":true,"href":"https:\/\/medizinonline.com\/es\/wp-json\/wp\/v2\/media\/459842"}],"wp:attachment":[{"href":"https:\/\/medizinonline.com\/es\/wp-json\/wp\/v2\/media?parent=459839"}],"wp:term":[{"taxonomy":"category","embeddable":true,"href":"https:\/\/medizinonline.com\/es\/wp-json\/wp\/v2\/category?post=459839"},{"taxonomy":"post_tag","embeddable":true,"href":"https:\/\/medizinonline.com\/es\/wp-json\/wp\/v2\/tags?post=459839"},{"taxonomy":"powerkit_post_featured","embeddable":true,"href":"https:\/\/medizinonline.com\/es\/wp-json\/wp\/v2\/powerkit_post_featured?post=459839"}],"curies":[{"name":"wp","href":"https:\/\/api.w.org\/{rel}","templated":true}]}}