{"id":460506,"date":"2026-01-18T13:15:00","date_gmt":"2026-01-18T12:15:00","guid":{"rendered":"https:\/\/medizinonline.com\/disfuncion-mitocondrial-y-metabolismo-energetico\/"},"modified":"2026-01-18T14:47:42","modified_gmt":"2026-01-18T13:47:42","slug":"disfuncion-mitocondrial-y-metabolismo-energetico","status":"publish","type":"post","link":"https:\/\/medizinonline.com\/es\/disfuncion-mitocondrial-y-metabolismo-energetico\/","title":{"rendered":"Disfunci\u00f3n mitocondrial y metabolismo energ\u00e9tico"},"content":{"rendered":"\n<p><strong>La disfunci\u00f3n mitocondrial no se define como un &#8220;problema de ATP&#8221; aislado en el marco de los Hallmarks del envejecimiento, sino como un cambio sist\u00e9mico en la bioenerg\u00e9tica, la se\u00f1alizaci\u00f3n redox, el control de calidad y el metabolismo inmunol\u00f3gico. En la actualizaci\u00f3n de los Hallmarks (2023), el eje mitocondrial sigue siendo central e interact\u00faa expl\u00edcitamente con la &#8220;macroautofagia desactivada&#8221;, la inflamaci\u00f3n cr\u00f3nica y otros Hallmarks. Para la pr\u00e1ctica m\u00e9dica, esto supone una doble tarea: comprender cient\u00edficamente los mecanismos de forma correcta (incluida su adaptabilidad y especificidad tisular) y mantener la traducci\u00f3n cl\u00ednica basada en la evidencia, sobre todo cuando las intervenciones dirigidas a las mitocondrias se comercializan cada vez m\u00e1s como &#8220;longevidad&#8221;, pero la situaci\u00f3n de los datos sigue dependiendo del punto final y de la poblaci\u00f3n.  <\/strong><\/p>\n\n<div class=\"pmpro\"><div class=\"pmpro_card pmpro_content_message\"><div class=\"pmpro_card_content\">Dieser Inhalt ist nur f\u00fcr Benutzer der Gruppe: Medizinische Fachperson zug\u00e4nglich <br \/><a href=\"https:\/\/medizinonline.com\/es\/mi-cuenta\/paquetes\/\">Jetzt beitreten<\/a><\/div><div class=\"pmpro_card_actions pmpro_font-medium\">\u00bfYa eres miembro? <a href=\"https:\/\/medizinonline.com\/es\/conectarse\/?redirect_to=https%3A%2F%2Fmedizinonline.com%2Fes%2Fdisfuncion-mitocondrial-y-metabolismo-energetico%2F\">Accede aqu\u00ed<\/a><\/div><\/div><\/div>","protected":false},"excerpt":{"rendered":"<p>La disfunci\u00f3n mitocondrial no se define como un &#8220;problema de ATP&#8221; aislado en el marco de los Hallmarks del envejecimiento, sino como un cambio sist\u00e9mico en la bioenerg\u00e9tica, la se\u00f1alizaci\u00f3n&#8230;&hellip;... <\/p>\n<div class=\"pmpro\"><div class=\"pmpro_card pmpro_content_message\"><div class=\"pmpro_card_content\">Dieser Inhalt ist nur f\u00fcr Benutzer der Gruppe: Medizinische Fachperson zug\u00e4nglich <br \/><a href=\"https:\/\/medizinonline.com\/es\/mi-cuenta\/paquetes\/\">Jetzt beitreten<\/a><\/div><div class=\"pmpro_card_actions pmpro_font-medium\">\u00bfYa eres miembro? <a href=\"https:\/\/medizinonline.com\/es\/conectarse\/?redirect_to=https%3A%2F%2Fmedizinonline.com%2Fes%2Fdisfuncion-mitocondrial-y-metabolismo-energetico%2F\">Accede aqu\u00ed<\/a><\/div><\/div><\/div>","protected":false},"author":7,"featured_media":460507,"comment_status":"closed","ping_status":"closed","sticky":false,"template":"","format":"standard","meta":{"_acf_changed":false,"pmpro_default_level":"","cat_1_feature_home_top":false,"cat_2_editor_pick":false,"csco_eyebrow_text":"Un eje del envejecimiento biol\u00f3gico  ","footnotes":""},"category":[11475,11478,11364,11291,11288,11430,11552],"tags":[],"powerkit_post_featured":[],"class_list":["post-460506","post","type-post","status-publish","format-standard","has-post-thumbnail","category-estudios","category-formacion-continua","category-genetica","category-medicina-deportiva","category-medicina-interna-general","category-prevencion-y-asistencia-sanitaria","category-rx-es","pmpro-level-required","pmpro-level-1","pmpro-no-access"],"acf":[],"publishpress_future_action":{"enabled":false,"date":"2026-05-05 02:56:08","action":"change-status","newStatus":"draft","terms":[],"taxonomy":"category","extraData":[]},"publishpress_future_workflow_manual_trigger":{"enabledWorkflows":[]},"wpml_current_locale":"es_ES","wpml_translations":[],"_links":{"self":[{"href":"https:\/\/medizinonline.com\/es\/wp-json\/wp\/v2\/posts\/460506","targetHints":{"allow":["GET"]}}],"collection":[{"href":"https:\/\/medizinonline.com\/es\/wp-json\/wp\/v2\/posts"}],"about":[{"href":"https:\/\/medizinonline.com\/es\/wp-json\/wp\/v2\/types\/post"}],"author":[{"embeddable":true,"href":"https:\/\/medizinonline.com\/es\/wp-json\/wp\/v2\/users\/7"}],"replies":[{"embeddable":true,"href":"https:\/\/medizinonline.com\/es\/wp-json\/wp\/v2\/comments?post=460506"}],"version-history":[{"count":1,"href":"https:\/\/medizinonline.com\/es\/wp-json\/wp\/v2\/posts\/460506\/revisions"}],"predecessor-version":[{"id":460508,"href":"https:\/\/medizinonline.com\/es\/wp-json\/wp\/v2\/posts\/460506\/revisions\/460508"}],"wp:featuredmedia":[{"embeddable":true,"href":"https:\/\/medizinonline.com\/es\/wp-json\/wp\/v2\/media\/460507"}],"wp:attachment":[{"href":"https:\/\/medizinonline.com\/es\/wp-json\/wp\/v2\/media?parent=460506"}],"wp:term":[{"taxonomy":"category","embeddable":true,"href":"https:\/\/medizinonline.com\/es\/wp-json\/wp\/v2\/category?post=460506"},{"taxonomy":"post_tag","embeddable":true,"href":"https:\/\/medizinonline.com\/es\/wp-json\/wp\/v2\/tags?post=460506"},{"taxonomy":"powerkit_post_featured","embeddable":true,"href":"https:\/\/medizinonline.com\/es\/wp-json\/wp\/v2\/powerkit_post_featured?post=460506"}],"curies":[{"name":"wp","href":"https:\/\/api.w.org\/{rel}","templated":true}]}}