{"id":461546,"date":"2026-02-20T12:05:19","date_gmt":"2026-02-20T11:05:19","guid":{"rendered":"https:\/\/medizinonline.com\/enfoque-individualizado-de-la-prevencion-y-la-atencion-sostenibles\/"},"modified":"2026-02-20T12:05:28","modified_gmt":"2026-02-20T11:05:28","slug":"enfoque-individualizado-de-la-prevencion-y-la-atencion-sostenibles","status":"publish","type":"post","link":"https:\/\/medizinonline.com\/es\/enfoque-individualizado-de-la-prevencion-y-la-atencion-sostenibles\/","title":{"rendered":"Enfoque individualizado de la prevenci\u00f3n y la atenci\u00f3n sostenibles"},"content":{"rendered":"\n<p><strong>Las directrices revisadas fueron presentadas por la EACS <em>(Sociedad Cl\u00ednica Europea del Sida) <\/em>el pasado oto\u00f1o y reflejan los esfuerzos por adaptar las recomendaciones a las realidades cl\u00ednicas actuales y a las necesidades cambiantes de los pacientes con VIH. En los \u00faltimos tiempos se han logrado avances significativos tanto en las terapias antirretrovirales como en el tratamiento de las comorbilidades. <\/strong><\/p>\n\n<div class=\"pmpro\"><div class=\"pmpro_card pmpro_content_message\"><div class=\"pmpro_card_content\">Dieser Inhalt ist nur f\u00fcr Benutzer der Gruppe: Medizinische Fachperson zug\u00e4nglich <br \/><a href=\"https:\/\/medizinonline.com\/es\/mi-cuenta\/paquetes\/\">Jetzt beitreten<\/a><\/div><div class=\"pmpro_card_actions pmpro_font-medium\">\u00bfYa eres miembro? <a href=\"https:\/\/medizinonline.com\/es\/conectarse\/?redirect_to=https%3A%2F%2Fmedizinonline.com%2Fes%2Fenfoque-individualizado-de-la-prevencion-y-la-atencion-sostenibles%2F\">Accede aqu\u00ed<\/a><\/div><\/div><\/div>","protected":false},"excerpt":{"rendered":"<p>Las directrices revisadas fueron presentadas por la EACS (Sociedad Cl\u00ednica Europea del Sida) el pasado oto\u00f1o y reflejan los esfuerzos por adaptar las recomendaciones a las realidades cl\u00ednicas actuales y&#8230;&hellip;... <\/p>\n<div class=\"pmpro\"><div class=\"pmpro_card pmpro_content_message\"><div class=\"pmpro_card_content\">Dieser Inhalt ist nur f\u00fcr Benutzer der Gruppe: Medizinische Fachperson zug\u00e4nglich <br \/><a href=\"https:\/\/medizinonline.com\/es\/mi-cuenta\/paquetes\/\">Jetzt beitreten<\/a><\/div><div class=\"pmpro_card_actions pmpro_font-medium\">\u00bfYa eres miembro? <a href=\"https:\/\/medizinonline.com\/es\/conectarse\/?redirect_to=https%3A%2F%2Fmedizinonline.com%2Fes%2Fenfoque-individualizado-de-la-prevencion-y-la-atencion-sostenibles%2F\">Accede aqu\u00ed<\/a><\/div><\/div><\/div>","protected":false},"author":7,"featured_media":461547,"comment_status":"closed","ping_status":"closed","sticky":false,"template":"","format":"standard","meta":{"_acf_changed":false,"pmpro_default_level":"","cat_1_feature_home_top":false,"cat_2_editor_pick":false,"csco_eyebrow_text":"VIH: directriz actualizada de la EACS  ","footnotes":""},"category":[11324,11475,11478,11372,11288,11430,11552],"tags":[88319,88320,88310,88317,56087,88321,88318,88307,88315,88311,88313,88306,88314,88312,88308,88309,18471,88316],"powerkit_post_featured":[],"class_list":["post-461546","post","type-post","status-publish","format-standard","has-post-thumbnail","category-cardiologia","category-estudios","category-formacion-continua","category-infectologia","category-medicina-interna-general","category-prevencion-y-asistencia-sanitaria","category-rx-es","tag-bic","tag-bictegravir","tag-directriz-eacs","tag-dolutegravir","tag-dor-es","tag-doravirin","tag-dtg","tag-eacs","tag-emtricitabina","tag-la-sociedad-clinica-europea-del-sida","tag-lamivudina","tag-prep","tag-taf","tag-tdf","tag-tenofovir-alafenamida","tag-tenofovir-disoproxil-fumarato","tag-vih-es","tag-xtc","pmpro-level-required","pmpro-level-1","pmpro-no-access"],"acf":[],"publishpress_future_action":{"enabled":false,"date":"2026-05-04 05:23:36","action":"change-status","newStatus":"draft","terms":[],"taxonomy":"category","extraData":[]},"publishpress_future_workflow_manual_trigger":{"enabledWorkflows":[]},"wpml_current_locale":"es_ES","wpml_translations":[],"_links":{"self":[{"href":"https:\/\/medizinonline.com\/es\/wp-json\/wp\/v2\/posts\/461546","targetHints":{"allow":["GET"]}}],"collection":[{"href":"https:\/\/medizinonline.com\/es\/wp-json\/wp\/v2\/posts"}],"about":[{"href":"https:\/\/medizinonline.com\/es\/wp-json\/wp\/v2\/types\/post"}],"author":[{"embeddable":true,"href":"https:\/\/medizinonline.com\/es\/wp-json\/wp\/v2\/users\/7"}],"replies":[{"embeddable":true,"href":"https:\/\/medizinonline.com\/es\/wp-json\/wp\/v2\/comments?post=461546"}],"version-history":[{"count":1,"href":"https:\/\/medizinonline.com\/es\/wp-json\/wp\/v2\/posts\/461546\/revisions"}],"predecessor-version":[{"id":461548,"href":"https:\/\/medizinonline.com\/es\/wp-json\/wp\/v2\/posts\/461546\/revisions\/461548"}],"wp:featuredmedia":[{"embeddable":true,"href":"https:\/\/medizinonline.com\/es\/wp-json\/wp\/v2\/media\/461547"}],"wp:attachment":[{"href":"https:\/\/medizinonline.com\/es\/wp-json\/wp\/v2\/media?parent=461546"}],"wp:term":[{"taxonomy":"category","embeddable":true,"href":"https:\/\/medizinonline.com\/es\/wp-json\/wp\/v2\/category?post=461546"},{"taxonomy":"post_tag","embeddable":true,"href":"https:\/\/medizinonline.com\/es\/wp-json\/wp\/v2\/tags?post=461546"},{"taxonomy":"powerkit_post_featured","embeddable":true,"href":"https:\/\/medizinonline.com\/es\/wp-json\/wp\/v2\/powerkit_post_featured?post=461546"}],"curies":[{"name":"wp","href":"https:\/\/api.w.org\/{rel}","templated":true}]}}