{"id":550389,"date":"2026-03-02T12:30:00","date_gmt":"2026-03-02T11:30:00","guid":{"rendered":"https:\/\/medizinonline.com\/?p=550389"},"modified":"2026-03-01T22:41:28","modified_gmt":"2026-03-01T21:41:28","slug":"relacion-entre-el-sindrome-de-las-piernas-inquietas-y-los-dolores-de-crecimiento","status":"publish","type":"post","link":"https:\/\/medizinonline.com\/es\/relacion-entre-el-sindrome-de-las-piernas-inquietas-y-los-dolores-de-crecimiento\/","title":{"rendered":"Relaci\u00f3n entre el s\u00edndrome de las piernas inquietas y los dolores de crecimiento"},"content":{"rendered":"\n<p><strong>Cu\u00e1ndo los &#8220;dolores de crecimiento&#8221; est\u00e1n causados en realidad por el s\u00edndrome de las piernas inquietas. Qu\u00e9 valores de laboratorio deben aclararse espec\u00edficamente. Una revisi\u00f3n muestra solapamientos considerables entre ambos trastornos en la infancia. La disfunci\u00f3n de la serotonina, la carencia de hierro y las deficiencias de vitamina D podr\u00edan ser causas comunes. El art\u00edculo explica las caracter\u00edsticas cl\u00ednicas distintivas y ofrece consejos pr\u00e1cticos para el diagn\u00f3stico y el tratamiento con el fin de evitar diagn\u00f3sticos err\u00f3neos y tratamientos innecesarios.    <\/strong><\/p>\n\n<div class=\"pmpro\"><div class=\"pmpro_card pmpro_content_message\"><div class=\"pmpro_card_content\">Dieser Inhalt ist nur f\u00fcr Benutzer der Gruppe: Medizinische Fachperson zug\u00e4nglich <br \/><a href=\"https:\/\/medizinonline.com\/es\/mi-cuenta\/paquetes\/\">Jetzt beitreten<\/a><\/div><div class=\"pmpro_card_actions pmpro_font-medium\">\u00bfYa eres miembro? <a href=\"https:\/\/medizinonline.com\/es\/conectarse\/?redirect_to=https%3A%2F%2Fmedizinonline.com%2Fes%2Frelacion-entre-el-sindrome-de-las-piernas-inquietas-y-los-dolores-de-crecimiento%2F\">Accede aqu\u00ed<\/a><\/div><\/div><\/div>","protected":false},"excerpt":{"rendered":"<p>Cu\u00e1ndo los &#8220;dolores de crecimiento&#8221; est\u00e1n causados en realidad por el s\u00edndrome de las piernas inquietas. Qu\u00e9 valores de laboratorio deben aclararse espec\u00edficamente. Una revisi\u00f3n muestra solapamientos considerables entre ambos&#8230;&hellip;... <\/p>\n<div class=\"pmpro\"><div class=\"pmpro_card pmpro_content_message\"><div class=\"pmpro_card_content\">Dieser Inhalt ist nur f\u00fcr Benutzer der Gruppe: Medizinische Fachperson zug\u00e4nglich <br \/><a href=\"https:\/\/medizinonline.com\/es\/mi-cuenta\/paquetes\/\">Jetzt beitreten<\/a><\/div><div class=\"pmpro_card_actions pmpro_font-medium\">\u00bfYa eres miembro? <a href=\"https:\/\/medizinonline.com\/es\/conectarse\/?redirect_to=https%3A%2F%2Fmedizinonline.com%2Fes%2Frelacion-entre-el-sindrome-de-las-piernas-inquietas-y-los-dolores-de-crecimiento%2F\">Accede aqu\u00ed<\/a><\/div><\/div><\/div>","protected":false},"author":7,"featured_media":550390,"comment_status":"closed","ping_status":"closed","sticky":false,"template":"","format":"standard","meta":{"_acf_changed":false,"pmpro_default_level":"","cat_1_feature_home_top":false,"cat_2_editor_pick":false,"csco_eyebrow_text":"S\u00edndrome de las piernas inquietas en la infancia","footnotes":""},"category":[11475,11478,11328,11398,11402,11552],"tags":[12715,88884,88885,42985,25510,32633,70398,13104],"powerkit_post_featured":[],"class_list":["post-550389","post","type-post","status-publish","format-standard","has-post-thumbnail","category-estudios","category-formacion-continua","category-neurologia","category-ortopedia","category-pediatria","category-rx-es","tag-deficiencia-de-hierro","tag-dolores-crecientes","tag-dolores-de-crecimiento","tag-piernas-inquietas","tag-sindrome-de-las-piernas-inquietas","tag-spi","tag-vitamina-d-es-2","tag-vitamina-d-es","pmpro-level-required","pmpro-level-1","pmpro-no-access"],"acf":[],"publishpress_future_action":{"enabled":false,"date":"2026-05-05 16:47:38","action":"change-status","newStatus":"draft","terms":[],"taxonomy":"category","extraData":[]},"publishpress_future_workflow_manual_trigger":{"enabledWorkflows":[]},"wpml_current_locale":"es_ES","wpml_translations":[],"_links":{"self":[{"href":"https:\/\/medizinonline.com\/es\/wp-json\/wp\/v2\/posts\/550389","targetHints":{"allow":["GET"]}}],"collection":[{"href":"https:\/\/medizinonline.com\/es\/wp-json\/wp\/v2\/posts"}],"about":[{"href":"https:\/\/medizinonline.com\/es\/wp-json\/wp\/v2\/types\/post"}],"author":[{"embeddable":true,"href":"https:\/\/medizinonline.com\/es\/wp-json\/wp\/v2\/users\/7"}],"replies":[{"embeddable":true,"href":"https:\/\/medizinonline.com\/es\/wp-json\/wp\/v2\/comments?post=550389"}],"version-history":[{"count":1,"href":"https:\/\/medizinonline.com\/es\/wp-json\/wp\/v2\/posts\/550389\/revisions"}],"predecessor-version":[{"id":550391,"href":"https:\/\/medizinonline.com\/es\/wp-json\/wp\/v2\/posts\/550389\/revisions\/550391"}],"wp:featuredmedia":[{"embeddable":true,"href":"https:\/\/medizinonline.com\/es\/wp-json\/wp\/v2\/media\/550390"}],"wp:attachment":[{"href":"https:\/\/medizinonline.com\/es\/wp-json\/wp\/v2\/media?parent=550389"}],"wp:term":[{"taxonomy":"category","embeddable":true,"href":"https:\/\/medizinonline.com\/es\/wp-json\/wp\/v2\/category?post=550389"},{"taxonomy":"post_tag","embeddable":true,"href":"https:\/\/medizinonline.com\/es\/wp-json\/wp\/v2\/tags?post=550389"},{"taxonomy":"powerkit_post_featured","embeddable":true,"href":"https:\/\/medizinonline.com\/es\/wp-json\/wp\/v2\/powerkit_post_featured?post=550389"}],"curies":[{"name":"wp","href":"https:\/\/api.w.org\/{rel}","templated":true}]}}