{"id":550858,"date":"2026-03-16T12:30:00","date_gmt":"2026-03-16T11:30:00","guid":{"rendered":"https:\/\/medizinonline.com\/?p=550858"},"modified":"2026-03-16T12:39:16","modified_gmt":"2026-03-16T11:39:16","slug":"no-subestime-la-carga-sintomatica","status":"publish","type":"post","link":"https:\/\/medizinonline.com\/es\/no-subestime-la-carga-sintomatica\/","title":{"rendered":"No subestime la carga sintom\u00e1tica"},"content":{"rendered":"\n<p><strong>El eccema seborreico est\u00e1 causado por una compleja interacci\u00f3n de disbiosis, deterioro de la funci\u00f3n de barrera de la piel y desregulaci\u00f3n inmunol\u00f3gica. Se produce preferentemente en zonas ricas en gl\u00e1ndulas seb\u00e1ceas y se asocia a diversos grados de picor. Un reciente estudio prospectivo de adultos con dermatitis seborreica mostr\u00f3 que el 51% sufr\u00eda un alto nivel de estr\u00e9s y alrededor del 48% de fatiga. Alrededor de un tercio se sent\u00eda estigmatizado y m\u00e1s de una cuarta parte mostraba s\u00edntomas de depresi\u00f3n.     <\/strong><\/p>\n\n<div class=\"pmpro\"><div class=\"pmpro_card pmpro_content_message\"><div class=\"pmpro_card_content\">Dieser Inhalt ist nur f\u00fcr Benutzer der Gruppe: Medizinische Fachperson zug\u00e4nglich <br \/><a href=\"https:\/\/medizinonline.com\/es\/mi-cuenta\/paquetes\/\">Jetzt beitreten<\/a><\/div><div class=\"pmpro_card_actions pmpro_font-medium\">\u00bfYa eres miembro? <a href=\"https:\/\/medizinonline.com\/es\/conectarse\/?redirect_to=https%3A%2F%2Fmedizinonline.com%2Fes%2Fno-subestime-la-carga-sintomatica%2F\">Accede aqu\u00ed<\/a><\/div><\/div><\/div>","protected":false},"excerpt":{"rendered":"<p>El eccema seborreico est\u00e1 causado por una compleja interacci\u00f3n de disbiosis, deterioro de la funci\u00f3n de barrera de la piel y desregulaci\u00f3n inmunol\u00f3gica. Se produce preferentemente en zonas ricas en&#8230;&hellip;... <\/p>\n<div class=\"pmpro\"><div class=\"pmpro_card pmpro_content_message\"><div class=\"pmpro_card_content\">Dieser Inhalt ist nur f\u00fcr Benutzer der Gruppe: Medizinische Fachperson zug\u00e4nglich <br \/><a href=\"https:\/\/medizinonline.com\/es\/mi-cuenta\/paquetes\/\">Jetzt beitreten<\/a><\/div><div class=\"pmpro_card_actions pmpro_font-medium\">\u00bfYa eres miembro? <a href=\"https:\/\/medizinonline.com\/es\/conectarse\/?redirect_to=https%3A%2F%2Fmedizinonline.com%2Fes%2Fno-subestime-la-carga-sintomatica%2F\">Accede aqu\u00ed<\/a><\/div><\/div><\/div>","protected":false},"author":7,"featured_media":550862,"comment_status":"closed","ping_status":"closed","sticky":false,"template":"","format":"standard","meta":{"_acf_changed":false,"pmpro_default_level":"","cat_1_feature_home_top":false,"cat_2_editor_pick":false,"csco_eyebrow_text":"Dermatitis seborreica en adultos","footnotes":"[{\"id\":\"f164916c-6f80-4f7c-a7f8-7c975e186ca7\",\"content\":\"<em>En la actualidad se carece de biomarcadores validados para la dermatitis seborreica, pero algunos enfoques de investigaci\\u00f3n est\\u00e1n proporcionando perspectivas prometedoras; por ejemplo, el an\\u00e1lisis del transcriptoma mediante una t\\u00e9cnica no invasiva de cinta adhesiva ha permitido recientemente el perfil molecular de la dermatitis seborreica [5,19].<\\\/em>\"}]"},"category":[11298,11310,11475,11408,11478,11552],"tags":[89118,70182,16509,89110,18947,89114,89127,16512,75906,89119,89106,89122,89104,89090,73333,89098,89092,89101,89095],"powerkit_post_featured":[],"class_list":["post-550858","post","type-post","status-publish","format-standard","has-post-thumbnail","category-alergologia-e-inmunologia-clinica","category-dermatologia-y-venereologia","category-estudios","category-farmacologia-y-toxicologia","category-formacion-continua","category-rx-es","tag-betnovate","tag-carga-sintomatica","tag-champu","tag-champu-anticaspa","tag-crema","tag-crema-antimicotica","tag-dermafuson","tag-dermatitis-seborreica","tag-elocom-es","tag-fucicort","tag-furoato-de-mometasona","tag-fusicutaneo","tag-hidrocortisona","tag-keto-med","tag-ketoconazol-es","tag-locoid","tag-nizoral","tag-piritiona-de-zinc","tag-squa-med","pmpro-level-required","pmpro-level-1","pmpro-no-access"],"acf":[],"publishpress_future_action":{"enabled":false,"date":"2026-05-06 12:45:06","action":"change-status","newStatus":"draft","terms":[],"taxonomy":"category","extraData":[]},"publishpress_future_workflow_manual_trigger":{"enabledWorkflows":[]},"wpml_current_locale":"es_ES","wpml_translations":[],"_links":{"self":[{"href":"https:\/\/medizinonline.com\/es\/wp-json\/wp\/v2\/posts\/550858","targetHints":{"allow":["GET"]}}],"collection":[{"href":"https:\/\/medizinonline.com\/es\/wp-json\/wp\/v2\/posts"}],"about":[{"href":"https:\/\/medizinonline.com\/es\/wp-json\/wp\/v2\/types\/post"}],"author":[{"embeddable":true,"href":"https:\/\/medizinonline.com\/es\/wp-json\/wp\/v2\/users\/7"}],"replies":[{"embeddable":true,"href":"https:\/\/medizinonline.com\/es\/wp-json\/wp\/v2\/comments?post=550858"}],"version-history":[{"count":1,"href":"https:\/\/medizinonline.com\/es\/wp-json\/wp\/v2\/posts\/550858\/revisions"}],"predecessor-version":[{"id":550867,"href":"https:\/\/medizinonline.com\/es\/wp-json\/wp\/v2\/posts\/550858\/revisions\/550867"}],"wp:featuredmedia":[{"embeddable":true,"href":"https:\/\/medizinonline.com\/es\/wp-json\/wp\/v2\/media\/550862"}],"wp:attachment":[{"href":"https:\/\/medizinonline.com\/es\/wp-json\/wp\/v2\/media?parent=550858"}],"wp:term":[{"taxonomy":"category","embeddable":true,"href":"https:\/\/medizinonline.com\/es\/wp-json\/wp\/v2\/category?post=550858"},{"taxonomy":"post_tag","embeddable":true,"href":"https:\/\/medizinonline.com\/es\/wp-json\/wp\/v2\/tags?post=550858"},{"taxonomy":"powerkit_post_featured","embeddable":true,"href":"https:\/\/medizinonline.com\/es\/wp-json\/wp\/v2\/powerkit_post_featured?post=550858"}],"curies":[{"name":"wp","href":"https:\/\/api.w.org\/{rel}","templated":true}]}}