{"id":551621,"date":"2026-04-05T23:00:16","date_gmt":"2026-04-05T21:00:16","guid":{"rendered":"https:\/\/medizinonline.com\/?p=551621"},"modified":"2026-04-05T23:00:33","modified_gmt":"2026-04-05T21:00:33","slug":"colaboracion-multidisciplinar-entre-neumologia-alergologia-y-orl","status":"publish","type":"post","link":"https:\/\/medizinonline.com\/es\/colaboracion-multidisciplinar-entre-neumologia-alergologia-y-orl\/","title":{"rendered":"Colaboraci\u00f3n multidisciplinar entre neumolog\u00eda, alergolog\u00eda y ORL"},"content":{"rendered":"\n<p><strong>El asma eosinof\u00edlica grave (AEE) y la rinosinusitis cr\u00f3nica con p\u00f3lipos nasales (RSCrNP) son entidades cl\u00ednicas superpuestas que est\u00e1n unidas por una base fisiopatol\u00f3gica com\u00fan de inflamaci\u00f3n de tipo 2. La frecuente coocurrencia de estas enfermedades plantea complejos retos diagn\u00f3sticos y terap\u00e9uticos que a menudo requieren una coordinaci\u00f3n multidisciplinar. <\/strong><\/p>\n\n<div class=\"pmpro\"><div class=\"pmpro_card pmpro_content_message\"><div class=\"pmpro_card_content\">Dieser Inhalt ist nur f\u00fcr Benutzer der Gruppe: Medizinische Fachperson zug\u00e4nglich <br \/><a href=\"https:\/\/medizinonline.com\/es\/mi-cuenta\/paquetes\/\">Jetzt beitreten<\/a><\/div><div class=\"pmpro_card_actions pmpro_font-medium\">\u00bfYa eres miembro? <a href=\"https:\/\/medizinonline.com\/es\/conectarse\/?redirect_to=https%3A%2F%2Fmedizinonline.com%2Fes%2Fcolaboracion-multidisciplinar-entre-neumologia-alergologia-y-orl%2F\">Accede aqu\u00ed<\/a><\/div><\/div><\/div>","protected":false},"excerpt":{"rendered":"<p>El asma eosinof\u00edlica grave (AEE) y la rinosinusitis cr\u00f3nica con p\u00f3lipos nasales (RSCrNP) son entidades cl\u00ednicas superpuestas que est\u00e1n unidas por una base fisiopatol\u00f3gica com\u00fan de inflamaci\u00f3n de tipo 2&#8230;.&hellip;... <\/p>\n<div class=\"pmpro\"><div class=\"pmpro_card pmpro_content_message\"><div class=\"pmpro_card_content\">Dieser Inhalt ist nur f\u00fcr Benutzer der Gruppe: Medizinische Fachperson zug\u00e4nglich <br \/><a href=\"https:\/\/medizinonline.com\/es\/mi-cuenta\/paquetes\/\">Jetzt beitreten<\/a><\/div><div class=\"pmpro_card_actions pmpro_font-medium\">\u00bfYa eres miembro? <a href=\"https:\/\/medizinonline.com\/es\/conectarse\/?redirect_to=https%3A%2F%2Fmedizinonline.com%2Fes%2Fcolaboracion-multidisciplinar-entre-neumologia-alergologia-y-orl%2F\">Accede aqu\u00ed<\/a><\/div><\/div><\/div>","protected":false},"author":7,"featured_media":551622,"comment_status":"closed","ping_status":"closed","sticky":false,"template":"","format":"standard","meta":{"_acf_changed":false,"pmpro_default_level":"","cat_1_feature_home_top":false,"cat_2_editor_pick":false,"csco_eyebrow_text":"Asma grave y CRSwNP  ","footnotes":""},"category":[11298,11478,11288,11424,11393,11552],"tags":[90303,12425,12426,90304,66223,90302,18476,16523,90301],"powerkit_post_featured":[],"class_list":["post-551621","post","type-post","status-publish","format-standard","has-post-thumbnail","category-alergologia-e-inmunologia-clinica","category-formacion-continua","category-medicina-interna-general","category-neumologia","category-orl-es","category-rx-es","tag-asma-eosinofilica-grave","tag-biologicos-es","tag-crswnp-es","tag-entidades-clinicas","tag-inflamacion-de-tipo-2","tag-mar","tag-orl-es","tag-rinosinusitis-cronica-con-polipos-nasales","tag-tratamiento-multidisciplinar","pmpro-level-required","pmpro-level-1","pmpro-no-access"],"acf":[],"publishpress_future_action":{"enabled":false,"date":"2026-05-03 20:37:14","action":"change-status","newStatus":"draft","terms":[],"taxonomy":"category","extraData":[]},"publishpress_future_workflow_manual_trigger":{"enabledWorkflows":[]},"wpml_current_locale":"es_ES","wpml_translations":[],"_links":{"self":[{"href":"https:\/\/medizinonline.com\/es\/wp-json\/wp\/v2\/posts\/551621","targetHints":{"allow":["GET"]}}],"collection":[{"href":"https:\/\/medizinonline.com\/es\/wp-json\/wp\/v2\/posts"}],"about":[{"href":"https:\/\/medizinonline.com\/es\/wp-json\/wp\/v2\/types\/post"}],"author":[{"embeddable":true,"href":"https:\/\/medizinonline.com\/es\/wp-json\/wp\/v2\/users\/7"}],"replies":[{"embeddable":true,"href":"https:\/\/medizinonline.com\/es\/wp-json\/wp\/v2\/comments?post=551621"}],"version-history":[{"count":1,"href":"https:\/\/medizinonline.com\/es\/wp-json\/wp\/v2\/posts\/551621\/revisions"}],"predecessor-version":[{"id":551623,"href":"https:\/\/medizinonline.com\/es\/wp-json\/wp\/v2\/posts\/551621\/revisions\/551623"}],"wp:featuredmedia":[{"embeddable":true,"href":"https:\/\/medizinonline.com\/es\/wp-json\/wp\/v2\/media\/551622"}],"wp:attachment":[{"href":"https:\/\/medizinonline.com\/es\/wp-json\/wp\/v2\/media?parent=551621"}],"wp:term":[{"taxonomy":"category","embeddable":true,"href":"https:\/\/medizinonline.com\/es\/wp-json\/wp\/v2\/category?post=551621"},{"taxonomy":"post_tag","embeddable":true,"href":"https:\/\/medizinonline.com\/es\/wp-json\/wp\/v2\/tags?post=551621"},{"taxonomy":"powerkit_post_featured","embeddable":true,"href":"https:\/\/medizinonline.com\/es\/wp-json\/wp\/v2\/powerkit_post_featured?post=551621"}],"curies":[{"name":"wp","href":"https:\/\/api.w.org\/{rel}","templated":true}]}}