{"id":552084,"date":"2026-03-30T12:56:48","date_gmt":"2026-03-30T10:56:48","guid":{"rendered":"https:\/\/medizinonline.com\/causas-clonales-o-reactivas\/"},"modified":"2026-03-30T13:28:57","modified_gmt":"2026-03-30T11:28:57","slug":"causas-clonales-o-reactivas","status":"publish","type":"post","link":"https:\/\/medizinonline.com\/es\/causas-clonales-o-reactivas\/","title":{"rendered":"\u00bfCausas clonales o reactivas?"},"content":{"rendered":"\n<p><strong>El abanico de causas de las alteraciones del hemograma es diverso. La punci\u00f3n de la m\u00e9dula \u00f3sea debe realizarse en un umbral bajo si hay se\u00f1ales de alarma y se lleva a cabo, por ejemplo, para confirmar el diagn\u00f3stico de una leucemia linfobl\u00e1stica B (LLA-B). Una aclaraci\u00f3n r\u00e1pida y eficaz tambi\u00e9n es esencial en caso de trombocitopenia. La p\u00farpura tromb\u00f3tica trombocitop\u00e9nica (PTT) es una microangiopat\u00eda tromb\u00f3tica potencialmente mortal causada por una deficiencia de la enzima ADAMTS13.     <\/strong><\/p>\n\n<div class=\"pmpro\"><div class=\"pmpro_card pmpro_content_message\"><div class=\"pmpro_card_content\">Dieser Inhalt ist nur f\u00fcr Benutzer der Gruppe: Medizinische Fachperson zug\u00e4nglich <br \/><a href=\"https:\/\/medizinonline.com\/es\/mi-cuenta\/paquetes\/\">Jetzt beitreten<\/a><\/div><div class=\"pmpro_card_actions pmpro_font-medium\">\u00bfYa eres miembro? <a href=\"https:\/\/medizinonline.com\/es\/conectarse\/?redirect_to=https%3A%2F%2Fmedizinonline.com%2Fes%2Fcausas-clonales-o-reactivas%2F\">Accede aqu\u00ed<\/a><\/div><\/div><\/div>","protected":false},"excerpt":{"rendered":"<p>El abanico de causas de las alteraciones del hemograma es diverso. La punci\u00f3n de la m\u00e9dula \u00f3sea debe realizarse en un umbral bajo si hay se\u00f1ales de alarma y se&#8230;&hellip;... <\/p>\n<div class=\"pmpro\"><div class=\"pmpro_card pmpro_content_message\"><div class=\"pmpro_card_content\">Dieser Inhalt ist nur f\u00fcr Benutzer der Gruppe: Medizinische Fachperson zug\u00e4nglich <br \/><a href=\"https:\/\/medizinonline.com\/es\/mi-cuenta\/paquetes\/\">Jetzt beitreten<\/a><\/div><div class=\"pmpro_card_actions pmpro_font-medium\">\u00bfYa eres miembro? <a href=\"https:\/\/medizinonline.com\/es\/conectarse\/?redirect_to=https%3A%2F%2Fmedizinonline.com%2Fes%2Fcausas-clonales-o-reactivas%2F\">Accede aqu\u00ed<\/a><\/div><\/div><\/div>","protected":false},"author":7,"featured_media":552085,"comment_status":"closed","ping_status":"closed","sticky":false,"template":"","format":"standard","meta":{"_acf_changed":false,"pmpro_default_level":"","cat_1_feature_home_top":false,"cat_2_editor_pick":false,"csco_eyebrow_text":"Anomal\u00edas plaquetarias y leucocitarias  ","footnotes":""},"category":[11493,11483,11475,11321,11336,11552],"tags":[90552,90555,90558,90553,90557,90554,90556,15846,30275],"powerkit_post_featured":[],"class_list":["post-552084","post","type-post","status-publish","format-standard","has-post-thumbnail","category-casos","category-el-congreso-informa","category-estudios","category-hematologia","category-oncologia","category-rx-es","tag-anomalias-leucocitarias","tag-anomalias-plaquetarias","tag-b-all","tag-cambios-en-el-recuento-sanguineo","tag-causas-clonales","tag-causas-reactivas","tag-leucemia-linfoblastica","tag-trombocitopenia-es","tag-ttp-es","pmpro-level-required","pmpro-level-1","pmpro-no-access"],"acf":[],"publishpress_future_action":{"enabled":false,"date":"2026-05-04 20:19:56","action":"change-status","newStatus":"draft","terms":[],"taxonomy":"category","extraData":[]},"publishpress_future_workflow_manual_trigger":{"enabledWorkflows":[]},"wpml_current_locale":"es_ES","wpml_translations":[],"_links":{"self":[{"href":"https:\/\/medizinonline.com\/es\/wp-json\/wp\/v2\/posts\/552084","targetHints":{"allow":["GET"]}}],"collection":[{"href":"https:\/\/medizinonline.com\/es\/wp-json\/wp\/v2\/posts"}],"about":[{"href":"https:\/\/medizinonline.com\/es\/wp-json\/wp\/v2\/types\/post"}],"author":[{"embeddable":true,"href":"https:\/\/medizinonline.com\/es\/wp-json\/wp\/v2\/users\/7"}],"replies":[{"embeddable":true,"href":"https:\/\/medizinonline.com\/es\/wp-json\/wp\/v2\/comments?post=552084"}],"version-history":[{"count":1,"href":"https:\/\/medizinonline.com\/es\/wp-json\/wp\/v2\/posts\/552084\/revisions"}],"predecessor-version":[{"id":552086,"href":"https:\/\/medizinonline.com\/es\/wp-json\/wp\/v2\/posts\/552084\/revisions\/552086"}],"wp:featuredmedia":[{"embeddable":true,"href":"https:\/\/medizinonline.com\/es\/wp-json\/wp\/v2\/media\/552085"}],"wp:attachment":[{"href":"https:\/\/medizinonline.com\/es\/wp-json\/wp\/v2\/media?parent=552084"}],"wp:term":[{"taxonomy":"category","embeddable":true,"href":"https:\/\/medizinonline.com\/es\/wp-json\/wp\/v2\/category?post=552084"},{"taxonomy":"post_tag","embeddable":true,"href":"https:\/\/medizinonline.com\/es\/wp-json\/wp\/v2\/tags?post=552084"},{"taxonomy":"powerkit_post_featured","embeddable":true,"href":"https:\/\/medizinonline.com\/es\/wp-json\/wp\/v2\/powerkit_post_featured?post=552084"}],"curies":[{"name":"wp","href":"https:\/\/api.w.org\/{rel}","templated":true}]}}