{"id":559143,"date":"2026-08-01T23:36:18","date_gmt":"2026-08-01T21:36:18","guid":{"rendered":"https:\/\/medizinonline.com\/?p=559143"},"modified":"2026-08-01T23:36:24","modified_gmt":"2026-08-01T21:36:24","slug":"fomento-de-la-cicatrizacion-de-heridas-mediante-terapias-genicas-y-extracto-de-corteza-de-abedul","status":"publish","type":"post","link":"https:\/\/medizinonline.com\/es\/fomento-de-la-cicatrizacion-de-heridas-mediante-terapias-genicas-y-extracto-de-corteza-de-abedul\/","title":{"rendered":"Fomento de la cicatrizaci\u00f3n de heridas mediante terapias g\u00e9nicas y extracto de corteza de abedul"},"content":{"rendered":"\n<p class=\"wp-block-paragraph\"><strong>La epiderm\u00f3lisis bullosa (EB) requiere un tratamiento interdisciplinario que se adapte al subtipo de EB diagnosticado. Recientemente se han autorizado nuevos enfoques terap\u00e9uticos para mejorar el tratamiento sintom\u00e1tico. Mientras que un preparado en forma de gel, que contiene un extracto seco altamente concentrado de corteza de abedul, obtuvo el a\u00f1o pasado la autorizaci\u00f3n de Swissmedic, Beremagen-Geperpavec no est\u00e1 autorizado actualmente en Suiza, a diferencia de lo que ocurre en la UE y en EE. UU. Otra opci\u00f3n terap\u00e9utica innovadora autorizada por la FDA es Prademagen-Zamikeracel.   <\/strong><\/p>\n\n<div class=\"pmpro\"><div class=\"pmpro_card pmpro_content_message\"><div class=\"pmpro_card_content\">Dieser Inhalt ist nur f\u00fcr Benutzer der Gruppe: Medizinische Fachperson zug\u00e4nglich <br \/><a href=\"https:\/\/medizinonline.com\/es\/mi-cuenta\/paquetes\/\">Jetzt beitreten<\/a><\/div><div class=\"pmpro_card_actions pmpro_font-medium\">\u00bfYa eres miembro? <a href=\"https:\/\/medizinonline.com\/es\/conectarse\/?redirect_to=https%3A%2F%2Fmedizinonline.com%2Fes%2Ffomento-de-la-cicatrizacion-de-heridas-mediante-terapias-genicas-y-extracto-de-corteza-de-abedul%2F\">Accede aqu\u00ed<\/a><\/div><\/div><\/div>","protected":false},"excerpt":{"rendered":"<p>La epiderm\u00f3lisis bullosa (EB) requiere un tratamiento interdisciplinario que se adapte al subtipo de EB diagnosticado. Recientemente se han autorizado nuevos enfoques terap\u00e9uticos para mejorar el tratamiento sintom\u00e1tico. Mientras que&#8230;&hellip;... <\/p>\n<div class=\"pmpro\"><div class=\"pmpro_card pmpro_content_message\"><div class=\"pmpro_card_content\">Dieser Inhalt ist nur f\u00fcr Benutzer der Gruppe: Medizinische Fachperson zug\u00e4nglich <br \/><a href=\"https:\/\/medizinonline.com\/es\/mi-cuenta\/paquetes\/\">Jetzt beitreten<\/a><\/div><div class=\"pmpro_card_actions pmpro_font-medium\">\u00bfYa eres miembro? <a href=\"https:\/\/medizinonline.com\/es\/conectarse\/?redirect_to=https%3A%2F%2Fmedizinonline.com%2Fes%2Ffomento-de-la-cicatrizacion-de-heridas-mediante-terapias-genicas-y-extracto-de-corteza-de-abedul%2F\">Accede aqu\u00ed<\/a><\/div><\/div><\/div>","protected":false},"author":7,"featured_media":559147,"comment_status":"closed","ping_status":"closed","sticky":false,"template":"","format":"standard","meta":{"_acf_changed":false,"pmpro_default_level":"","cat_1_feature_home_top":false,"cat_2_editor_pick":false,"csco_eyebrow_text":"Epiderm\u00f3lisis bullosa  ","footnotes":"","_members_access_role":[],"_members_access_error":""},"category":[11552,11310,11475,11408,74323,11478,11364,11402],"tags":[94937,29498,94931,94935,94939,94936,94938,94933],"powerkit_post_featured":[],"class_list":["post-559143","post","type-post","status-publish","format-standard","has-post-thumbnail","category-rx-es","category-dermatologia-y-venereologia","category-estudios","category-farmacologia-y-toxicologia","category-fitoterapia-es","category-formacion-continua","category-genetica","category-pediatria","tag-beremagen-geperpavec","tag-epidermolisis-bullosa","tag-extracto-de-corteza-de-abedul","tag-fomento-de-la-cicatrizacion-de-las-heridas","tag-prademagen-zamikeracel","tag-preparado-en-gel","tag-subtipo-eb","tag-terapias-genicas","pmpro-level-required","pmpro-level-1","pmpro-no-access"],"acf":[],"publishpress_future_action":{"enabled":false,"date":"2026-09-08 11:36:28","action":"change-status","newStatus":"draft","terms":[],"taxonomy":"category","extraData":[]},"publishpress_future_workflow_manual_trigger":{"enabledWorkflows":[]},"wpml_current_locale":"es_ES","wpml_translations":[],"_links":{"self":[{"href":"https:\/\/medizinonline.com\/es\/wp-json\/wp\/v2\/posts\/559143","targetHints":{"allow":["GET"]}}],"collection":[{"href":"https:\/\/medizinonline.com\/es\/wp-json\/wp\/v2\/posts"}],"about":[{"href":"https:\/\/medizinonline.com\/es\/wp-json\/wp\/v2\/types\/post"}],"author":[{"embeddable":true,"href":"https:\/\/medizinonline.com\/es\/wp-json\/wp\/v2\/users\/7"}],"replies":[{"embeddable":true,"href":"https:\/\/medizinonline.com\/es\/wp-json\/wp\/v2\/comments?post=559143"}],"version-history":[{"count":1,"href":"https:\/\/medizinonline.com\/es\/wp-json\/wp\/v2\/posts\/559143\/revisions"}],"predecessor-version":[{"id":559148,"href":"https:\/\/medizinonline.com\/es\/wp-json\/wp\/v2\/posts\/559143\/revisions\/559148"}],"wp:featuredmedia":[{"embeddable":true,"href":"https:\/\/medizinonline.com\/es\/wp-json\/wp\/v2\/media\/559147"}],"wp:attachment":[{"href":"https:\/\/medizinonline.com\/es\/wp-json\/wp\/v2\/media?parent=559143"}],"wp:term":[{"taxonomy":"category","embeddable":true,"href":"https:\/\/medizinonline.com\/es\/wp-json\/wp\/v2\/category?post=559143"},{"taxonomy":"post_tag","embeddable":true,"href":"https:\/\/medizinonline.com\/es\/wp-json\/wp\/v2\/tags?post=559143"},{"taxonomy":"powerkit_post_featured","embeddable":true,"href":"https:\/\/medizinonline.com\/es\/wp-json\/wp\/v2\/powerkit_post_featured?post=559143"}],"curies":[{"name":"wp","href":"https:\/\/api.w.org\/{rel}","templated":true}]}}