{"id":564294,"date":"2026-08-28T04:00:00","date_gmt":"2026-08-28T02:00:00","guid":{"rendered":"https:\/\/medizinonline.com\/temas-de-actualidad-en-el-punto-de-mira\/"},"modified":"2026-08-28T04:00:00","modified_gmt":"2026-08-28T02:00:00","slug":"temas-de-actualidad-en-el-punto-de-mira","status":"publish","type":"post","link":"https:\/\/medizinonline.com\/es\/temas-de-actualidad-en-el-punto-de-mira\/","title":{"rendered":"\u00abTemas de actualidad\u00bb en el punto de mira"},"content":{"rendered":"<p>... <\/p>\n<div class=\"pmpro\"><div class=\"pmpro_card pmpro_content_message\"><div class=\"pmpro_card_content\">Dieser Inhalt ist nur f\u00fcr Benutzer der Gruppe: Medizinische Fachperson zug\u00e4nglich <br \/><a href=\"https:\/\/medizinonline.com\/es\/mi-cuenta\/paquetes\/\">Jetzt beitreten<\/a><\/div><div class=\"pmpro_card_actions pmpro_font-medium\">\u00bfYa eres miembro? <a href=\"https:\/\/medizinonline.com\/es\/conectarse\/?redirect_to=https%3A%2F%2Fmedizinonline.com%2Fes%2Ftemas-de-actualidad-en-el-punto-de-mira%2F\">Accede aqu\u00ed<\/a><\/div><\/div><\/div>","protected":false},"excerpt":{"rendered":"<p>&#8230; Dieser Inhalt ist nur f\u00fcr Benutzer der Gruppe: Medizinische Fachperson zug\u00e4nglich Jetzt beitreten\u00bfYa eres miembro? Accede aqu\u00ed... <\/p>\n<div class=\"pmpro\"><div class=\"pmpro_card pmpro_content_message\"><div class=\"pmpro_card_content\">Dieser Inhalt ist nur f\u00fcr Benutzer der Gruppe: Medizinische Fachperson zug\u00e4nglich <br \/><a href=\"https:\/\/medizinonline.com\/es\/mi-cuenta\/paquetes\/\">Jetzt beitreten<\/a><\/div><div class=\"pmpro_card_actions pmpro_font-medium\">\u00bfYa eres miembro? <a href=\"https:\/\/medizinonline.com\/es\/conectarse\/?redirect_to=https%3A%2F%2Fmedizinonline.com%2Fes%2Ftemas-de-actualidad-en-el-punto-de-mira%2F\">Accede aqu\u00ed<\/a><\/div><\/div><\/div>","protected":false},"author":7,"featured_media":564301,"comment_status":"closed","ping_status":"closed","sticky":false,"template":"","format":"standard","meta":{"_acf_changed":false,"pmpro_default_level":"","cat_1_feature_home_top":false,"cat_2_editor_pick":false,"csco_eyebrow_text":"Acn\u00e9 vulgar: opciones terap\u00e9uticas t\u00f3picas y sist\u00e9micas  ","footnotes":"","_members_access_role":[],"_members_access_error":""},"category":[11552,11298,11310,11483,11475,11408,11372],"tags":[29065,100384,14634,100388,100387,100385,100391,100378,100382,100376,100389,100383,100386,100381,100379,100377,100380,55348,100390,24113,12599,14632],"powerkit_post_featured":[],"class_list":["post-564294","post","type-post","status-publish","format-standard","has-post-thumbnail","category-rx-es","category-alergologia-e-inmunologia-clinica","category-dermatologia-y-venereologia","category-el-congreso-informa","category-estudios","category-farmacologia-y-toxicologia","category-infectologia","tag-acne-vulgar-es","tag-adapaleno","tag-aklief-es","tag-akne-mycin","tag-aknilox-gel","tag-antibioticos-topicos","tag-benzac-gel","tag-bpo","tag-cb-03-01","tag-clascoteron","tag-dalacin","tag-differin","tag-eritromicina","tag-inhibidor-del-receptor-de-androgenos","tag-isotretinoina-oral","tag-peroxido-de-benzoilo","tag-riesgo-carcinogeno","tag-roaccutane-es","tag-skinoren","tag-terapia-sistemica-es","tag-terapia-topica-es","tag-trifaroteno-es","pmpro-level-required","pmpro-level-1","pmpro-no-access"],"acf":[],"publishpress_future_action":{"enabled":false,"date":"2026-09-13 11:50:50","action":"change-status","newStatus":"draft","terms":[],"taxonomy":"category","extraData":[]},"publishpress_future_workflow_manual_trigger":{"enabledWorkflows":[]},"wpml_current_locale":"es_ES","wpml_translations":[],"_links":{"self":[{"href":"https:\/\/medizinonline.com\/es\/wp-json\/wp\/v2\/posts\/564294","targetHints":{"allow":["GET"]}}],"collection":[{"href":"https:\/\/medizinonline.com\/es\/wp-json\/wp\/v2\/posts"}],"about":[{"href":"https:\/\/medizinonline.com\/es\/wp-json\/wp\/v2\/types\/post"}],"author":[{"embeddable":true,"href":"https:\/\/medizinonline.com\/es\/wp-json\/wp\/v2\/users\/7"}],"replies":[{"embeddable":true,"href":"https:\/\/medizinonline.com\/es\/wp-json\/wp\/v2\/comments?post=564294"}],"version-history":[{"count":0,"href":"https:\/\/medizinonline.com\/es\/wp-json\/wp\/v2\/posts\/564294\/revisions"}],"wp:featuredmedia":[{"embeddable":true,"href":"https:\/\/medizinonline.com\/es\/wp-json\/wp\/v2\/media\/564301"}],"wp:attachment":[{"href":"https:\/\/medizinonline.com\/es\/wp-json\/wp\/v2\/media?parent=564294"}],"wp:term":[{"taxonomy":"category","embeddable":true,"href":"https:\/\/medizinonline.com\/es\/wp-json\/wp\/v2\/category?post=564294"},{"taxonomy":"post_tag","embeddable":true,"href":"https:\/\/medizinonline.com\/es\/wp-json\/wp\/v2\/tags?post=564294"},{"taxonomy":"powerkit_post_featured","embeddable":true,"href":"https:\/\/medizinonline.com\/es\/wp-json\/wp\/v2\/powerkit_post_featured?post=564294"}],"curies":[{"name":"wp","href":"https:\/\/api.w.org\/{rel}","templated":true}]}}