{"id":564364,"date":"2026-08-26T14:00:00","date_gmt":"2026-08-26T12:00:00","guid":{"rendered":"https:\/\/medizinonline.com\/la-guia-recomienda-ademas-de-los-anticuerpos-anti-ige-los-anticuerpos-anti-il-4%ce%b1-y-la-inhibicion-de-la-btk\/"},"modified":"2026-09-04T09:40:24","modified_gmt":"2026-09-04T07:40:24","slug":"la-guia-recomienda-ademas-de-los-anticuerpos-anti-ige-los-anticuerpos-anti-il-4%ce%b1-y-la-inhibicion-de-la-btk","status":"publish","type":"post","link":"https:\/\/medizinonline.com\/es\/la-guia-recomienda-ademas-de-los-anticuerpos-anti-ige-los-anticuerpos-anti-il-4%ce%b1-y-la-inhibicion-de-la-btk\/","title":{"rendered":"La gu\u00eda recomienda, adem\u00e1s de los anticuerpos anti-IgE, los anticuerpos anti-IL-4\u03b1 y la inhibici\u00f3n de la BTK"},"content":{"rendered":"\n<p class=\"wp-block-paragraph\"><strong>En la nueva edici\u00f3n de la gu\u00eda internacional sobre la urticaria, publicada en 2026, se han incorporado los conocimientos m\u00e1s recientes sobre la patog\u00e9nesis y las opciones terap\u00e9uticas. La urticaria cr\u00f3nica espont\u00e1nea (UCE) abarca diferentes endotipos inmunol\u00f3gicos con implicaciones para la elecci\u00f3n del f\u00e1rmaco biol\u00f3gico o de \u00abmol\u00e9culas peque\u00f1as\u00bb m\u00e1s adecuado. Adem\u00e1s del omalizumab, en la UE se dispone de otro anticuerpo monoclonal, el dupilumab, como tratamiento complementario; asimismo, el inhibidor oral de la BTK, el remibrutinib, ha obtenido entretanto la autorizaci\u00f3n de la EMA, y tambi\u00e9n en Suiza se ha autorizado recientemente el remibrutinib.<\/strong><\/p>\n\n<div class=\"pmpro\"><div class=\"pmpro_card pmpro_content_message\"><div class=\"pmpro_card_content\">Dieser Inhalt ist nur f\u00fcr Benutzer der Gruppe: Medizinische Fachperson zug\u00e4nglich <br \/><a href=\"https:\/\/medizinonline.com\/es\/mi-cuenta\/paquetes\/\">Jetzt beitreten<\/a><\/div><div class=\"pmpro_card_actions pmpro_font-medium\">\u00bfYa eres miembro? <a href=\"https:\/\/medizinonline.com\/es\/conectarse\/?redirect_to=https%3A%2F%2Fmedizinonline.com%2Fes%2Fla-guia-recomienda-ademas-de-los-anticuerpos-anti-ige-los-anticuerpos-anti-il-4%25ce%25b1-y-la-inhibicion-de-la-btk%2F\">Accede aqu\u00ed<\/a><\/div><\/div><\/div>","protected":false},"excerpt":{"rendered":"<p>En la nueva edici\u00f3n de la gu\u00eda internacional sobre la urticaria, publicada en 2026, se han incorporado los conocimientos m\u00e1s recientes sobre la patog\u00e9nesis y las opciones terap\u00e9uticas. La urticaria&#8230;&hellip;... <\/p>\n<div class=\"pmpro\"><div class=\"pmpro_card pmpro_content_message\"><div class=\"pmpro_card_content\">Dieser Inhalt ist nur f\u00fcr Benutzer der Gruppe: Medizinische Fachperson zug\u00e4nglich <br \/><a href=\"https:\/\/medizinonline.com\/es\/mi-cuenta\/paquetes\/\">Jetzt beitreten<\/a><\/div><div class=\"pmpro_card_actions pmpro_font-medium\">\u00bfYa eres miembro? <a href=\"https:\/\/medizinonline.com\/es\/conectarse\/?redirect_to=https%3A%2F%2Fmedizinonline.com%2Fes%2Fla-guia-recomienda-ademas-de-los-anticuerpos-anti-ige-los-anticuerpos-anti-il-4%25ce%25b1-y-la-inhibicion-de-la-btk%2F\">Accede aqu\u00ed<\/a><\/div><\/div><\/div>","protected":false},"author":7,"featured_media":564365,"comment_status":"closed","ping_status":"closed","sticky":false,"template":"","format":"standard","meta":{"_acf_changed":false,"pmpro_default_level":"","cat_1_feature_home_top":false,"cat_2_editor_pick":false,"csco_eyebrow_text":"Urticaria cr\u00f3nica: tratamiento en pacientes refractarios a los antihistam\u00ednicos  ","footnotes":"","_members_access_role":[],"_members_access_error":""},"category":[11552,11298,11310,11483,11475],"tags":[100486,100483,82453,28116,62610,13573,100488,100485,100487,15601,13562,100484,84809,100490,100489,72047,18122],"powerkit_post_featured":[],"class_list":["post-564364","post","type-post","status-publish","format-standard","has-post-thumbnail","category-rx-es","category-alergologia-e-inmunologia-clinica","category-dermatologia-y-venereologia","category-el-congreso-informa","category-estudios","tag-anticuerpos-anti-ige","tag-anticuerpos-anti-il-4-","tag-barzolvolimab-es","tag-biologico","tag-csu-es","tag-dupilumab-es","tag-embarq-csu","tag-inhibicion-de-la-btk-2","tag-liberty-csu-cupid","tag-moleculas-pequenas","tag-omalizumab-es","tag-refractaria-a-los-antihistaminicos","tag-remibrutinib-es","tag-remix","tag-rhapsido","tag-urticaria-cronica-es","tag-urticaria-cronica-espontanea","pmpro-level-required","pmpro-level-1","pmpro-no-access"],"acf":[],"publishpress_future_action":{"enabled":false,"date":"2026-09-13 11:49:45","action":"change-status","newStatus":"draft","terms":[],"taxonomy":"category","extraData":[]},"publishpress_future_workflow_manual_trigger":{"enabledWorkflows":[]},"wpml_current_locale":"es_ES","wpml_translations":[],"_links":{"self":[{"href":"https:\/\/medizinonline.com\/es\/wp-json\/wp\/v2\/posts\/564364","targetHints":{"allow":["GET"]}}],"collection":[{"href":"https:\/\/medizinonline.com\/es\/wp-json\/wp\/v2\/posts"}],"about":[{"href":"https:\/\/medizinonline.com\/es\/wp-json\/wp\/v2\/types\/post"}],"author":[{"embeddable":true,"href":"https:\/\/medizinonline.com\/es\/wp-json\/wp\/v2\/users\/7"}],"replies":[{"embeddable":true,"href":"https:\/\/medizinonline.com\/es\/wp-json\/wp\/v2\/comments?post=564364"}],"version-history":[{"count":1,"href":"https:\/\/medizinonline.com\/es\/wp-json\/wp\/v2\/posts\/564364\/revisions"}],"predecessor-version":[{"id":564366,"href":"https:\/\/medizinonline.com\/es\/wp-json\/wp\/v2\/posts\/564364\/revisions\/564366"}],"wp:featuredmedia":[{"embeddable":true,"href":"https:\/\/medizinonline.com\/es\/wp-json\/wp\/v2\/media\/564365"}],"wp:attachment":[{"href":"https:\/\/medizinonline.com\/es\/wp-json\/wp\/v2\/media?parent=564364"}],"wp:term":[{"taxonomy":"category","embeddable":true,"href":"https:\/\/medizinonline.com\/es\/wp-json\/wp\/v2\/category?post=564364"},{"taxonomy":"post_tag","embeddable":true,"href":"https:\/\/medizinonline.com\/es\/wp-json\/wp\/v2\/tags?post=564364"},{"taxonomy":"powerkit_post_featured","embeddable":true,"href":"https:\/\/medizinonline.com\/es\/wp-json\/wp\/v2\/powerkit_post_featured?post=564364"}],"curies":[{"name":"wp","href":"https:\/\/api.w.org\/{rel}","templated":true}]}}