{"id":26138,"count":2,"description":"","link":"https:\/\/medizinonline.com\/es\/tag\/proliferacion-de-celulas-plasmaticas\/","name":"Proliferaci\u00f3n de c\u00e9lulas plasm\u00e1ticas","slug":"proliferacion-de-celulas-plasmaticas","taxonomy":"post_tag","meta":[],"_links":{"self":[{"href":"https:\/\/medizinonline.com\/es\/wp-json\/wp\/v2\/tags\/26138","targetHints":{"allow":["GET"]}}],"collection":[{"href":"https:\/\/medizinonline.com\/es\/wp-json\/wp\/v2\/tags"}],"about":[{"href":"https:\/\/medizinonline.com\/es\/wp-json\/wp\/v2\/taxonomies\/post_tag"}],"wp:post_type":[{"href":"https:\/\/medizinonline.com\/es\/wp-json\/wp\/v2\/posts?tags=26138"},{"href":"https:\/\/medizinonline.com\/es\/wp-json\/wp\/v2\/article_rx?tags=26138"},{"href":"https:\/\/medizinonline.com\/es\/wp-json\/wp\/v2\/post_dl?tags=26138"},{"href":"https:\/\/medizinonline.com\/es\/wp-json\/wp\/v2\/tribe_events?tags=26138"},{"href":"https:\/\/medizinonline.com\/es\/wp-json\/wp\/v2\/tec_calendar_embed?tags=26138"}],"curies":[{"name":"wp","href":"https:\/\/api.w.org\/{rel}","templated":true}]}}