{"id":75654,"count":1,"description":"","link":"https:\/\/medizinonline.com\/es\/tag\/implicaciones-de-la-mejora-clinica-acumulativa-y-prolongada-inducida-por-el-acido-hialuronico-reticulado\/","name":"Implicaciones de la mejora cl\u00ednica acumulativa y prolongada inducida por el \u00e1cido hialur\u00f3nico reticulado","slug":"implicaciones-de-la-mejora-clinica-acumulativa-y-prolongada-inducida-por-el-acido-hialuronico-reticulado","taxonomy":"post_tag","meta":[],"_links":{"self":[{"href":"https:\/\/medizinonline.com\/es\/wp-json\/wp\/v2\/tags\/75654","targetHints":{"allow":["GET"]}}],"collection":[{"href":"https:\/\/medizinonline.com\/es\/wp-json\/wp\/v2\/tags"}],"about":[{"href":"https:\/\/medizinonline.com\/es\/wp-json\/wp\/v2\/taxonomies\/post_tag"}],"wp:post_type":[{"href":"https:\/\/medizinonline.com\/es\/wp-json\/wp\/v2\/posts?tags=75654"},{"href":"https:\/\/medizinonline.com\/es\/wp-json\/wp\/v2\/article_rx?tags=75654"},{"href":"https:\/\/medizinonline.com\/es\/wp-json\/wp\/v2\/post_dl?tags=75654"},{"href":"https:\/\/medizinonline.com\/es\/wp-json\/wp\/v2\/tribe_events?tags=75654"},{"href":"https:\/\/medizinonline.com\/es\/wp-json\/wp\/v2\/tec_calendar_embed?tags=75654"}],"curies":[{"name":"wp","href":"https:\/\/api.w.org\/{rel}","templated":true}]}}