{"id":88024,"count":1,"description":"","link":"https:\/\/medizinonline.com\/es\/tag\/mutacion-de-la-via-de-senalizacion-de-la-map-quinasa\/","name":"Mutaci\u00f3n de la v\u00eda de se\u00f1alizaci\u00f3n de la MAP quinasa","slug":"mutacion-de-la-via-de-senalizacion-de-la-map-quinasa","taxonomy":"post_tag","meta":[],"_links":{"self":[{"href":"https:\/\/medizinonline.com\/es\/wp-json\/wp\/v2\/tags\/88024","targetHints":{"allow":["GET"]}}],"collection":[{"href":"https:\/\/medizinonline.com\/es\/wp-json\/wp\/v2\/tags"}],"about":[{"href":"https:\/\/medizinonline.com\/es\/wp-json\/wp\/v2\/taxonomies\/post_tag"}],"wp:post_type":[{"href":"https:\/\/medizinonline.com\/es\/wp-json\/wp\/v2\/posts?tags=88024"},{"href":"https:\/\/medizinonline.com\/es\/wp-json\/wp\/v2\/article_rx?tags=88024"},{"href":"https:\/\/medizinonline.com\/es\/wp-json\/wp\/v2\/post_dl?tags=88024"},{"href":"https:\/\/medizinonline.com\/es\/wp-json\/wp\/v2\/tribe_events?tags=88024"},{"href":"https:\/\/medizinonline.com\/es\/wp-json\/wp\/v2\/tec_calendar_embed?tags=88024"}],"curies":[{"name":"wp","href":"https:\/\/api.w.org\/{rel}","templated":true}]}}