{"id":89825,"count":1,"description":"","link":"https:\/\/medizinonline.com\/es\/tag\/fomento-de-las-vias-de-senalizacion-proliferativas-y-antiapoptoticas\/","name":"Fomento de las v\u00edas de se\u00f1alizaci\u00f3n proliferativas y antiapopt\u00f3ticas","slug":"fomento-de-las-vias-de-senalizacion-proliferativas-y-antiapoptoticas","taxonomy":"post_tag","meta":[],"_links":{"self":[{"href":"https:\/\/medizinonline.com\/es\/wp-json\/wp\/v2\/tags\/89825","targetHints":{"allow":["GET"]}}],"collection":[{"href":"https:\/\/medizinonline.com\/es\/wp-json\/wp\/v2\/tags"}],"about":[{"href":"https:\/\/medizinonline.com\/es\/wp-json\/wp\/v2\/taxonomies\/post_tag"}],"wp:post_type":[{"href":"https:\/\/medizinonline.com\/es\/wp-json\/wp\/v2\/posts?tags=89825"},{"href":"https:\/\/medizinonline.com\/es\/wp-json\/wp\/v2\/article_rx?tags=89825"},{"href":"https:\/\/medizinonline.com\/es\/wp-json\/wp\/v2\/post_dl?tags=89825"},{"href":"https:\/\/medizinonline.com\/es\/wp-json\/wp\/v2\/tribe_events?tags=89825"},{"href":"https:\/\/medizinonline.com\/es\/wp-json\/wp\/v2\/tec_calendar_embed?tags=89825"}],"curies":[{"name":"wp","href":"https:\/\/api.w.org\/{rel}","templated":true}]}}