{"id":89975,"count":1,"description":"","link":"https:\/\/medizinonline.com\/es\/tag\/transduccion-de-la-senalizacion-del-egfr\/","name":"Transducci\u00f3n de la se\u00f1alizaci\u00f3n del EGFR","slug":"transduccion-de-la-senalizacion-del-egfr","taxonomy":"post_tag","meta":[],"_links":{"self":[{"href":"https:\/\/medizinonline.com\/es\/wp-json\/wp\/v2\/tags\/89975","targetHints":{"allow":["GET"]}}],"collection":[{"href":"https:\/\/medizinonline.com\/es\/wp-json\/wp\/v2\/tags"}],"about":[{"href":"https:\/\/medizinonline.com\/es\/wp-json\/wp\/v2\/taxonomies\/post_tag"}],"wp:post_type":[{"href":"https:\/\/medizinonline.com\/es\/wp-json\/wp\/v2\/posts?tags=89975"},{"href":"https:\/\/medizinonline.com\/es\/wp-json\/wp\/v2\/article_rx?tags=89975"},{"href":"https:\/\/medizinonline.com\/es\/wp-json\/wp\/v2\/post_dl?tags=89975"},{"href":"https:\/\/medizinonline.com\/es\/wp-json\/wp\/v2\/tribe_events?tags=89975"},{"href":"https:\/\/medizinonline.com\/es\/wp-json\/wp\/v2\/tec_calendar_embed?tags=89975"}],"curies":[{"name":"wp","href":"https:\/\/api.w.org\/{rel}","templated":true}]}}