{"id":13945,"date":"2020-05-18T14:49:53","date_gmt":"2020-05-18T12:49:53","guid":{"rendered":"http:\/\/127.0.0.1\/mig\/prof-roger-lehmann-dans-linterview-video-sur-covid-19\/"},"modified":"2023-01-16T07:44:12","modified_gmt":"2023-01-16T06:44:12","slug":"prof-roger-lehmann-dans-linterview-video-sur-covid-19","status":"publish","type":"post","link":"https:\/\/medizinonline.com\/fr\/prof-roger-lehmann-dans-linterview-video-sur-covid-19\/","title":{"rendered":"Prof. Roger Lehmann dans l\u2019interview vid\u00e9o sur COVID-19"},"content":{"rendered":"<p>Le risque d\u2019infection au COVID-19 n\u2019est pas plus \u00e9lev\u00e9 chez les patients atteints d\u2019un diab\u00e8te bien contr\u00f4l\u00e9 que dans la population g\u00e9n\u00e9rale.<sup>1 <\/sup>Cependant, la situation est tr\u00e8s diff\u00e9rente en cas de comorbidit\u00e9s<sup>2<\/sup>. <strong>\u00c0 quoi devez-vous faire attention?<\/strong><\/p>\n<p>Le professeur Dr. m\u00e9d. Roger Lehmann, directeur adjoint de la clinique, clinique d\u2019endocrinologie, de diab\u00e9tologie et de nutrition clinique, H\u00f4pital Universitaire de Zurich r\u00e9pond \u00e0 ces questions et \u00e0 d\u2019autres dans la vid\u00e9o.<\/p>\n<p><!--more--><\/p>\n<p><iframe data-src=\"https:\/\/player.vimeo.com\/video\/410961649\" width=\"640\" height=\"480\" frameborder=\"0\" src=\"data:image\/svg+xml;base64,PHN2ZyB3aWR0aD0iMSIgaGVpZ2h0PSIxIiB4bWxucz0iaHR0cDovL3d3dy53My5vcmcvMjAwMC9zdmciPjwvc3ZnPg==\" class=\"lazyload\" data-load-mode=\"1\"><\/iframe><\/p>\n<p><span style=\"color: #4d4d4d; font-family: arial,helvetica,sans-serif; font-size: 9px;\">Le contenu de cette interview vid\u00e9o est destin\u00e9 \u00e0 fournir des informations g\u00e9n\u00e9rales sur le domaine de la maladie mentionn\u00e9 et ne pr\u00e9tend pas \u00eatre exhaustif ou complet. L&#8217;interview refl\u00e8te l&#8217;opinion personnelle et ind\u00e9pendante du Prof. Dr. med. Roger Lehmann et est destin\u00e9e aux professionnels de la sant\u00e9 travaillant en Suisse. Tous les droits, en particulier les droits d&#8217;auteur, de cette interview vid\u00e9o sont la propri\u00e9t\u00e9 exclusive de Mundipharma Medical Company, succursale de B\u00e2le (&#8220;Mundipharma&#8221;). La vid\u00e9o ne peut \u00eatre modifi\u00e9e, compl\u00e9t\u00e9e ou redistribu\u00e9e sans l&#8217;accord expr\u00e8s de Mundipharma.<\/span><\/p>\n<p><span style=\"color: #4d4d4d; font-family: arial,helvetica,sans-serif; font-size: 9px;\">1. Office f\u00e9d\u00e9ral de la sant\u00e9 publique. Coronavirus : mieux prot\u00e9ger les personnes vuln\u00e9rables et \u00e9valuer l\u2019impact \u00e9conomique de l\u2019\u00e9pid\u00e9mie https:\/\/www.bag.admin.ch\/bag\/fr\/home\/das-bag\/aktuell\/medienmitteilungen.msg-id-78381.html. Last access: 01.04.2020<\/span><\/p>\n<p><span style=\"color: #4d4d4d; font-family: arial,helvetica,sans-serif; font-size: 9px;\">2. Soci\u00e9t\u00e9 Suisse d\u2019Endocrinologie et de Diab\u00e9tologie. Information concernant le COVID-19 et la situation pour les patients adultes avec un diab\u00e8te sucr\u00e9. https:\/\/www.sgedssed.ch\/fileadmin\/user_upload\/8_News\/SGED_Information_Corona_F_def.pdf. Last access: 01.04.2020.\u00a0<\/span><\/p>\n","protected":false},"excerpt":{"rendered":"<p>Le risque d\u2019infection au COVID-19 n\u2019est pas plus \u00e9lev\u00e9 chez les patients atteints d\u2019un diab\u00e8te bien contr\u00f4l\u00e9 que dans la population g\u00e9n\u00e9rale.1 Cependant, la situation est tr\u00e8s diff\u00e9rente en cas&hellip;<\/p>\n","protected":false},"author":12,"featured_media":13944,"comment_status":"closed","ping_status":"closed","sticky":false,"template":"","format":"standard","meta":{"_acf_changed":false,"pmpro_default_level":"","cat_1_feature_home_top":false,"cat_2_editor_pick":false,"csco_eyebrow_text":"Diabetes Cases","footnotes":""},"category":[11549],"tags":[],"powerkit_post_featured":[],"class_list":["post-13945","post","type-post","status-publish","format-standard","has-post-thumbnail","category-rx-fr","pmpro-has-access"],"acf":[],"publishpress_future_action":{"enabled":false,"date":"2026-05-03 20:30:29","action":"change-status","newStatus":"draft","terms":[],"taxonomy":"category","extraData":[]},"publishpress_future_workflow_manual_trigger":{"enabledWorkflows":[]},"wpml_current_locale":"fr_FR","wpml_translations":{"it_IT":{"locale":"it_IT","id":323698,"slug":"il-prof-roger-lehmann-in-unintervista-video-su-covid-19","post_title":"Il Prof. Roger Lehmann in un'intervista video su COVID-19","href":"https:\/\/medizinonline.com\/it\/il-prof-roger-lehmann-in-unintervista-video-su-covid-19\/"},"pt_PT":{"locale":"pt_PT","id":323699,"slug":"prof-roger-lehmann-numa-entrevista-em-video-sobre-covid-19","post_title":"Prof. Roger Lehmann numa entrevista em v\u00eddeo sobre COVID-19","href":"https:\/\/medizinonline.com\/pt-pt\/prof-roger-lehmann-numa-entrevista-em-video-sobre-covid-19\/"},"es_ES":{"locale":"es_ES","id":323701,"slug":"el-prof-roger-lehmann-en-una-entrevista-en-video-sobre-covid-19","post_title":"El Prof. Roger Lehmann en una entrevista en v\u00eddeo sobre COVID-19","href":"https:\/\/medizinonline.com\/es\/el-prof-roger-lehmann-en-una-entrevista-en-video-sobre-covid-19\/"}},"_links":{"self":[{"href":"https:\/\/medizinonline.com\/fr\/wp-json\/wp\/v2\/posts\/13945","targetHints":{"allow":["GET"]}}],"collection":[{"href":"https:\/\/medizinonline.com\/fr\/wp-json\/wp\/v2\/posts"}],"about":[{"href":"https:\/\/medizinonline.com\/fr\/wp-json\/wp\/v2\/types\/post"}],"author":[{"embeddable":true,"href":"https:\/\/medizinonline.com\/fr\/wp-json\/wp\/v2\/users\/12"}],"replies":[{"embeddable":true,"href":"https:\/\/medizinonline.com\/fr\/wp-json\/wp\/v2\/comments?post=13945"}],"version-history":[{"count":3,"href":"https:\/\/medizinonline.com\/fr\/wp-json\/wp\/v2\/posts\/13945\/revisions"}],"predecessor-version":[{"id":323692,"href":"https:\/\/medizinonline.com\/fr\/wp-json\/wp\/v2\/posts\/13945\/revisions\/323692"}],"wp:featuredmedia":[{"embeddable":true,"href":"https:\/\/medizinonline.com\/fr\/wp-json\/wp\/v2\/media\/13944"}],"wp:attachment":[{"href":"https:\/\/medizinonline.com\/fr\/wp-json\/wp\/v2\/media?parent=13945"}],"wp:term":[{"taxonomy":"category","embeddable":true,"href":"https:\/\/medizinonline.com\/fr\/wp-json\/wp\/v2\/category?post=13945"},{"taxonomy":"post_tag","embeddable":true,"href":"https:\/\/medizinonline.com\/fr\/wp-json\/wp\/v2\/tags?post=13945"},{"taxonomy":"powerkit_post_featured","embeddable":true,"href":"https:\/\/medizinonline.com\/fr\/wp-json\/wp\/v2\/powerkit_post_featured?post=13945"}],"curies":[{"name":"wp","href":"https:\/\/api.w.org\/{rel}","templated":true}]}}