{"id":19728,"date":"2022-09-07T07:45:37","date_gmt":"2022-09-07T05:45:37","guid":{"rendered":"http:\/\/127.0.0.1\/mig\/options-therapeutiques-supplementaires-disponibles-en-cas-darthrite-psoriasique-1\/"},"modified":"2023-12-18T16:16:30","modified_gmt":"2023-12-18T15:16:30","slug":"options-therapeutiques-supplementaires-disponibles-en-cas-darthrite-psoriasique-1","status":"publish","type":"post","link":"https:\/\/medizinonline.com\/fr\/options-therapeutiques-supplementaires-disponibles-en-cas-darthrite-psoriasique-1\/","title":{"rendered":"Options th\u00e9rapeutiques suppl\u00e9mentaires disponibles en cas d\u2019arthrite psoriasique [1]"},"content":{"rendered":"\n<p><span style=\"font-size: 14px;\"><strong>L\u2019arthrite psoriasique (APs) touche environ un patient sur trois atteint de psoriasis et, non trait\u00e9e, elle peut provoquer des l\u00e9sions physiques importantes et une r\u00e9duction de la qualit\u00e9 de vie [2, 3]&nbsp;Gr\u00e2ce au remboursement r\u00e9cent d&#8217;un agent biologique par les caisses-maladie, les adultes atteints d\u2019APs peuvent d\u00e9sormais profiter d\u2019une option th\u00e9rapeutique efficace \u00e0 long terme, dot\u00e9e d\u2019un profil de s\u00e9curit\u00e9 stable et d\u2019un mode d\u2019application agr\u00e9able pour le patient [1,4,5].<\/strong><\/span><\/p>\n\n\n\n<div class=\"pmpro\"><div class=\"pmpro_card pmpro_content_message\"><div class=\"pmpro_card_content\">Dieser Inhalt ist nur f\u00fcr Benutzer der Gruppe: Medizinische Fachperson zug\u00e4nglich <br \/><a href=\"https:\/\/medizinonline.com\/fr\/mon-compte\/paquets\/\">Jetzt beitreten<\/a><\/div><div class=\"pmpro_card_actions pmpro_font-medium\">Already a member? <a href=\"https:\/\/medizinonline.com\/fr\/se-connecter\/?redirect_to=https%3A%2F%2Fmedizinonline.com%2Ffr%2Foptions-therapeutiques-supplementaires-disponibles-en-cas-darthrite-psoriasique-1%2F\">Connectez-vous ici<\/a><\/div><\/div><\/div>","protected":false},"excerpt":{"rendered":"<p>L\u2019arthrite psoriasique (APs) touche environ un patient sur trois atteint de psoriasis et, non trait\u00e9e, elle peut provoquer des l\u00e9sions physiques importantes et une r\u00e9duction de la qualit\u00e9 de vie&#8230;&hellip;... <\/p>\n<div class=\"pmpro\"><div class=\"pmpro_card pmpro_content_message\"><div class=\"pmpro_card_content\">Dieser Inhalt ist nur f\u00fcr Benutzer der Gruppe: Medizinische Fachperson zug\u00e4nglich <br \/><a href=\"https:\/\/medizinonline.com\/fr\/mon-compte\/paquets\/\">Jetzt beitreten<\/a><\/div><div class=\"pmpro_card_actions pmpro_font-medium\">Already a member? <a href=\"https:\/\/medizinonline.com\/fr\/se-connecter\/?redirect_to=https%3A%2F%2Fmedizinonline.com%2Ffr%2Foptions-therapeutiques-supplementaires-disponibles-en-cas-darthrite-psoriasique-1%2F\">Connectez-vous ici<\/a><\/div><\/div><\/div>","protected":false},"author":14,"featured_media":19725,"comment_status":"closed","ping_status":"closed","sticky":false,"template":"","format":"standard","meta":{"_acf_changed":false,"pmpro_default_level":"0","cat_1_feature_home_top":false,"cat_2_editor_pick":false,"csco_eyebrow_text":"Les agents biologiques en rhumatologie","footnotes":""},"category":[11549,11345,11362,11362,11345,11505,11505,11549],"tags":[11684,11998],"powerkit_post_featured":[],"class_list":{"0":"post-19728","1":"post","2":"type-post","3":"status-publish","4":"format-standard","5":"has-post-thumbnail","6":"category-rx-fr","7":"category-contenu-des-partenaires","8":"category-dermatologie-et-venerologie","11":"category-rhumatologie","14":"tag-maladies-rhumatismales-inflammatoires-faits-et-experiences","15":"tag-maladies-rhumatismales-inflammatoires-faits-et-experiences-fr","16":"pmpro-level-required","17":"pmpro-level-1","18":"pmpro-no-access"},"acf":[],"publishpress_future_action":{"enabled":false,"date":"2026-05-05 07:29:17","action":"change-status","newStatus":"draft","terms":[],"taxonomy":"category","extraData":[]},"publishpress_future_workflow_manual_trigger":{"enabledWorkflows":[]},"wpml_current_locale":"fr_FR","wpml_translations":{"it_IT":{"locale":"it_IT","id":322740,"slug":"sono-disponibili-ulteriori-opzioni-terapeutiche-per-lartrite-psoriasica-1","post_title":"Sono disponibili ulteriori opzioni terapeutiche per l'artrite psoriasica [1].","href":"https:\/\/medizinonline.com\/it\/sono-disponibili-ulteriori-opzioni-terapeutiche-per-lartrite-psoriasica-1\/"},"pt_PT":{"locale":"pt_PT","id":322743,"slug":"outra-opcao-terapeutica-disponivel-para-a-artrite-psoriasica-1","post_title":"Outra op\u00e7\u00e3o terap\u00eautica dispon\u00edvel para a artrite psori\u00e1sica [1].","href":"https:\/\/medizinonline.com\/pt-pt\/outra-opcao-terapeutica-disponivel-para-a-artrite-psoriasica-1\/"},"es_ES":{"locale":"es_ES","id":322738,"slug":"existe-otra-opcion-terapeutica-para-la-artritis-psoriasica-1","post_title":"Existe otra opci\u00f3n terap\u00e9utica para la artritis psori\u00e1sica [1].","href":"https:\/\/medizinonline.com\/es\/existe-otra-opcion-terapeutica-para-la-artritis-psoriasica-1\/"}},"_links":{"self":[{"href":"https:\/\/medizinonline.com\/fr\/wp-json\/wp\/v2\/posts\/19728","targetHints":{"allow":["GET"]}}],"collection":[{"href":"https:\/\/medizinonline.com\/fr\/wp-json\/wp\/v2\/posts"}],"about":[{"href":"https:\/\/medizinonline.com\/fr\/wp-json\/wp\/v2\/types\/post"}],"author":[{"embeddable":true,"href":"https:\/\/medizinonline.com\/fr\/wp-json\/wp\/v2\/users\/14"}],"replies":[{"embeddable":true,"href":"https:\/\/medizinonline.com\/fr\/wp-json\/wp\/v2\/comments?post=19728"}],"version-history":[{"count":3,"href":"https:\/\/medizinonline.com\/fr\/wp-json\/wp\/v2\/posts\/19728\/revisions"}],"predecessor-version":[{"id":372902,"href":"https:\/\/medizinonline.com\/fr\/wp-json\/wp\/v2\/posts\/19728\/revisions\/372902"}],"wp:featuredmedia":[{"embeddable":true,"href":"https:\/\/medizinonline.com\/fr\/wp-json\/wp\/v2\/media\/19725"}],"wp:attachment":[{"href":"https:\/\/medizinonline.com\/fr\/wp-json\/wp\/v2\/media?parent=19728"}],"wp:term":[{"taxonomy":"category","embeddable":true,"href":"https:\/\/medizinonline.com\/fr\/wp-json\/wp\/v2\/category?post=19728"},{"taxonomy":"post_tag","embeddable":true,"href":"https:\/\/medizinonline.com\/fr\/wp-json\/wp\/v2\/tags?post=19728"},{"taxonomy":"powerkit_post_featured","embeddable":true,"href":"https:\/\/medizinonline.com\/fr\/wp-json\/wp\/v2\/powerkit_post_featured?post=19728"}],"curies":[{"name":"wp","href":"https:\/\/api.w.org\/{rel}","templated":true}]}}