{"id":324159,"date":"2022-11-18T00:00:00","date_gmt":"2022-11-17T23:00:00","guid":{"rendered":"https:\/\/medizinonline.com\/une-fleche-biologique-de-plus-dans-le-carquois\/"},"modified":"2022-11-18T00:00:00","modified_gmt":"2022-11-17T23:00:00","slug":"une-fleche-biologique-de-plus-dans-le-carquois","status":"publish","type":"post","link":"https:\/\/medizinonline.com\/fr\/une-fleche-biologique-de-plus-dans-le-carquois\/","title":{"rendered":"Une fl\u00e8che biologique de plus dans le carquois"},"content":{"rendered":"<p><strong>Dans sa mise \u00e0 jour de l&#8217;ann\u00e9e derni\u00e8re, la Global Initiative for Asthma (GINA) a \u00e9tabli deux voies (tracks) qui peuvent \u00eatre suivies pour traiter l&#8217;asthme bronchique. La mise \u00e0 jour GINA 2022 est rest\u00e9e fid\u00e8le \u00e0 ce sch\u00e9ma &#8211; la principale nouveaut\u00e9 \u00e9tant l&#8217;ajout d&#8217;options th\u00e9rapeutiques pour la forme s\u00e9v\u00e8re de la maladie au niveau 5.<\/strong><\/p>\n<p> <!--more--> <\/p>\n<p>La justification des deux voies de traitement <span style=\"font-family:franklin gothic demi\">(Fig.&nbsp;1)<\/span> a \u00e9t\u00e9 \u00e9tay\u00e9e dans la mise \u00e0 jour 2022 : la voie 1, avec le formot\u00e9rol des CSI comme m\u00e9dicament \u00e0 la demande \u00e0 travers les \u00e9tapes du traitement, est pr\u00e9f\u00e9r\u00e9e au SABA sur la base des r\u00e9sultats d&#8217;\u00e9tudes montrant un risque d&#8217;exacerbation plus faible et un contr\u00f4le des sympt\u00f4mes similaire ou meilleur en tant que rem\u00e9diateur. Une nouvelle option de traitement biologique pour l&#8217;asthme s\u00e9v\u00e8re de niveau&nbsp;5 a \u00e9t\u00e9 ajout\u00e9e : l&#8217;anti-Thymus-Stroma-Lymphopoietin (anti-TSLP).<\/p>\n<p>L&#8217;anticorps dirig\u00e9 contre la cytokine \u00e9pith\u00e9liale TSLP a \u00e9t\u00e9 autoris\u00e9 cette ann\u00e9e en Suisse pour les adultes et les enfants de plus de 12 ans souffrant d&#8217;asthme s\u00e9v\u00e8re non contr\u00f4l\u00e9. La TSLP est lib\u00e9r\u00e9e lorsque des d\u00e9clencheurs tels que des allerg\u00e8nes ou des virus sont lib\u00e9r\u00e9s et provoquent des exacerbations. Le blocage de TSLP est cens\u00e9 emp\u00eacher la lib\u00e9ration de cytokines pro-inflammatoires et donc avoir un effet pr\u00e9ventif qui entra\u00eene une diminution du taux d&#8217;exacerbation.<\/p>\n<h2 id=\"\">&nbsp;<\/h2>\n<h2 id=\"-2\"><img fetchpriority=\"high\" decoding=\"async\" class=\" size-full wp-image-19842\" alt=\"\" src=\"https:\/\/medizinonline.com\/wp-content\/uploads\/2022\/11\/abb1_pa3_s30_0.png\" style=\"height:455px; width:600px\" width=\"1100\" height=\"834\" srcset=\"https:\/\/medizinonline.com\/wp-content\/uploads\/2022\/11\/abb1_pa3_s30_0.png 1100w, https:\/\/medizinonline.com\/wp-content\/uploads\/2022\/11\/abb1_pa3_s30_0-800x607.png 800w, https:\/\/medizinonline.com\/wp-content\/uploads\/2022\/11\/abb1_pa3_s30_0-120x90.png 120w, https:\/\/medizinonline.com\/wp-content\/uploads\/2022\/11\/abb1_pa3_s30_0-90x68.png 90w, https:\/\/medizinonline.com\/wp-content\/uploads\/2022\/11\/abb1_pa3_s30_0-320x243.png 320w, https:\/\/medizinonline.com\/wp-content\/uploads\/2022\/11\/abb1_pa3_s30_0-560x425.png 560w\" sizes=\"(max-width: 1100px) 100vw, 1100px\" \/><\/h2>\n<h2 id=\"-3\">&nbsp;<\/h2>\n<h2 id=\"eosinophiles-et-feno-comme-predicteurs-de-la-reponse-anti-tslp\">Eosinophiles et FeNO comme pr\u00e9dicteurs de la r\u00e9ponse anti-TSLP<\/h2>\n<p>Dans des \u00e9tudes men\u00e9es chez des patients souffrant d&#8217;asthme s\u00e9v\u00e8re et d&#8217;exacerbations au cours des 12 derniers mois, l&#8217;anti-TSLP a entra\u00een\u00e9 une r\u00e9duction de 30 \u00e0 70% du taux d&#8217;exacerbation, associ\u00e9e \u00e0 une am\u00e9lioration de la qualit\u00e9 de vie, de la fonction pulmonaire et du contr\u00f4le des sympt\u00f4mes, ind\u00e9pendamment du statut allergique. Il y avait une corr\u00e9lation entre une ligne de base plus \u00e9lev\u00e9e d&#8217;\u00e9osinophiles sanguins ou de FeNO et un meilleur r\u00e9sultat clinique. Chez les patients prenant des SOC en traitement d&#8217;entretien, l&#8217;anti-TSLP n&#8217;a pas entra\u00een\u00e9 de r\u00e9duction de la dose de SOC par rapport au placebo. Le GINA consid\u00e8re donc des niveaux plus \u00e9lev\u00e9s d&#8217;\u00e9osinophiles et de FeNO comme de puissants pr\u00e9dicteurs potentiels d&#8217;une bonne r\u00e9ponse de l&#8217;asthme aux anti-TSLP.<\/p>\n<p>Les crit\u00e8res d&#8217;\u00e9ligibilit\u00e9 (en plus des crit\u00e8res d&#8217;asthme s\u00e9v\u00e8re) varient en fonction du payeur, mais incluent g\u00e9n\u00e9ralement des exacerbations s\u00e9v\u00e8res au cours des 12 derniers mois. Les anti-TSLP peuvent \u00e9galement \u00eatre envisag\u00e9s chez les patients sans marqueurs T2 \u00e9lev\u00e9s, \u00e9crivent les auteurs du guide.<\/p>\n<p>&nbsp;<\/p>\n<p>Litt\u00e9rature :<\/p>\n<ol>\n<li>Initiative mondiale pour l&#8217;asthme. Strat\u00e9gie mondiale pour la prise en charge et la pr\u00e9vention de l&#8217;asthme (mise \u00e0 jour 2022) ;&nbsp;https:\/\/ginasthma.org\/wp-content\/uploads\/2022\/07\/GINA-Main-Report-2022-FINAL-22-07-01-WMS.pdf.<\/li>\n<\/ol>\n<p>&nbsp;<\/p>\n<p><em>InFo PNEUMOLOGIE &amp; ALLERGOLOGIE 2022 ; 4(3) : 30<\/em><\/p>\n","protected":false},"excerpt":{"rendered":"<p>Dans sa mise \u00e0 jour de l&#8217;ann\u00e9e derni\u00e8re, la Global Initiative for Asthma (GINA) a \u00e9tabli deux voies (tracks) qui peuvent \u00eatre suivies pour traiter l&#8217;asthme bronchique. La mise \u00e0&hellip;<\/p>\n","protected":false},"author":7,"featured_media":125201,"comment_status":"closed","ping_status":"","sticky":false,"template":"","format":"standard","meta":{"_acf_changed":false,"pmpro_default_level":"","cat_1_feature_home_top":false,"cat_2_editor_pick":false,"csco_eyebrow_text":"Rapport GINA 2022","footnotes":""},"category":[11349,11527,11531,11477,11549],"tags":[12338,12853],"powerkit_post_featured":[],"class_list":["post-324159","post","type-post","status-publish","format-standard","has-post-thumbnail","category-allergologie-et-immunologie-clinique","category-etudes","category-formation-continue","category-pneumologie-fr","category-rx-fr","tag-asthme","tag-gina-fr","pmpro-has-access"],"acf":[],"publishpress_future_action":{"enabled":false,"date":"2026-05-08 11:11:05","action":"change-status","newStatus":"draft","terms":[],"taxonomy":"category","extraData":[]},"publishpress_future_workflow_manual_trigger":{"enabledWorkflows":[]},"wpml_current_locale":"fr_FR","wpml_translations":{"it_IT":{"locale":"it_IT","id":324158,"slug":"unaltra-freccia-dei-biologici-nella-faretra","post_title":"Un'altra freccia dei biologici nella faretra","href":"https:\/\/medizinonline.com\/it\/unaltra-freccia-dei-biologici-nella-faretra\/"},"pt_PT":{"locale":"pt_PT","id":324161,"slug":"mais-uma-seta-biologica-na-aljava","post_title":"Mais uma seta biol\u00f3gica na aljava","href":"https:\/\/medizinonline.com\/pt-pt\/mais-uma-seta-biologica-na-aljava\/"},"es_ES":{"locale":"es_ES","id":324171,"slug":"una-flecha-biologica-mas-en-la-aljaba","post_title":"Una flecha biol\u00f3gica m\u00e1s en la aljaba","href":"https:\/\/medizinonline.com\/es\/una-flecha-biologica-mas-en-la-aljaba\/"}},"_links":{"self":[{"href":"https:\/\/medizinonline.com\/fr\/wp-json\/wp\/v2\/posts\/324159","targetHints":{"allow":["GET"]}}],"collection":[{"href":"https:\/\/medizinonline.com\/fr\/wp-json\/wp\/v2\/posts"}],"about":[{"href":"https:\/\/medizinonline.com\/fr\/wp-json\/wp\/v2\/types\/post"}],"author":[{"embeddable":true,"href":"https:\/\/medizinonline.com\/fr\/wp-json\/wp\/v2\/users\/7"}],"replies":[{"embeddable":true,"href":"https:\/\/medizinonline.com\/fr\/wp-json\/wp\/v2\/comments?post=324159"}],"version-history":[{"count":0,"href":"https:\/\/medizinonline.com\/fr\/wp-json\/wp\/v2\/posts\/324159\/revisions"}],"wp:featuredmedia":[{"embeddable":true,"href":"https:\/\/medizinonline.com\/fr\/wp-json\/wp\/v2\/media\/125201"}],"wp:attachment":[{"href":"https:\/\/medizinonline.com\/fr\/wp-json\/wp\/v2\/media?parent=324159"}],"wp:term":[{"taxonomy":"category","embeddable":true,"href":"https:\/\/medizinonline.com\/fr\/wp-json\/wp\/v2\/category?post=324159"},{"taxonomy":"post_tag","embeddable":true,"href":"https:\/\/medizinonline.com\/fr\/wp-json\/wp\/v2\/tags?post=324159"},{"taxonomy":"powerkit_post_featured","embeddable":true,"href":"https:\/\/medizinonline.com\/fr\/wp-json\/wp\/v2\/powerkit_post_featured?post=324159"}],"curies":[{"name":"wp","href":"https:\/\/api.w.org\/{rel}","templated":true}]}}