{"id":324425,"date":"2022-10-27T01:00:00","date_gmt":"2022-10-26T23:00:00","guid":{"rendered":"https:\/\/medizinonline.com\/les-tumeurs-pulmonaires-exceptionnelles-en-pratique-clinique-quotidienne\/"},"modified":"2022-10-27T01:00:00","modified_gmt":"2022-10-26T23:00:00","slug":"les-tumeurs-pulmonaires-exceptionnelles-en-pratique-clinique-quotidienne","status":"publish","type":"post","link":"https:\/\/medizinonline.com\/fr\/les-tumeurs-pulmonaires-exceptionnelles-en-pratique-clinique-quotidienne\/","title":{"rendered":"Les tumeurs pulmonaires exceptionnelles en pratique clinique quotidienne"},"content":{"rendered":"<p><strong>Le diagnostic et le traitement des cancers du poumon font partie du quotidien des pneumologues. Lors des pr\u00e9sentations de posters dans le cadre du 62e congr\u00e8s de la Soci\u00e9t\u00e9 allemande de pneumologie et de m\u00e9decine respiratoire \u00e0 Leipzig (D), plusieurs cas ont \u00e9t\u00e9 pr\u00e9sent\u00e9s qui, en raison de leur approche, semblent non conventionnels &#8211; mais qui ont n\u00e9anmoins conduit \u00e0 un objectif th\u00e9rapeutique.<\/strong><\/p>\n<p> <!--more--> <\/p>\n<table border=\"1\" cellpadding=\"5\" cellspacing=\"1\" style=\"width:846px\">\n<tbody>\n<tr>\n<td style=\"width:830px\">\n<p><strong>Traitement par anticorps cibl\u00e9s pour le NSCLC m\u00e9tastatique&nbsp;avec fusion NRG1<\/strong><\/p>\n<p>Un cancer du poumon non \u00e0 petites cellules (NSCLC) a \u00e9t\u00e9 diagnostiqu\u00e9 dans le lobe inf\u00e9rieur du poumon gauche chez une patiente de 50 ans \u00e0 la mi-2019 (TNM : T2b, N3, M1c (LYM, OSS), St. IVb selon UICC 8e version 2017). Histologiquement, il s&#8217;agissait d&#8217;un ad\u00e9nocarcinome acineux sans mutation pilote dans l&#8217;analyse de pathologie mol\u00e9culaire bas\u00e9e sur le NGS. En premi\u00e8re ligne, 4 cycles de CT (cisplatine\/carboplatine, pemetrexed, pembrolizumab) ont \u00e9t\u00e9 administr\u00e9s, suivis de 5 cycles de traitement d&#8217;entretien par pemetrexed\/pembrolizumab ou pembrolizumab en monoth\u00e9rapie (07\/2019 \u00e0 01\/2020). Sous traitement d&#8217;entretien, le scanner a r\u00e9v\u00e9l\u00e9 une progression locale de la tumeur. Felix Maria Sch\u00f6nhofer et le Dr Claas Wesseler, Asklepios Klinikum Harburg, Hambourg (D), ont \u00e9crit qu&#8217;en cas de tabagisme r\u00e9nal, un nouveau diagnostic mol\u00e9culaire bas\u00e9 sur Archer a \u00e9t\u00e9 demand\u00e9 par vid\u00e9othoracoscopie avec r\u00e9section cun\u00e9iforme.<\/p>\n<p>Une fusion de g\u00e8nes a \u00e9t\u00e9 d\u00e9tect\u00e9e dans le g\u00e8ne NRG1. En raison du lockdown li\u00e9 \u00e0 la pand\u00e9mie en mars 2020, la patiente n&#8217;a pas pu participer \u00e0 une \u00e9tude randomis\u00e9e \u00e0 l&#8217;\u00e9tranger, de sorte qu&#8217;une th\u00e9rapie tumorale cibl\u00e9e avec le zenocutuzumab a \u00e9t\u00e9 mise en \u0153uvre par le biais d&#8217;un programme d&#8217;acc\u00e8s pr\u00e9coce en cycles de 3 semaines d&#8217;avril \u00e0 novembre 2020. Le carcinome a r\u00e9pondu au traitement par anticorps sous la forme d&#8217;une r\u00e9mission partielle. En plus de la toux et du suivi radiologique, l&#8217;effet a \u00e9t\u00e9 d\u00e9montr\u00e9 sur le marqueur tumoral CA19-9.<\/p>\n<p>En novembre 2020, un PET-CT a \u00e9t\u00e9 r\u00e9alis\u00e9 et la preuve d&#8217;une &#8220;progression lente&#8221; avec une augmentation du CA19-9 a \u00e9t\u00e9 apport\u00e9e. Conform\u00e9ment \u00e0 la recommandation de l&#8217;ESMO, les praticiens sont pass\u00e9s \u00e0 un traitement de troisi\u00e8me ligne par afatinib jusqu&#8217;en ao\u00fbt 2021, ce qui a entra\u00een\u00e9 une stabilisation de la tumeur \u00e0 une dose plus \u00e9lev\u00e9e de 50mg\/d, mais a \u00e9galement entra\u00een\u00e9 des effets secondaires importants tels que des diarrh\u00e9es chroniques. De m\u00eame, la chimioth\u00e9rapie (carboplatine\/gemcitabine) n&#8217;a pu \u00eatre appliqu\u00e9e qu&#8217;en deux cycles en raison des effets secondaires. De plus, le diagnostic a r\u00e9v\u00e9l\u00e9 des filiations c\u00e9r\u00e9brales symptomatiques.<\/p>\n<p>Les auteurs concluent que les pr\u00e9l\u00e8vements de tissus et le diagnostic de biologie mol\u00e9culaire doivent \u00eatre r\u00e9p\u00e9t\u00e9s afin de pouvoir \u00e9ventuellement mettre en \u0153uvre une pharmacoth\u00e9rapie individualis\u00e9e. Dans ce cas, il s&#8217;agirait de la premi\u00e8re patiente en Allemagne \u00e0 recevoir le traitement cibl\u00e9 par fusion NRG-1.<\/p>\n<p><em>Congr\u00e8s DGP 2022, Poster Po 271.<\/em><\/p>\n<\/td>\n<\/tr>\n<\/tbody>\n<\/table>\n<p>&nbsp;<\/p>\n<table border=\"1\" cellpadding=\"5\" cellspacing=\"1\" style=\"width:849px\">\n<tbody>\n<tr>\n<td style=\"width:833px\">\n<p><strong>Lipome endobronchique monstrueux<\/strong><\/p>\n<p>Les lipomes endobronchiques sont des tumeurs b\u00e9nignes rares. Mohamed Garhy, le Dr Edgar Haasler et le Pr Bernd Sch\u00f6nhofer de l&#8217;Evangelisches Klinikum Bethel \u00e0 Bielefeld, d\u00e9partement de m\u00e9decine interne, de pneumologie et de m\u00e9decine intensive, d\u00e9crivent un cas avec des r\u00e9sultats inhabituellement \u00e9tendus, des sympt\u00f4mes importants de la maladie et, finalement, un traitement endoscopique interventionnel r\u00e9ussi :<\/p>\n<p>Un homme de 60 ans se plaignait depuis plusieurs mois d&#8217;une dyspn\u00e9e d&#8217;effort croissante, d&#8217;une toux et d&#8217;infections f\u00e9briles r\u00e9currentes. A cela s&#8217;ajoutait une baisse g\u00e9n\u00e9rale des performances et une perte de poids de 10 kilos. Une tomodensitom\u00e9trie du thorax a r\u00e9v\u00e9l\u00e9 un poumon gauche au volume tr\u00e8s r\u00e9duit avec des infiltrats consolid\u00e9s. La bronche principale gauche pr\u00e9sentait un niveau de liquide et, derri\u00e8re celui-ci, une obstruction par une masse de tissus mous de densit\u00e9 \u00e9quivalente \u00e0 celle de la graisse, qui remplissait \u00e9galement de larges portions des bronches centrales des lobes sup\u00e9rieur et inf\u00e9rieur gauches.<\/p>\n<p>La bronchoscopie a confirm\u00e9 ces r\u00e9sultats. La tumeur qui s&#8217;est propag\u00e9e par voie intraluminale dans le syst\u00e8me bronchique central sous forme d&#8217;\u00e9panchement a fait l&#8217;objet d&#8217;une ablation fractionn\u00e9e \u00e0 l&#8217;aide d&#8217;une anse de diathermie (avec un bronchoscope flexible utilisant un tube trach\u00e9al spiral\u00e9) au cours de la m\u00eame s\u00e9ance. Une grande quantit\u00e9 de s\u00e9cr\u00e9tions purulentes s&#8217;est \u00e9coul\u00e9e de la p\u00e9riph\u00e9rie. La base de la tumeur p\u00e9dicul\u00e9e se trouvait \u00e0 la sortie de la bronche segmentaire 3, o\u00f9 le tissu restant a \u00e9t\u00e9 retir\u00e9 par cryoth\u00e9rapie et coagulation au plasma d&#8217;argon. L&#8217;examen histopathologique a r\u00e9v\u00e9l\u00e9 un lipome.<\/p>\n<p>En raison d&#8217;une pneumonie post-st\u00e9notique, les m\u00e9decins ont mis en place un traitement antibiotique. Les contr\u00f4les de l&#8217;\u00e9volution ont montr\u00e9 une large r\u00e9ventilation du poumon gauche dans les mois qui ont suivi, avec de l\u00e9g\u00e8res modifications cicatricielles et des bronchectasies r\u00e9siduelles.<\/p>\n<p><em>Congr\u00e8s DGP 2022, Poster Po 254.<\/em><\/p>\n<\/td>\n<\/tr>\n<\/tbody>\n<\/table>\n<p>&nbsp;<\/p>\n<table border=\"1\" cellpadding=\"5\" cellspacing=\"1\" style=\"width:846px\">\n<tbody>\n<tr>\n<td style=\"width:830px\">\n<p><strong>ECMO en cas d&#8217;insuffisance respiratoire aigu\u00eb due \u00e0 un CA pulmonaire avanc\u00e9&nbsp;<\/strong><\/p>\n<p>Un patient de 57 ans a \u00e9t\u00e9 hospitalis\u00e9 pour une insuffisance respiratoire aigu\u00eb avec des densit\u00e9s nodulaires bipulmonaires diffuses au scanner et des ganglions lymphatiques m\u00e9diastinaux hypertrophi\u00e9s. La ponction endosonographique des ganglions lymphatiques m\u00e9diastinaux a r\u00e9v\u00e9l\u00e9 un ad\u00e9nocarcinome papillaire du poumon. Peggy Balting et Johannes Purschwitz de l&#8217;h\u00f4pital sp\u00e9cialis\u00e9 de Coswig (D), centre pulmonaire ; m\u00e9decine interne et pneumologie.<\/p>\n<p>Avant de recevoir les r\u00e9sultats de la pathologie mol\u00e9culaire, les m\u00e9decins ont d\u00fb intuber et pratiquer la ventilation invasive sur leur patient en raison d&#8217;un \u00e9puisement respiratoire. En cas de d\u00e9tection d&#8217;une d\u00e9l\u00e9tion de l&#8217;exon 19 comme mutation activatrice du r\u00e9cepteur de l&#8217;EGF, un traitement par osimertinib (80 mg\/j) a \u00e9t\u00e9 initi\u00e9 par gavage. En raison d&#8217;une hypox\u00e9mie r\u00e9fractaire, une oxyg\u00e9nation extra-corporelle par membrane veino-veineuse (vvECMO) a finalement \u00e9t\u00e9 initi\u00e9e.<\/p>\n<p>Une r\u00e9ponse th\u00e9rapeutique cliniquement pertinente a \u00e9t\u00e9 observ\u00e9e apr\u00e8s 21 jours de traitement par ECMO. Le patient a pu \u00eatre compl\u00e8tement sevr\u00e9 de l&#8217;ECMO au jour 21 et de la ventilation au jour 27. La sortie a eu lieu le jour 42 avec une demande en oxyg\u00e8ne de 3 l\/min. Trois mois apr\u00e8s sa sortie, le patient \u00e9tait en bon \u00e9tat g\u00e9n\u00e9ral (ECOG 0) et n&#8217;avait plus besoin d&#8217;oxyg\u00e8ne.<\/p>\n<p>En principe, le traitement par vvECMO est recommand\u00e9 chez les patients souffrant d&#8217;un SDRA s\u00e9v\u00e8re &#8211; g\u00e9n\u00e9ralement d\u00fb \u00e0 une infection pulmonaire &#8211; et d&#8217;une hypox\u00e9mie r\u00e9fractaire, en tant que &#8220;traitement de secours&#8221;. Comme le rapporte l&#8217;\u00e9quipe de Coswig, il s&#8217;agit de la premi\u00e8re utilisation r\u00e9ussie d&#8217;un traitement par vvECMO en cas d&#8217;insuffisance respiratoire s\u00e9v\u00e8re dans le cadre d&#8217;un premier diagnostic de cancer du poumon avanc\u00e9 et m\u00e9tastas\u00e9 au niveau pulmonaire.<\/p>\n<p>Cette casuistique montre que dans de rares cas, un traitement de m\u00e9decine intensive incluant une ventilation m\u00e9canique et m\u00eame une th\u00e9rapie ECMO est justifi\u00e9 en cas d&#8217;insuffisance respiratoire aigu\u00eb dans le cadre du premier diagnostic d&#8217;un carcinome pulmonaire avanc\u00e9, concluent les pneumologues. Il faut notamment prendre en compte la possibilit\u00e9 d&#8217;une th\u00e9rapie cibl\u00e9e en pr\u00e9sence d&#8217;une mutation activatrice et d&#8217;une bonne r\u00e9ponse au traitement qui en d\u00e9coule, a-t-il ajout\u00e9.<\/p>\n<p><em>Congr\u00e8s DGP 2022, Poster Po 72.<\/em><\/p>\n<\/td>\n<\/tr>\n<\/tbody>\n<\/table>\n<p>&nbsp;<\/p>\n<p>&nbsp;<\/p>\n<p><em>InFo ONKOLOGIE &amp; H\u00c9MATOLOGIE 2022 ; 10(4) : 34-35<br \/>\nInFo PNEUMOLOGIE &amp; ALLERGOLOGIE 2022 ; 4(3) : 37-38<\/em><\/p>\n","protected":false},"excerpt":{"rendered":"<p>Le diagnostic et le traitement des cancers du poumon font partie du quotidien des pneumologues. Lors des pr\u00e9sentations de posters dans le cadre du 62e congr\u00e8s de la Soci\u00e9t\u00e9 allemande&hellip;<\/p>\n","protected":false},"author":7,"featured_media":124736,"comment_status":"closed","ping_status":"","sticky":false,"template":"","format":"standard","meta":{"_acf_changed":false,"pmpro_default_level":"","cat_1_feature_home_top":false,"cat_2_editor_pick":false,"csco_eyebrow_text":"Casuistiques","footnotes":""},"category":[11541,11527,11389,11477,11535,11549],"tags":[13157,13380,13382],"powerkit_post_featured":[],"class_list":["post-324425","post","type-post","status-publish","format-standard","has-post-thumbnail","category-cases-fr","category-etudes","category-oncologie","category-pneumologie-fr","category-rapports-de-congres","category-rx-fr","tag-cancer-du-poumon","tag-casuistique","tag-tumeurs-pulmonaires","pmpro-has-access"],"acf":[],"publishpress_future_action":{"enabled":false,"date":"2026-05-02 11:32:53","action":"change-status","newStatus":"draft","terms":[],"taxonomy":"category","extraData":[]},"publishpress_future_workflow_manual_trigger":{"enabledWorkflows":[]},"wpml_current_locale":"fr_FR","wpml_translations":{"it_IT":{"locale":"it_IT","id":324436,"slug":"tumori-polmonari-insoliti-nella-vita-clinica-quotidiana","post_title":"Tumori polmonari insoliti nella vita clinica quotidiana","href":"https:\/\/medizinonline.com\/it\/tumori-polmonari-insoliti-nella-vita-clinica-quotidiana\/"},"pt_PT":{"locale":"pt_PT","id":324409,"slug":"tumores-pulmonares-inusitados-na-vida-clinica-diaria","post_title":"Tumores pulmonares inusitados na vida cl\u00ednica di\u00e1ria","href":"https:\/\/medizinonline.com\/pt-pt\/tumores-pulmonares-inusitados-na-vida-clinica-diaria\/"},"es_ES":{"locale":"es_ES","id":324420,"slug":"tumores-pulmonares-inusuales-en-la-vida-clinica-diaria","post_title":"Tumores pulmonares inusuales en la vida cl\u00ednica diaria","href":"https:\/\/medizinonline.com\/es\/tumores-pulmonares-inusuales-en-la-vida-clinica-diaria\/"}},"_links":{"self":[{"href":"https:\/\/medizinonline.com\/fr\/wp-json\/wp\/v2\/posts\/324425","targetHints":{"allow":["GET"]}}],"collection":[{"href":"https:\/\/medizinonline.com\/fr\/wp-json\/wp\/v2\/posts"}],"about":[{"href":"https:\/\/medizinonline.com\/fr\/wp-json\/wp\/v2\/types\/post"}],"author":[{"embeddable":true,"href":"https:\/\/medizinonline.com\/fr\/wp-json\/wp\/v2\/users\/7"}],"replies":[{"embeddable":true,"href":"https:\/\/medizinonline.com\/fr\/wp-json\/wp\/v2\/comments?post=324425"}],"version-history":[{"count":0,"href":"https:\/\/medizinonline.com\/fr\/wp-json\/wp\/v2\/posts\/324425\/revisions"}],"wp:featuredmedia":[{"embeddable":true,"href":"https:\/\/medizinonline.com\/fr\/wp-json\/wp\/v2\/media\/124736"}],"wp:attachment":[{"href":"https:\/\/medizinonline.com\/fr\/wp-json\/wp\/v2\/media?parent=324425"}],"wp:term":[{"taxonomy":"category","embeddable":true,"href":"https:\/\/medizinonline.com\/fr\/wp-json\/wp\/v2\/category?post=324425"},{"taxonomy":"post_tag","embeddable":true,"href":"https:\/\/medizinonline.com\/fr\/wp-json\/wp\/v2\/tags?post=324425"},{"taxonomy":"powerkit_post_featured","embeddable":true,"href":"https:\/\/medizinonline.com\/fr\/wp-json\/wp\/v2\/powerkit_post_featured?post=324425"}],"curies":[{"name":"wp","href":"https:\/\/api.w.org\/{rel}","templated":true}]}}