{"id":324912,"date":"2022-08-31T14:34:39","date_gmt":"2022-08-31T12:34:39","guid":{"rendered":"https:\/\/medizinonline.com\/evenement-de-lancement-de-la-formation-interdisciplinaire-sur-le-nouveau-traitement-de-la-colite-ulcereuse\/"},"modified":"2022-08-31T14:34:39","modified_gmt":"2022-08-31T12:34:39","slug":"evenement-de-lancement-de-la-formation-interdisciplinaire-sur-le-nouveau-traitement-de-la-colite-ulcereuse","status":"publish","type":"post","link":"https:\/\/medizinonline.com\/fr\/evenement-de-lancement-de-la-formation-interdisciplinaire-sur-le-nouveau-traitement-de-la-colite-ulcereuse\/","title":{"rendered":"\u00c9v\u00e9nement de lancement de la formation interdisciplinaire sur le nouveau traitement de la colite ulc\u00e9reuse"},"content":{"rendered":"<p><strong>Le 01.09.2022 aura lieu la formation continue interdisciplinaire sur le traitement de la colite ulc\u00e9reuse, y compris la formation sur le traitement de la colite ulc\u00e9reuse. Table ronde pr\u00e9sid\u00e9e par le Prof. Gerhard Rogler a eu lieu. Inscription encore possible pour participer au studio TV \u00e0 Zurich ou au livestream.&nbsp;<\/strong><\/p>\n<p> <!--more--> <\/p>\n<p><img fetchpriority=\"high\" decoding=\"async\" class=\" size-full wp-image-19698\" alt=\"\" src=\"https:\/\/medizinonline.com\/wp-content\/uploads\/2022\/08\/bmsbild.png\" style=\"height:855px; width:600px\" width=\"1100\" height=\"1567\" srcset=\"https:\/\/medizinonline.com\/wp-content\/uploads\/2022\/08\/bmsbild.png 1100w, https:\/\/medizinonline.com\/wp-content\/uploads\/2022\/08\/bmsbild-800x1140.png 800w, https:\/\/medizinonline.com\/wp-content\/uploads\/2022\/08\/bmsbild-120x171.png 120w, https:\/\/medizinonline.com\/wp-content\/uploads\/2022\/08\/bmsbild-90x128.png 90w, https:\/\/medizinonline.com\/wp-content\/uploads\/2022\/08\/bmsbild-320x456.png 320w, https:\/\/medizinonline.com\/wp-content\/uploads\/2022\/08\/bmsbild-560x798.png 560w\" sizes=\"(max-width: 1100px) 100vw, 1100px\" \/><\/p>\n<p><strong>Cliquez <a href=\"https:\/\/partner.medizinonline.ch\/BMS_Launch-Event\/\" target=\"_blank\" rel=\"noopener\">ici<\/a> pour vous inscrire \u00e0 l&#8217;\u00e9v\u00e9nement de lancement.&nbsp;<\/strong><\/p>\n","protected":false},"excerpt":{"rendered":"<p>Le 01.09.2022 aura lieu la formation continue interdisciplinaire sur le traitement de la colite ulc\u00e9reuse, y compris la formation sur le traitement de la colite ulc\u00e9reuse. Table ronde pr\u00e9sid\u00e9e par&hellip;<\/p>\n","protected":false},"author":14,"featured_media":124681,"comment_status":"closed","ping_status":"","sticky":false,"template":"","format":"standard","meta":{"_acf_changed":false,"pmpro_default_level":"","cat_1_feature_home_top":false,"cat_2_editor_pick":false,"csco_eyebrow_text":"Formation continue","footnotes":""},"category":[12075,11414,11315,11549],"tags":[],"powerkit_post_featured":[],"class_list":["post-324912","post","type-post","status-publish","format-standard","has-post-thumbnail","category-formation-continue-avec-partenaire","category-gastro-enterologie-et-hepatologie","category-medecine-interne-generale","category-rx-fr","pmpro-has-access"],"acf":[],"publishpress_future_action":{"enabled":false,"date":"2026-05-02 11:48:02","action":"change-status","newStatus":"draft","terms":[],"taxonomy":"category","extraData":[]},"publishpress_future_workflow_manual_trigger":{"enabledWorkflows":[]},"wpml_current_locale":"fr_FR","wpml_translations":{"it_IT":{"locale":"it_IT","id":324882,"slug":"evento-di-lancio-per-la-formazione-interdisciplinare-sul-nuovo-trattamento-della-colite-ulcerosa","post_title":"Evento di lancio per la formazione interdisciplinare sul nuovo trattamento della colite ulcerosa","href":"https:\/\/medizinonline.com\/it\/evento-di-lancio-per-la-formazione-interdisciplinare-sul-nuovo-trattamento-della-colite-ulcerosa\/"},"pt_PT":{"locale":"pt_PT","id":324886,"slug":"evento-de-lancamento-de-formacao-interdisciplinar-sobre-novos-tratamentos-para-a-colite-ulcerosa","post_title":"Evento de lan\u00e7amento de forma\u00e7\u00e3o interdisciplinar sobre novos tratamentos para a colite ulcerosa","href":"https:\/\/medizinonline.com\/pt-pt\/evento-de-lancamento-de-formacao-interdisciplinar-sobre-novos-tratamentos-para-a-colite-ulcerosa\/"},"es_ES":{"locale":"es_ES","id":324888,"slug":"acto-de-lanzamiento-de-la-formacion-interdisciplinar-sobre-el-nuevo-tratamiento-de-la-colitis-ulcerosa","post_title":"Acto de lanzamiento de la formaci\u00f3n interdisciplinar sobre el nuevo tratamiento de la colitis ulcerosa","href":"https:\/\/medizinonline.com\/es\/acto-de-lanzamiento-de-la-formacion-interdisciplinar-sobre-el-nuevo-tratamiento-de-la-colitis-ulcerosa\/"}},"_links":{"self":[{"href":"https:\/\/medizinonline.com\/fr\/wp-json\/wp\/v2\/posts\/324912","targetHints":{"allow":["GET"]}}],"collection":[{"href":"https:\/\/medizinonline.com\/fr\/wp-json\/wp\/v2\/posts"}],"about":[{"href":"https:\/\/medizinonline.com\/fr\/wp-json\/wp\/v2\/types\/post"}],"author":[{"embeddable":true,"href":"https:\/\/medizinonline.com\/fr\/wp-json\/wp\/v2\/users\/14"}],"replies":[{"embeddable":true,"href":"https:\/\/medizinonline.com\/fr\/wp-json\/wp\/v2\/comments?post=324912"}],"version-history":[{"count":0,"href":"https:\/\/medizinonline.com\/fr\/wp-json\/wp\/v2\/posts\/324912\/revisions"}],"wp:featuredmedia":[{"embeddable":true,"href":"https:\/\/medizinonline.com\/fr\/wp-json\/wp\/v2\/media\/124681"}],"wp:attachment":[{"href":"https:\/\/medizinonline.com\/fr\/wp-json\/wp\/v2\/media?parent=324912"}],"wp:term":[{"taxonomy":"category","embeddable":true,"href":"https:\/\/medizinonline.com\/fr\/wp-json\/wp\/v2\/category?post=324912"},{"taxonomy":"post_tag","embeddable":true,"href":"https:\/\/medizinonline.com\/fr\/wp-json\/wp\/v2\/tags?post=324912"},{"taxonomy":"powerkit_post_featured","embeddable":true,"href":"https:\/\/medizinonline.com\/fr\/wp-json\/wp\/v2\/powerkit_post_featured?post=324912"}],"curies":[{"name":"wp","href":"https:\/\/api.w.org\/{rel}","templated":true}]}}