{"id":324960,"date":"2022-08-29T01:00:00","date_gmt":"2022-08-28T23:00:00","guid":{"rendered":"https:\/\/medizinonline.com\/quand-les-demangeaisons-deviennent-chroniques-le-corps-et-lesprit-en-souffrent-que-dit-la-nouvelle-ligne-directrice\/"},"modified":"2022-08-29T01:00:00","modified_gmt":"2022-08-28T23:00:00","slug":"quand-les-demangeaisons-deviennent-chroniques-le-corps-et-lesprit-en-souffrent-que-dit-la-nouvelle-ligne-directrice","status":"publish","type":"post","link":"https:\/\/medizinonline.com\/fr\/quand-les-demangeaisons-deviennent-chroniques-le-corps-et-lesprit-en-souffrent-que-dit-la-nouvelle-ligne-directrice\/","title":{"rendered":"Quand les d\u00e9mangeaisons deviennent chroniques, le corps et l&#8217;esprit en souffrent &#8211; que dit la nouvelle ligne directrice ?"},"content":{"rendered":"<p><strong>Le prurit chronique est un sympt\u00f4me phare multidisciplinaire associ\u00e9 \u00e0 une charge de morbidit\u00e9 \u00e9lev\u00e9e et \u00e0 une grande souffrance. La ligne directrice S2k mise \u00e0 jour donne des recommandations th\u00e9rapeutiques d\u00e9taill\u00e9es pour certaines formes et manifestations de prurit et souligne l&#8217;importance d&#8217;\u00e9valuer la charge subjective des personnes concern\u00e9es et de la prendre en compte dans l&#8217;\u00e9valuation de l&#8217;\u00e9volution et le traitement.<\/strong><\/p>\n<p> <!--more--> <\/p>\n<p>Les dermatoses ne sont pas les seules \u00e0 \u00eatre associ\u00e9es au prurit chronique : &#8220;Lorsqu&#8217;on parle de d\u00e9mangeaisons, certaines personnes penseront imm\u00e9diatement \u00e0 la peau, \u00e0 la dermatite atopique ou au psoriasis. Mais le prurit est un sympt\u00f4me principal multidisciplinaire de nombreuses maladies&#8221;, explique le professeur Sonja St\u00e4nder, directrice du &#8220;Centre de comp\u00e9tence sur le prurit chronique&#8221; \u00e0 la clinique des maladies de la peau de l&#8217;h\u00f4pital universitaire de M\u00fcnster [1]. Le prurit chronique &#8211; c&#8217;est-\u00e0-dire qui dure plus d&#8217;un an &#8211; est une maladie chronique. D\u00e9mangeaisons persistantes pendant 6 semaines &#8211; peuvent survenir dans le cadre d&#8217;un diab\u00e8te ou d&#8217;une affection r\u00e9nale chronique, mais aussi comme sympt\u00f4me associ\u00e9 \u00e0 une an\u00e9mie ferriprive ou \u00e0 des infections telles que le VIH ou l&#8217;herp\u00e8s zoster, ainsi que de nombreuses autres maladies.<\/p>\n<h2 id=\"\">&nbsp;<\/h2>\n<h2 id=\"-2\"><img fetchpriority=\"high\" decoding=\"async\" class=\" size-full wp-image-19276\" alt=\"\" src=\"https:\/\/medizinonline.com\/wp-content\/uploads\/2022\/08\/abb1_dp3_s41.png\" style=\"height:331px; width:600px\" width=\"1100\" height=\"606\"><\/h2>\n<h2 id=\"-3\">&nbsp;<\/h2>\n<h2 id=\"une-approche-interdisciplinaire-est-pronee\">Une approche interdisciplinaire est pr\u00f4n\u00e9e<\/h2>\n<p>&#8220;Nous recommandons aux personnes concern\u00e9es de tenir un journal des sympt\u00f4mes. Il existe d\u00e9sormais aussi sous forme d&#8217;application. Silke Hofmann, m\u00e9decin-chef du Centre de dermatologie, d&#8217;allergologie et de chirurgie dermatologique de l&#8217;H\u00f4pital universitaire Helios de Wuppertal (Allemagne) [1]. &#8220;Le prurit est un d\u00e9fi diagnostique et th\u00e9rapeutique interdisciplinaire et il est donc judicieux de se pencher sur le sympt\u00f4me du prurit chronique ind\u00e9pendamment de la maladie sous-jacente&#8221;, souligne le professeur St\u00e4nder. Afin d&#8217;am\u00e9liorer la prise en charge des patients souffrant de prurit chronique, le guide existant depuis 2005 a \u00e9t\u00e9 mis \u00e0 jour [2]. Au total, 17 soci\u00e9t\u00e9s savantes et organisations ont particip\u00e9. Les patients ont \u00e9t\u00e9 impliqu\u00e9s par le biais de groupes de discussion [1]. &#8220;La mise en \u0153uvre des recommandations entra\u00eenera une am\u00e9lioration de la qualit\u00e9 de vie des patients. C&#8217;est surtout l&#8217;approche pluridisciplinaire et la collaboration d&#8217;experts d&#8217;autres soci\u00e9t\u00e9s savantes qui aideront \u00e0 diffuser largement ces contenus importants&#8221;, a d\u00e9clar\u00e9 le professeur Hofmann [1].<\/p>\n<h2 id=\"therapie-axee-sur-les-symptomes-apercu-des-principaux-points\">Th\u00e9rapie ax\u00e9e sur les sympt\u00f4mes : aper\u00e7u des principaux points<\/h2>\n<p>Cette ligne directrice donne un aper\u00e7u complet des recommandations th\u00e9rapeutiques symptomatiques bas\u00e9es sur des preuves, qui consistent en une phototh\u00e9rapie, des m\u00e9dicaments topiques et syst\u00e9miques. Le <span style=\"font-family:franklin gothic demi\">tableau 1<\/span> r\u00e9sume les principales modifications apport\u00e9es aux recommandations th\u00e9rapeutiques par rapport \u00e0 la ligne directrice pr\u00e9c\u00e9dente [2]. Sur la base de rapports de cas et d&#8217;\u00e9tudes sur le prurigo nodulaire, une maladie de la peau caract\u00e9ris\u00e9e par des nodules qui d\u00e9mangent, en particulier sur les extr\u00e9mit\u00e9s, le groupe d&#8217;experts a formul\u00e9 de nouvelles recommandations. En tant qu&#8217;immunosuppresseur syst\u00e9mique, la ciclosporine&nbsp;A peut \u00eatre recommand\u00e9e pour le traitement du prurigo nodulaire chronique et le m\u00e9thotrexate ainsi que l&#8217;azathioprine peuvent \u00eatre envisag\u00e9s comme traitement. En revanche, la thalidomide\/l\u00e9nalidomide n&#8217;est pas recommand\u00e9e. Le dupilumab, un m\u00e9dicament biologique, peut \u00e9galement \u00eatre envisag\u00e9 pour le traitement du prurigo nodulaire chronique (actuellement hors \u00e9tiquette).<\/p>\n<p>Il est important de noter que les plans de traitement doivent \u00eatre adapt\u00e9s individuellement \u00e0 chaque probl\u00e8me. &#8220;Il n&#8217;existe pas de traitement unique et universel du prurit chronique, car il existe une grande diversit\u00e9 de causes sous-jacentes possibles et de populations de patients diff\u00e9rentes&#8221;, explique le professeur St\u00e4nder [1].<\/p>\n<p>Il en va de m\u00eame pour les strat\u00e9gies recommand\u00e9es par la ligne directrice pour briser le cercle d\u00e9mangeaison-grattage, fr\u00e9quent chez les patients souffrant de prurit chronique [2] :<\/p>\n<ul>\n<li>En cas de d\u00e9mangeaisons, appliquez d&#8217;abord des lotions, des cr\u00e8mes ou des onguents rafra\u00eechissants et anti-d\u00e9mangeaisons, plut\u00f4t que de gratter la peau.<\/li>\n<li>D\u00e9tourner le besoin de gratter : Au lieu de gratter la peau, &#8220;maltraiter&#8221; la couette, l&#8217;oreiller ou le canap\u00e9.<\/li>\n<li>D\u00e9tendre le corps et l&#8217;esprit gr\u00e2ce au training autog\u00e8ne, \u00e0 la relaxation musculaire progressive ou \u00e0 l&#8217;acupuncture.<\/li>\n<\/ul>\n<h2 id=\"-4\">&nbsp;<\/h2>\n<h2 id=\"-5\"><img decoding=\"async\" class=\"size-full wp-image-19277 lazyload\" alt=\"\" data-src=\"https:\/\/medizinonline.com\/wp-content\/uploads\/2022\/08\/tab1_dp3_s40_0.png\" style=\"--smush-placeholder-width: 1100px; --smush-placeholder-aspect-ratio: 1100\/745;height:406px; width:600px\" width=\"1100\" height=\"745\" data-srcset=\"https:\/\/medizinonline.com\/wp-content\/uploads\/2022\/08\/tab1_dp3_s40_0.png 1100w, https:\/\/medizinonline.com\/wp-content\/uploads\/2022\/08\/tab1_dp3_s40_0-800x542.png 800w, https:\/\/medizinonline.com\/wp-content\/uploads\/2022\/08\/tab1_dp3_s40_0-120x81.png 120w, https:\/\/medizinonline.com\/wp-content\/uploads\/2022\/08\/tab1_dp3_s40_0-90x61.png 90w, https:\/\/medizinonline.com\/wp-content\/uploads\/2022\/08\/tab1_dp3_s40_0-320x217.png 320w, https:\/\/medizinonline.com\/wp-content\/uploads\/2022\/08\/tab1_dp3_s40_0-560x379.png 560w\" data-sizes=\"(max-width: 1100px) 100vw, 1100px\" src=\"data:image\/svg+xml;base64,PHN2ZyB3aWR0aD0iMSIgaGVpZ2h0PSIxIiB4bWxucz0iaHR0cDovL3d3dy53My5vcmcvMjAwMC9zdmciPjwvc3ZnPg==\" \/><\/h2>\n<h2 id=\"-6\">&nbsp;<\/h2>\n<h2 id=\"le-point-de-vue-subjectif-du-patient-a-plus-de-poids\">Le point de vue subjectif du patient&nbsp;a plus de poids<\/h2>\n<p>&#8220;De nombreuses \u00e9tudes ont montr\u00e9 que le prurit chronique est associ\u00e9 \u00e0 une souffrance subjective consid\u00e9rable&#8221;, souligne le professeur St\u00e4nder [1]. Pour de nombreuses personnes, le cercle d\u00e9mangeaison-grattage est un cercle vicieux qui entretient l&#8217;inflammation, provoque sans cesse des saignements, des cro\u00fbtes et des cicatrices. Le fardeau de la maladie pour les personnes concern\u00e9es se traduit par des troubles du sommeil, de l&#8217;anxi\u00e9t\u00e9, de la d\u00e9pression, une faible estime de soi et l&#8217;exp\u00e9rience de la stigmatisation. Les cons\u00e9quences peuvent \u00eatre un retrait social, une d\u00e9pression ou m\u00eame des tendances suicidaires. &#8220;La ligne directrice recommande express\u00e9ment d&#8217;\u00e9valuer la charge subjective et l&#8217;impact psychologique des patients pour le diagnostic et le traitement&#8221;, explique le professeur St\u00e4nder [1]. Il existe en outre de nombreux questionnaires structur\u00e9s qui se pr\u00eatent \u00e0 l&#8217;\u00e9valuation des sympt\u00f4mes subjectifs et de leur \u00e9volution.<\/p>\n<h2 id=\"quels-outils-denquete-utiliser\">Quels outils d&#8217;enqu\u00eate utiliser ?<\/h2>\n<p>Les instruments d&#8217;enqu\u00eate recommand\u00e9s par la ligne directrice sont r\u00e9sum\u00e9s dans le <span style=\"font-family:franklin gothic demi\">tableau 2<\/span> [2,3]. Dans la pratique, la saisie de l&#8217;intensit\u00e9 subjective du prurit a fait ses preuves pour l&#8217;\u00e9valuation de l&#8217;\u00e9volution. Pour une saisie r\u00e9guli\u00e8re du sympt\u00f4me, il est recommand\u00e9 d&#8217;utiliser une \u00e9chelle visuelle analogique (EVA), une \u00e9chelle de notation num\u00e9rique (NRS) ou une \u00e9chelle de notation verbale (VRS) [7]. La p\u00e9riode de rappel g\u00e9n\u00e9ralement demand\u00e9e est de 24 heures. En outre, il est difficile pour les patients de donner une estimation fiable. La question peut porter sur le prurit moyen et\/ou le prurit le plus grave au cours de cette p\u00e9riode. L&#8217;\u00e9valuation de la qualit\u00e9 de vie li\u00e9e \u00e0 la sant\u00e9 au moyen du <em>Dermatology Life Quality Index<\/em> (DLQI) pour les dermatoses ou de la version allemande de l&#8217;ItchyQoL pour le prurit chronique de toute origine peut \u00eatre recommand\u00e9e pour une utilisation en routine quotidienne [4,5]. Pour \u00e9valuer la pr\u00e9sence d&#8217;anxi\u00e9t\u00e9 et de d\u00e9pression, il existe une recommandation pour l&#8217;<em>\u00e9chelle Hospital Anxiety and Depression Scale <\/em>(HADS) [6,7]. Ce questionnaire renseigne sur l&#8217;auto-\u00e9valuation des patients, sans pr\u00e9tendre recueillir des indications \u00e9tiologiques ou th\u00e9rapeutiques [7]. Le questionnaire Patient Benefit Index for Pruritus (PBI-P) est principalement un outil pour les \u00e9tudes cliniques [7]. La premi\u00e8re des deux pages, appel\u00e9e <em>Patient need<\/em> questionnaire (PNQ), recueille les objectifs du patient. L&#8217;utilisation du PNQ dans la pratique peut \u00eatre envisag\u00e9e pour documenter et enregistrer les objectifs du patient avant la premi\u00e8re consultation sur les objectifs de la th\u00e9rapie. Le <em>Prurigo Activity and Severity Score <\/em>(PAS) permet de documenter objectivement la s\u00e9v\u00e9rit\u00e9 et l&#8217;\u00e9tendue du prurigo chronique. Il s&#8217;agit d&#8217;un formulaire d&#8217;enqu\u00eate m\u00e9dicale qui comprend l&#8217;\u00e9valuation de l&#8217;\u00e9tendue, de la gravit\u00e9, du nombre, de l&#8217;activit\u00e9 et de la gu\u00e9rison des l\u00e9sions [8].<\/p>\n<p>&nbsp;<\/p>\n<p><img decoding=\"async\" class=\"size-full wp-image-19278 lazyload\" alt=\"\" data-src=\"https:\/\/medizinonline.com\/wp-content\/uploads\/2022\/08\/tab2_dp3_s41.png\" style=\"--smush-placeholder-width: 1100px; --smush-placeholder-aspect-ratio: 1100\/1067;height:582px; width:600px\" width=\"1100\" height=\"1067\" src=\"data:image\/svg+xml;base64,PHN2ZyB3aWR0aD0iMSIgaGVpZ2h0PSIxIiB4bWxucz0iaHR0cDovL3d3dy53My5vcmcvMjAwMC9zdmciPjwvc3ZnPg==\"><\/p>\n<p>&nbsp;<\/p>\n<p>En fonction de l&#8217;impact psychologique du prurit sur l&#8217;\u00e9tat subjectif, on peut envisager d&#8217;orienter les patients vers un diagnostic ou un traitement plus sp\u00e9cialis\u00e9. Outre les offres de soins psychosomatiques de base ou les programmes de formation sp\u00e9cifiques, les \u00e9tablissements ambulatoires et hospitaliers qui proposent des soins psychosomatiques ou psychiatriques entrent en ligne de compte. Les comorbidit\u00e9s psychologiques existantes et leurs (pr\u00e9)traitements doivent toujours \u00eatre pris en compte.<\/p>\n<p>&nbsp;<\/p>\n<p>Litt\u00e9rature :<\/p>\n<ol>\n<li>&#8220;Quand les d\u00e9mangeaisons deviennent chroniques, le corps et l&#8217;esprit souffrent : Ligne directrice S2k sur le diagnostic et le traitement du prurit chronique&#8221;, Soci\u00e9t\u00e9 allemande de dermatologie, 02.05.2022<\/li>\n<li>St\u00e4nder S, et al. : S2k-Leitlinie zur Diagnostik und Therapie des chronischen Pruritus, 2022, AWMF-Register-Nr. : 013-048<\/li>\n<li>Pereira MP, St\u00e4nder S : Allergology international : official journal of the Japanese Society of Allergology 2017 ; 66 (1) : 3-7.<\/li>\n<li>Finlay AY, Khan GK : Clinical and experimental dermatology 1994 ; 19 (3) : 210-216.<\/li>\n<li>Krause K, et al : Acta dermato-venereologica 2013 ; 93 (5) : 562-568.<\/li>\n<li>Snaith RP : Health and quality of life outcomes 2003(1) : 29. DOI : 10.1186\/1477-7525-1-29<\/li>\n<li>St\u00e4nder S, et al : Der Hautarzt ; Journal de dermatologie, v\u00e9n\u00e9rologie, et domaines connexes 2012 ; 63(7) : 521-522 ; 524-531.<\/li>\n<li>P\u00f6lking J, et al. : Journal of the European Academy of Dermatology and Venereology 2018 ; 32(10) : 1754-1760.<\/li>\n<li>Steinke S, et al. : Journal of the American Academy of Dermatology 2018 ; 79(3) : 457-463.e5.<\/li>\n<li>Gernart M, et al. : Acta dermato-venereologica 2017 ; 97(5) : 601-606.<\/li>\n<li>Schnitzler C, et al. : Journal of the European Academy of Dermatology and Venereology 2019 ; 33(2) : 398-404.<\/li>\n<\/ol>\n<p>&nbsp;<\/p>\n<p><em>DERMATOLOGIE PRATIQUE 2022 ; 32(3) : 40-42<\/em><\/p>\n","protected":false},"excerpt":{"rendered":"<p>Le prurit chronique est un sympt\u00f4me phare multidisciplinaire associ\u00e9 \u00e0 une charge de morbidit\u00e9 \u00e9lev\u00e9e et \u00e0 une grande souffrance. La ligne directrice S2k mise \u00e0 jour donne des recommandations&hellip;<\/p>\n","protected":false},"author":7,"featured_media":122487,"comment_status":"closed","ping_status":"","sticky":false,"template":"","format":"standard","meta":{"_acf_changed":false,"pmpro_default_level":"","cat_1_feature_home_top":false,"cat_2_editor_pick":false,"csco_eyebrow_text":"Diagnostic et traitement du prurit chronique  ","footnotes":""},"category":[11349,11362,11527,11531,11549],"tags":[14304,14336,12635,13449,14332,12245,14337,14309,14322,14342,14330,14346,14339,14312,14321,14340,14343,14341,14306,14334,14319,14316,14324,14327],"powerkit_post_featured":[],"class_list":["post-324960","post","type-post","status-publish","format-standard","has-post-thumbnail","category-allergologie-et-immunologie-clinique","category-dermatologie-et-venerologie","category-etudes","category-formation-continue","category-rx-fr","tag-azathioprine-fr","tag-cyclosporine-fr","tag-demangeaisons","tag-dupilumab-fr","tag-hads-fr","tag-ligne-directrice","tag-menthol-fr","tag-methotrexate-fr","tag-nrs-fr","tag-pas-fr","tag-pbi-p-fr","tag-pnq-fr","tag-polidocanol-fr","tag-prurigo-fr","tag-prurit-chronique","tag-questionnaire-fr","tag-questionnaire-sur-les-besoins-des-patients","tag-score-dactivite-et-de-severite-du-prurigo","tag-subjectif","tag-supports","tag-thalidomide-fr","tag-topique","tag-vas-fr","tag-vrs-fr","pmpro-has-access"],"acf":[],"publishpress_future_action":{"enabled":false,"date":"2026-05-07 23:55:12","action":"change-status","newStatus":"draft","terms":[],"taxonomy":"category","extraData":[]},"publishpress_future_workflow_manual_trigger":{"enabledWorkflows":[]},"wpml_current_locale":"fr_FR","wpml_translations":{"it_IT":{"locale":"it_IT","id":324971,"slug":"quando-il-prurito-diventa-cronico-il-corpo-e-lanima-soffrono-cosa-dice-la-nuova-linea-guida","post_title":"Quando il prurito diventa cronico, il corpo e l'anima soffrono: cosa dice la nuova linea guida?","href":"https:\/\/medizinonline.com\/it\/quando-il-prurito-diventa-cronico-il-corpo-e-lanima-soffrono-cosa-dice-la-nuova-linea-guida\/"},"pt_PT":{"locale":"pt_PT","id":324972,"slug":"quando-a-comichao-se-torna-cronica-o-corpo-e-a-alma-sofrem-o-que-diz-a-nova-directriz","post_title":"Quando a comich\u00e3o se torna cr\u00f3nica, o corpo e a alma sofrem - o que diz a nova directriz?","href":"https:\/\/medizinonline.com\/pt-pt\/quando-a-comichao-se-torna-cronica-o-corpo-e-a-alma-sofrem-o-que-diz-a-nova-directriz\/"},"es_ES":{"locale":"es_ES","id":324973,"slug":"cuando-el-picor-se-vuelve-cronico-el-cuerpo-y-el-alma-se-resienten-que-dice-la-nueva-directriz","post_title":"Cuando el picor se vuelve cr\u00f3nico, el cuerpo y el alma se resienten - \u00bfqu\u00e9 dice la nueva directriz?","href":"https:\/\/medizinonline.com\/es\/cuando-el-picor-se-vuelve-cronico-el-cuerpo-y-el-alma-se-resienten-que-dice-la-nueva-directriz\/"}},"_links":{"self":[{"href":"https:\/\/medizinonline.com\/fr\/wp-json\/wp\/v2\/posts\/324960","targetHints":{"allow":["GET"]}}],"collection":[{"href":"https:\/\/medizinonline.com\/fr\/wp-json\/wp\/v2\/posts"}],"about":[{"href":"https:\/\/medizinonline.com\/fr\/wp-json\/wp\/v2\/types\/post"}],"author":[{"embeddable":true,"href":"https:\/\/medizinonline.com\/fr\/wp-json\/wp\/v2\/users\/7"}],"replies":[{"embeddable":true,"href":"https:\/\/medizinonline.com\/fr\/wp-json\/wp\/v2\/comments?post=324960"}],"version-history":[{"count":0,"href":"https:\/\/medizinonline.com\/fr\/wp-json\/wp\/v2\/posts\/324960\/revisions"}],"wp:featuredmedia":[{"embeddable":true,"href":"https:\/\/medizinonline.com\/fr\/wp-json\/wp\/v2\/media\/122487"}],"wp:attachment":[{"href":"https:\/\/medizinonline.com\/fr\/wp-json\/wp\/v2\/media?parent=324960"}],"wp:term":[{"taxonomy":"category","embeddable":true,"href":"https:\/\/medizinonline.com\/fr\/wp-json\/wp\/v2\/category?post=324960"},{"taxonomy":"post_tag","embeddable":true,"href":"https:\/\/medizinonline.com\/fr\/wp-json\/wp\/v2\/tags?post=324960"},{"taxonomy":"powerkit_post_featured","embeddable":true,"href":"https:\/\/medizinonline.com\/fr\/wp-json\/wp\/v2\/powerkit_post_featured?post=324960"}],"curies":[{"name":"wp","href":"https:\/\/api.w.org\/{rel}","templated":true}]}}