{"id":325568,"date":"2022-06-15T01:00:00","date_gmt":"2022-06-14T23:00:00","guid":{"rendered":"https:\/\/medizinonline.com\/un-espoir-pour-90-des-patients\/"},"modified":"2022-06-15T01:00:00","modified_gmt":"2022-06-14T23:00:00","slug":"un-espoir-pour-90-des-patients","status":"publish","type":"post","link":"https:\/\/medizinonline.com\/fr\/un-espoir-pour-90-des-patients\/","title":{"rendered":"Un espoir pour 90% des patients"},"content":{"rendered":"<p><strong>Dans le pass\u00e9, le diagnostic de fibrose kystique (CF) \u00e9tait synonyme de d\u00e9c\u00e8s pr\u00e9coce, g\u00e9n\u00e9ralement avant l&#8217;\u00e2ge de 30 ans. Cette maladie h\u00e9r\u00e9ditaire raccourcit encore la vie, mais les progr\u00e8s de la recherche et les nouvelles th\u00e9rapies ont d\u00e9j\u00e0 permis d&#8217;augmenter l&#8217;esp\u00e9rance de vie moyenne en Europe centrale \u00e0 plus de 50 ans. Pour les adultes atteints de mucoviscidose, il existe d\u00e9sormais un certain nombre d&#8217;options pour g\u00e9rer la maladie.<\/strong><\/p>\n<p> <!--more--> <\/p>\n<p>L&#8217;introduction des enzymes pancr\u00e9atiques a constitu\u00e9 une avanc\u00e9e th\u00e9rapeutique majeure, mais la cr\u00e9ation de centres o\u00f9 les patients atteints de mucoviscidose sont trait\u00e9s de mani\u00e8re cibl\u00e9e a \u00e9galement contribu\u00e9 \u00e0 augmenter la probabilit\u00e9 de survie, a d\u00e9clar\u00e9 en guise d&#8217;introduction le Dr Sivagurunathan Sutharsan, m\u00e9decin-chef \u00e0 la clinique de pneumologie, Ruhrlandklinik, Universit\u00e4tsmedizin Essen (D). En 1989, le g\u00e8ne CFTR a \u00e9t\u00e9 d\u00e9couvert. En 2014, l&#8217;ivacaftor (IVA) a \u00e9t\u00e9 la premi\u00e8re substance active \u00e0 \u00eatre autoris\u00e9e en Suisse pour un petit groupe de patients (5-6%). Depuis, il existe trois autres modulateurs, disponibles sous forme de combinaison et, depuis ao\u00fbt 2020, sous forme de triple.  <span style=\"font-family:franklin gothic demi\">(Tab.1).<\/span><\/p>\n<p>&nbsp;<\/p>\n<p><img fetchpriority=\"high\" decoding=\"async\" class=\" size-full wp-image-19139\" alt=\"\" src=\"https:\/\/medizinonline.com\/wp-content\/uploads\/2022\/06\/tab1_pa2_s30_0.png\" style=\"height:148px; width:600px\" width=\"1100\" height=\"272\" srcset=\"https:\/\/medizinonline.com\/wp-content\/uploads\/2022\/06\/tab1_pa2_s30_0.png 1100w, https:\/\/medizinonline.com\/wp-content\/uploads\/2022\/06\/tab1_pa2_s30_0-800x198.png 800w, https:\/\/medizinonline.com\/wp-content\/uploads\/2022\/06\/tab1_pa2_s30_0-120x30.png 120w, https:\/\/medizinonline.com\/wp-content\/uploads\/2022\/06\/tab1_pa2_s30_0-90x22.png 90w, https:\/\/medizinonline.com\/wp-content\/uploads\/2022\/06\/tab1_pa2_s30_0-320x79.png 320w, https:\/\/medizinonline.com\/wp-content\/uploads\/2022\/06\/tab1_pa2_s30_0-560x138.png 560w\" sizes=\"(max-width: 1100px) 100vw, 1100px\" \/><\/p>\n<p>&nbsp;<\/p>\n<h2 id=\"complications-croissantes-avec-lage\">Complications croissantes avec l&#8217;\u00e2ge<\/h2>\n<p>Les premi\u00e8res complications apparaissent d\u00e8s la petite enfance : les enfants se pr\u00e9sentent souvent (jusqu&#8217;\u00e0 25%) avec l&#8217;il\u00e9us m\u00e9conial comme indicateur le plus pr\u00e9coce, le plus souvent (&gt;85%), une insuffisance pancr\u00e9atique est d\u00e9j\u00e0 pr\u00e9sente et les infections pulmonaires sont souvent d\u00e9j\u00e0 pr\u00e9sentes (mais seulement  &lt;25% de <em>Pseudomonas aeruginosa).<\/em> Au cours de l&#8217;enfance et de l&#8217;adolescence, la proportion de <em>P. aeruginosa<\/em> augmente pour atteindre environ 45%, mais d&#8217;autres organes entrent \u00e9galement en jeu, notamment les maladies du foie et les polypes nasaux (25%). Enfin, \u00e0 l&#8217;\u00e2ge adulte, le tableau complet appara\u00eet, avec notamment de graves maladies pulmonaires et osseuses <span style=\"font-family:franklin gothic demi\">(aper\u00e7u&nbsp;1).<\/span><\/p>\n<p>Au cours de la premi\u00e8re d\u00e9cennie de la vie, <em>Staphylococcus aureus<\/em> et <em>Haemophilus influenzae<\/em> sont les bact\u00e9ries les plus fr\u00e9quemment isol\u00e9es des crachats dans la mucoviscidose, tandis que Pseudomonas aerugiosa est beaucoup plus fr\u00e9quent au cours de la deuxi\u00e8me et de la troisi\u00e8me d\u00e9cennie.<\/p>\n<p>&nbsp;<\/p>\n<p><img decoding=\"async\" class=\"size-full wp-image-19140 lazyload\" alt=\"\" data-src=\"https:\/\/medizinonline.com\/wp-content\/uploads\/2022\/06\/ubersicht1_pa2_s30.png\" style=\"--smush-placeholder-width: 718px; --smush-placeholder-aspect-ratio: 718\/761;height:424px; width:400px\" width=\"718\" height=\"761\" src=\"data:image\/svg+xml;base64,PHN2ZyB3aWR0aD0iMSIgaGVpZ2h0PSIxIiB4bWxucz0iaHR0cDovL3d3dy53My5vcmcvMjAwMC9zdmciPjwvc3ZnPg==\"><\/p>\n<p>&nbsp;<\/p>\n<h2 id=\"les-exacerbations-augmentent-le-risque\">Les exacerbations augmentent le risque<\/h2>\n<p>La pr\u00e9vention des exacerbations est un \u00e9l\u00e9ment central de la prise en charge de la mucoviscidose. &#8220;Les patients qui ont plus de deux exacerbations pulmonaires par an doivent s&#8217;attendre \u00e0 un risque accru de d\u00e9c\u00e8s ou de transplantation pulmonaire&#8221;, a expliqu\u00e9 le Dr Sutharsan. La r\u00e9duction du nombre d&#8217;exacerbations et de la perte de fonction pulmonaire qui s&#8217;ensuit devrait donc \u00eatre un objectif majeur de la prise en charge de la mucoviscidose.<\/p>\n<p>Lors de la prise en charge, une physioth\u00e9rapie est g\u00e9n\u00e9ralement prescrite afin d&#8217;\u00e9vacuer les s\u00e9cr\u00e9tions des poumons, une antibioth\u00e9rapie est indiqu\u00e9e en cas d&#8217;infection chronique par des pseudomonas ou des staphylocoques, des macrolides tels que l&#8217;azithromycine sont souvent utilis\u00e9s en traitement continu en cas de colonisation chronique par des pseudomonas. Si les patients saignent, on a la possibilit\u00e9 de r\u00e9aliser une occlusion des art\u00e8res bronchiques. Le traitement par modulateurs du CFTR est une nouveaut\u00e9 <span style=\"font-family:franklin gothic demi\">(aper\u00e7u&nbsp;2).<\/span><\/p>\n<p>&nbsp;<\/p>\n<p><img decoding=\"async\" class=\"size-full wp-image-19141 lazyload\" alt=\"\" data-src=\"https:\/\/medizinonline.com\/wp-content\/uploads\/2022\/06\/ubersicht2_pa2_s30.png\" style=\"--smush-placeholder-width: 713px; --smush-placeholder-aspect-ratio: 713\/767;height:430px; width:400px\" width=\"713\" height=\"767\" src=\"data:image\/svg+xml;base64,PHN2ZyB3aWR0aD0iMSIgaGVpZ2h0PSIxIiB4bWxucz0iaHR0cDovL3d3dy53My5vcmcvMjAwMC9zdmciPjwvc3ZnPg==\"><\/p>\n<p>&nbsp;<\/p>\n<h2 id=\"modulateurs-cftr\">Modulateurs CFTR<\/h2>\n<p>Dans le cas de la mutation la plus fr\u00e9quente, F508del, la prot\u00e9ine est certes produite, mais elle est g\u00e9n\u00e9ralement d\u00e9grad\u00e9e dans la cellule. Mais avec les nouveaux modulateurs, les correcteurs CFTR Elexacaftor (ELX) et Tezacaftor (TEZ), le canal chlorure est stabilis\u00e9 sur diff\u00e9rents sites de liaison, ce qui emp\u00eache la d\u00e9gradation. Il s&#8217;ensuit un transport dirig\u00e9 vers la surface cellulaire, o\u00f9 le potentialisateur CFTR Ivacaftor peut augmenter la probabilit\u00e9 d&#8217;ouverture du canal chlorure. Il existe aujourd&#8217;hui 4 modulateurs CFTR approuv\u00e9s. Alors que l&#8217;ivacaftor peut \u00eatre utilis\u00e9 chez environ 5% de la population atteinte de mucoviscidose, la nouvelle triple combinaison ivacaftor\/t\u00e9zacaftor\/lexacaftor permet de traiter environ 90% des patients dans le monde. Pour pouvoir b\u00e9n\u00e9ficier du traitement, il faut avoir au moins une mutation 508 sur un all\u00e8le. &#8220;La deuxi\u00e8me mutation n&#8217;a g\u00e9n\u00e9ralement pas d&#8217;importance&#8221;, explique le Dr Sutharsan. Les effets secondaires d\u00e9crits sont principalement des \u00e9ruptions cutan\u00e9es et des d\u00e9mangeaisons, qui sont g\u00e9n\u00e9ralement bien contr\u00f4l\u00e9es par des antihistaminiques oraux ou des st\u00e9ro\u00efdes. Un bon effet n&#8217;est toutefois pas seulement d\u00e9crit sur les poumons, mais aussi sur les sinus.<\/p>\n<p>Dans sa clinique d&#8217;Essen, le Dr Sutharsan et ses coll\u00e8gues ont mis 133 patients atteints de mucoviscidose sous le nouveau triple ELX\/TEZ\/IVA (80 homozygotes, 32 + 21 (cas difficiles) h\u00e9t\u00e9rozygotes). Dans le groupe homozygote, 96 hospitalisations sous traitement i.v. ont eu lieu au cours des 12 mois pr\u00e9c\u00e9dents en raison d&#8217;exacerbations. En 6 mois de triple traitement, ce nombre a \u00e9t\u00e9 r\u00e9duit \u00e0 seulement 5 th\u00e9rapies IV. La situation \u00e9tait similaire chez les h\u00e9t\u00e9rozygotes : Les 29 + 74 (cas de rigueur) traitements IV avant l&#8217;introduction sur une p\u00e9riode de 12 mois sont devenus seulement 2 + 7 (cas de rigueur) traitements IV au cours des 6 premiers mois sous ELX\/TEZ\/IVA. Bien qu&#8217;il faille attendre la suite des \u00e9v\u00e9nements, les chiffres &#8220;montrent d\u00e9j\u00e0 les \u00e9normes progr\u00e8s th\u00e9rapeutiques apport\u00e9s par les nouveaux modulateurs&#8221;, a conclu le Dr Sutharsan.<br \/>\n&nbsp;<\/p>\n<p><em>Source :&nbsp;128. Congr\u00e8s de la Soci\u00e9t\u00e9 allemande de m\u00e9decine interne (DGIM)<\/em><\/p>\n<p>&nbsp;<\/p>\n<p><em>InFo PNEUMOLOGIE &amp; ALLERGOLOGIE 2022 ; 4(2) : 30-31<\/em><\/p>\n","protected":false},"excerpt":{"rendered":"<p>Dans le pass\u00e9, le diagnostic de fibrose kystique (CF) \u00e9tait synonyme de d\u00e9c\u00e8s pr\u00e9coce, g\u00e9n\u00e9ralement avant l&#8217;\u00e2ge de 30 ans. Cette maladie h\u00e9r\u00e9ditaire raccourcit encore la vie, mais les progr\u00e8s&hellip;<\/p>\n","protected":false},"author":7,"featured_media":121536,"comment_status":"closed","ping_status":"","sticky":false,"template":"","format":"standard","meta":{"_acf_changed":false,"pmpro_default_level":"","cat_1_feature_home_top":false,"cat_2_editor_pick":false,"csco_eyebrow_text":"La mucoviscidose \u00e0 l'\u00e2ge adulte","footnotes":""},"category":[11527,11477,11535,11549],"tags":[15491,15500,15496,12169],"powerkit_post_featured":[],"class_list":["post-325568","post","type-post","status-publish","format-standard","has-post-thumbnail","category-etudes","category-pneumologie-fr","category-rapports-de-congres","category-rx-fr","tag-cf-fr","tag-dgim-fr","tag-fibrose-kystique-fr","tag-fibrose-kystique","pmpro-has-access"],"acf":[],"publishpress_future_action":{"enabled":false,"date":"2026-05-09 00:54:35","action":"change-status","newStatus":"draft","terms":[],"taxonomy":"category","extraData":[]},"publishpress_future_workflow_manual_trigger":{"enabledWorkflows":[]},"wpml_current_locale":"fr_FR","wpml_translations":{"it_IT":{"locale":"it_IT","id":325584,"slug":"speranza-per-il-90-dei-pazienti","post_title":"Speranza per il 90% dei pazienti","href":"https:\/\/medizinonline.com\/it\/speranza-per-il-90-dei-pazienti\/"},"pt_PT":{"locale":"pt_PT","id":325589,"slug":"esperanca-para-90-dos-doentes","post_title":"Esperan\u00e7a para 90% dos doentes","href":"https:\/\/medizinonline.com\/pt-pt\/esperanca-para-90-dos-doentes\/"},"es_ES":{"locale":"es_ES","id":325592,"slug":"esperanza-para-el-90-de-los-pacientes","post_title":"Esperanza para el 90% de los pacientes","href":"https:\/\/medizinonline.com\/es\/esperanza-para-el-90-de-los-pacientes\/"}},"_links":{"self":[{"href":"https:\/\/medizinonline.com\/fr\/wp-json\/wp\/v2\/posts\/325568","targetHints":{"allow":["GET"]}}],"collection":[{"href":"https:\/\/medizinonline.com\/fr\/wp-json\/wp\/v2\/posts"}],"about":[{"href":"https:\/\/medizinonline.com\/fr\/wp-json\/wp\/v2\/types\/post"}],"author":[{"embeddable":true,"href":"https:\/\/medizinonline.com\/fr\/wp-json\/wp\/v2\/users\/7"}],"replies":[{"embeddable":true,"href":"https:\/\/medizinonline.com\/fr\/wp-json\/wp\/v2\/comments?post=325568"}],"version-history":[{"count":0,"href":"https:\/\/medizinonline.com\/fr\/wp-json\/wp\/v2\/posts\/325568\/revisions"}],"wp:featuredmedia":[{"embeddable":true,"href":"https:\/\/medizinonline.com\/fr\/wp-json\/wp\/v2\/media\/121536"}],"wp:attachment":[{"href":"https:\/\/medizinonline.com\/fr\/wp-json\/wp\/v2\/media?parent=325568"}],"wp:term":[{"taxonomy":"category","embeddable":true,"href":"https:\/\/medizinonline.com\/fr\/wp-json\/wp\/v2\/category?post=325568"},{"taxonomy":"post_tag","embeddable":true,"href":"https:\/\/medizinonline.com\/fr\/wp-json\/wp\/v2\/tags?post=325568"},{"taxonomy":"powerkit_post_featured","embeddable":true,"href":"https:\/\/medizinonline.com\/fr\/wp-json\/wp\/v2\/powerkit_post_featured?post=325568"}],"curies":[{"name":"wp","href":"https:\/\/api.w.org\/{rel}","templated":true}]}}