{"id":325776,"date":"2022-05-20T14:00:00","date_gmt":"2022-05-20T12:00:00","guid":{"rendered":"https:\/\/medizinonline.com\/urticaire-chronique-prevalence-accrue-des-troubles-mentaux\/"},"modified":"2022-05-20T14:00:00","modified_gmt":"2022-05-20T12:00:00","slug":"urticaire-chronique-prevalence-accrue-des-troubles-mentaux","status":"publish","type":"post","link":"https:\/\/medizinonline.com\/fr\/urticaire-chronique-prevalence-accrue-des-troubles-mentaux\/","title":{"rendered":"Urticaire chronique : pr\u00e9valence accrue des troubles mentaux"},"content":{"rendered":"<p><strong>Selon une analyse secondaire, pr\u00e8s d&#8217;un patient sur trois souffrant d&#8217;urticaire chronique souffre d&#8217;au moins un trouble mental. Les perturbations du rythme veille-sommeil sont les plus fr\u00e9quentes, suivies par les troubles anxieux et les troubles de l&#8217;humeur.<\/strong><\/p>\n<p> <!--more--> <\/p>\n<p>La persistance de quintes et\/ou d&#8217;angioed\u00e8mes pendant 6 semaines ou plus est tr\u00e8s p\u00e9nible pour les personnes concern\u00e9es. Les l\u00e9sions urticariennes peuvent \u00eatre associ\u00e9es \u00e0 de fortes d\u00e9mangeaisons, les angio-\u0153d\u00e8mes sont souvent douloureux et provoquent des br\u00fblures. La qualit\u00e9 de vie des patients est souvent affect\u00e9e. Le stress, les troubles du sommeil et les \u00e9motions n\u00e9gatives telles que la col\u00e8re et les sautes d&#8217;humeur sont des sympt\u00f4mes psychologiques typiques [1\u20133].<\/p>\n<p>Afin d&#8217;\u00e9valuer les preuves scientifiquement document\u00e9es concernant les troubles mentaux comorbides dans l&#8217;urticaire chronique, un groupe de recherche a effectu\u00e9 une revue syst\u00e9matique de la litt\u00e9rature selon le protocole PRISMA (&#8220;Preferred Reporting Items for Systematic Reviews and Meta-Analyses&#8221;) [4,5]. Au total, 25 \u00e9tudes ont \u00e9t\u00e9 incluses dans l&#8217;analyse.&nbsp;  Les \u00e9valuations ont r\u00e9v\u00e9l\u00e9 que les patients atteints d&#8217;urticaire chronique (UC) souffraient plus souvent de troubles psychologiques que la population g\u00e9n\u00e9rale en bonne sant\u00e9 [4]. Selon l&#8217;analyse des donn\u00e9es regroup\u00e9es de plusieurs m\u00e9ta-analyses, la pr\u00e9valence de tout diagnostic psychiatrique chez les patients atteints de CU \u00e9tait de 31,6%. Selon le syst\u00e8me de classification DSM-5 (Diagnostic and Statistical Manual of Mental Disorders), les troubles du rythme veille-sommeil \u00e9taient les plus fr\u00e9quents (36,7%), suivis par les troubles anxieux (30,6%) et les troubles de l&#8217;humeur (29,4%). 17,3% souffraient d&#8217;un trouble li\u00e9 \u00e0 un traumatisme ou \u00e0 un stress, 17,2% d&#8217;un trouble de stress somatique, 9,3% d&#8217;un trouble obsessionnel-compulsif et 4% d&#8217;un trouble de d\u00e9pendance \u00e0 une substance.<\/p>\n<p>&nbsp;<\/p>\n<p>Litt\u00e9rature :<\/p>\n<ol>\n<li>Altinoz AE, et al : Adv Ther 2014 ; 31(9) : 1000-1007.<\/li>\n<li>O&#8217;Donnell BF, et al : Br J Dermatol 1997 ; 136(2) : 197-201.<\/li>\n<li>Potocka A, et al. : Acta Dermatovenerol Alp Pannonica Adriat 2009 ; 18(2) : 53-58, 60, 62.<\/li>\n<li>Konstantinou GN, Konstantinou GN : Clin Transl Allergy 2019 ; 9 : 42. doi : 10.1186\/s13601-019-0278-3.<\/li>\n<li>Liberati A, et al : BMJ. 2009 ; 339 : b2700. doi : 10.1136\/bmj.b2700.<\/li>\n<\/ol>\n<p>&nbsp;<\/p>\n<p><em>DERMATOLOGIE PRATIQUE 2022 ; 32(2) : 51<\/em><\/p>\n","protected":false},"excerpt":{"rendered":"<p>Selon une analyse secondaire, pr\u00e8s d&#8217;un patient sur trois souffrant d&#8217;urticaire chronique souffre d&#8217;au moins un trouble mental. Les perturbations du rythme veille-sommeil sont les plus fr\u00e9quentes, suivies par les&hellip;<\/p>\n","protected":false},"author":7,"featured_media":120322,"comment_status":"closed","ping_status":"","sticky":false,"template":"","format":"standard","meta":{"_acf_changed":false,"pmpro_default_level":"","cat_1_feature_home_top":false,"cat_2_editor_pick":false,"csco_eyebrow_text":"Recherche sur la comorbidit\u00e9","footnotes":""},"category":[11349,11362,11527,11531,11489,11549],"tags":[13979],"powerkit_post_featured":[],"class_list":["post-325776","post","type-post","status-publish","format-standard","has-post-thumbnail","category-allergologie-et-immunologie-clinique","category-dermatologie-et-venerologie","category-etudes","category-formation-continue","category-psychiatrie-et-psychotherapie","category-rx-fr","tag-urticaire","pmpro-has-access"],"acf":[],"publishpress_future_action":{"enabled":false,"date":"2026-05-07 05:43:53","action":"change-status","newStatus":"draft","terms":[],"taxonomy":"category","extraData":[]},"publishpress_future_workflow_manual_trigger":{"enabledWorkflows":[]},"wpml_current_locale":"fr_FR","wpml_translations":{"it_IT":{"locale":"it_IT","id":325728,"slug":"orticaria-cronica-aumento-della-prevalenza-di-disturbi-mentali","post_title":"Orticaria cronica: aumento della prevalenza di disturbi mentali","href":"https:\/\/medizinonline.com\/it\/orticaria-cronica-aumento-della-prevalenza-di-disturbi-mentali\/"},"pt_PT":{"locale":"pt_PT","id":325739,"slug":"urticaria-cronica-aumento-da-prevalencia-de-perturbacoes-mentais","post_title":"Urtic\u00e1ria cr\u00f3nica: aumento da preval\u00eancia de perturba\u00e7\u00f5es mentais","href":"https:\/\/medizinonline.com\/pt-pt\/urticaria-cronica-aumento-da-prevalencia-de-perturbacoes-mentais\/"},"es_ES":{"locale":"es_ES","id":325744,"slug":"urticaria-cronica-mayor-prevalencia-de-trastornos-mentales","post_title":"Urticaria cr\u00f3nica: mayor prevalencia de trastornos mentales","href":"https:\/\/medizinonline.com\/es\/urticaria-cronica-mayor-prevalencia-de-trastornos-mentales\/"}},"_links":{"self":[{"href":"https:\/\/medizinonline.com\/fr\/wp-json\/wp\/v2\/posts\/325776","targetHints":{"allow":["GET"]}}],"collection":[{"href":"https:\/\/medizinonline.com\/fr\/wp-json\/wp\/v2\/posts"}],"about":[{"href":"https:\/\/medizinonline.com\/fr\/wp-json\/wp\/v2\/types\/post"}],"author":[{"embeddable":true,"href":"https:\/\/medizinonline.com\/fr\/wp-json\/wp\/v2\/users\/7"}],"replies":[{"embeddable":true,"href":"https:\/\/medizinonline.com\/fr\/wp-json\/wp\/v2\/comments?post=325776"}],"version-history":[{"count":0,"href":"https:\/\/medizinonline.com\/fr\/wp-json\/wp\/v2\/posts\/325776\/revisions"}],"wp:featuredmedia":[{"embeddable":true,"href":"https:\/\/medizinonline.com\/fr\/wp-json\/wp\/v2\/media\/120322"}],"wp:attachment":[{"href":"https:\/\/medizinonline.com\/fr\/wp-json\/wp\/v2\/media?parent=325776"}],"wp:term":[{"taxonomy":"category","embeddable":true,"href":"https:\/\/medizinonline.com\/fr\/wp-json\/wp\/v2\/category?post=325776"},{"taxonomy":"post_tag","embeddable":true,"href":"https:\/\/medizinonline.com\/fr\/wp-json\/wp\/v2\/tags?post=325776"},{"taxonomy":"powerkit_post_featured","embeddable":true,"href":"https:\/\/medizinonline.com\/fr\/wp-json\/wp\/v2\/powerkit_post_featured?post=325776"}],"curies":[{"name":"wp","href":"https:\/\/api.w.org\/{rel}","templated":true}]}}