{"id":326062,"date":"2022-04-13T09:32:38","date_gmt":"2022-04-13T07:32:38","guid":{"rendered":"https:\/\/medizinonline.com\/ligne-directrice-s1-sur-les-cephalees-liees-a-la-surconsommation-danalgesiques-ou-de-medicaments-antimigraineux\/"},"modified":"2023-01-11T09:08:18","modified_gmt":"2023-01-11T08:08:18","slug":"ligne-directrice-s1-sur-les-cephalees-liees-a-la-surconsommation-danalgesiques-ou-de-medicaments-antimigraineux","status":"publish","type":"post","link":"https:\/\/medizinonline.com\/fr\/ligne-directrice-s1-sur-les-cephalees-liees-a-la-surconsommation-danalgesiques-ou-de-medicaments-antimigraineux\/","title":{"rendered":"Ligne directrice S1 sur les c\u00e9phal\u00e9es li\u00e9es \u00e0 la surconsommation d&#8217;analg\u00e9siques ou de m\u00e9dicaments antimigraineux"},"content":{"rendered":"<p><strong>Sous la direction de Hans-Christoph Diener, du d\u00e9partement de neuro\u00e9pid\u00e9miologie de l&#8217;Institut d&#8217;informatique m\u00e9dicale, de biom\u00e9trie et d&#8217;\u00e9pid\u00e9miologie (IMIBE) de l&#8217;Universit\u00e9 de Duisburg-Essen, et du professeur Peter Kropp, directeur de l&#8217;Institut de psychologie m\u00e9dicale et de sociologie m\u00e9dicale de l&#8217;Universit\u00e9 de Rostock, le guide S1 sur les c\u00e9phal\u00e9es li\u00e9es \u00e0 la surconsommation de m\u00e9dicaments contre la douleur ou la migraine (Medication Overuse Headache, MOH) a \u00e9t\u00e9 publi\u00e9.&nbsp;mis \u00e0 jour et publi\u00e9. La pr\u00e9valence mondiale des MOH se situe entre 0,7% et 1% et leur traitement entra\u00eene des co\u00fbts sociaux trois fois sup\u00e9rieurs \u00e0 ceux des migraines \u00e9pisodiques.<\/strong><\/p>\n<p> <!--more--> <\/p>\n<p><span style=\"color:rgb(34, 34, 34); font-family:helvetica neue,helveticaneue,helvetica,arial,lucida grande,sans-serif\">Plusieurs \u00e9l\u00e9ments nouveaux ont rendu n\u00e9cessaire la r\u00e9vision des lignes directrices de 2018 : La classification des c\u00e9phal\u00e9es par l&#8217;International Headache Society (IHS) avait pr\u00e9cis\u00e9 davantage les m\u00e9dicaments susceptibles de provoquer des c\u00e9phal\u00e9es par surconsommation d&#8217;analg\u00e9siques ou de migraines (Medication Overuse Headache, MOH). En outre, il est apparu que les anticorps monoclonaux dirig\u00e9s contre le CGRP ou le r\u00e9cepteur du CGRP, tels que le topiramate et l&#8217;onabotulinumtoxinA, \u00e9taient efficaces non seulement dans la prophylaxie de la migraine chronique, mais aussi dans le traitement des c\u00e9phal\u00e9es dues \u00e0 la surutilisation d&#8217;analg\u00e9siques ou d&#8217;antimigraineux. Les auteurs du guide soulignent toutefois que les mesures non m\u00e9dicamenteuses doivent compl\u00e9ter la prophylaxie m\u00e9dicamenteuse en cas de MOH. Le risque de rechute le plus important se situe dans l&#8217;ann\u00e9e qui suit une pause ou un sevrage m\u00e9dicamenteux.<\/span><\/p>\n<p><span style=\"color:rgb(34, 34, 34); font-family:helvetica neue,helveticaneue,helvetica,arial,lucida grande,sans-serif\">On parle de MOH lorsque des maux de t\u00eate surviennent plus de 15 jours par mois et qu&#8217;ils sont trait\u00e9s par un ou plusieurs m\u00e9dicaments antidouleur sur une p\u00e9riode de plus de trois mois. Pour les triptans, il est n\u00e9cessaire de les prendre plus de 10 jours par mois pour \u00e9tablir le diagnostic.<\/span><\/p>\n<p><span style=\"color:rgb(34, 34, 34); font-family:helvetica neue,helveticaneue,helvetica,arial,lucida grande,sans-serif\">Les principaux facteurs de risque de MOH sont, selon la ligne directrice, les c\u00e9phal\u00e9es primaires pr\u00e9existantes, par exemple les migraines ou les c\u00e9phal\u00e9es de tension, le sexe f\u00e9minin, &gt;10 jours de c\u00e9phal\u00e9es par mois, un faible statut social, d&#8217;autres maladies chroniques douloureuses, le stress, l&#8217;inactivit\u00e9 physique, l&#8217;ob\u00e9sit\u00e9, le tabagisme, les comportements de d\u00e9pendance et les maladies psychiatriques comme la d\u00e9pression ou l&#8217;anxi\u00e9t\u00e9.<\/span><\/p>\n<p><span style=\"color:rgb(34, 34, 34); font-family:helvetica neue,helveticaneue,helvetica,arial,lucida grande,sans-serif\">En outre, la ligne directrice fournit une mise \u00e0 jour sur le traitement, qui devrait \u00eatre effectu\u00e9 en plusieurs \u00e9tapes. Le taux de r\u00e9ussite d&#8217;un tel traitement \u00e9chelonn\u00e9 est d&#8217;environ 50 \u00e0 70% apr\u00e8s 6 \u00e0 12 mois. Le taux de rechute est particuli\u00e8rement \u00e9lev\u00e9 chez les patients qui consomment trop d&#8217;opio\u00efdes. Les niveaux comprennent<\/span><\/p>\n<ul>\n<li><span style=\"color:rgb(34, 34, 34); font-family:helvetica neue,helveticaneue,helvetica,arial,lucida grande,sans-serif\">Les patients souffrant de surconsommation de m\u00e9dicaments (Medication Overuse = MO) ou de c\u00e9phal\u00e9es li\u00e9es \u00e0 la surconsommation de m\u00e9dicaments (Medication Overuse Headache = MOH) doivent d&#8217;abord \u00eatre inform\u00e9s de la relation entre la prise fr\u00e9quente de m\u00e9dicaments symptomatiques contre les c\u00e9phal\u00e9es et la chronicit\u00e9 de ces derni\u00e8res. L&#8217;objectif est de r\u00e9duire et de limiter la prise de m\u00e9dicaments aigus.<\/span><\/li>\n<li><span style=\"color:rgb(34, 34, 34); font-family:helvetica neue,helveticaneue,helvetica,arial,lucida grande,sans-serif\">Dans un deuxi\u00e8me temps, une prophylaxie devrait \u00eatre initi\u00e9e chez les patients souffrant de migraine et de surconsommation d&#8217;analg\u00e9siques ou de m\u00e9dicaments contre la migraine (MOH). Le topiramate, l&#8217;onabotulinumtoxinA et les anticorps monoclonaux dirig\u00e9s contre le CGRP ou le r\u00e9cepteur du CGRP peuvent \u00e9galement \u00eatre efficaces pendant une surconsommation m\u00e9dicamenteuse existante. Chez les patients souffrant de c\u00e9phal\u00e9es de type tensionnel, la prophylaxie m\u00e9dicamenteuse est assur\u00e9e par l&#8217;amitriptyline. La prophylaxie m\u00e9dicamenteuse doit \u00eatre compl\u00e9t\u00e9e par des mesures non m\u00e9dicamenteuses.<\/span><\/li>\n<li><span style=\"color:rgb(34, 34, 34); font-family:helvetica neue,helveticaneue,helvetica,arial,lucida grande,sans-serif\">Pour les personnes chez qui l&#8217;\u00e9ducation et la prophylaxie m\u00e9dicamenteuse ne sont pas suffisantes, une pause m\u00e9dicamenteuse est une alternative. Selon la situation, celle-ci doit \u00eatre r\u00e9alis\u00e9e en ambulatoire, en h\u00f4pital de jour ou en hospitalisation.&nbsp;<\/span><\/li>\n<li><span style=\"color:rgb(34, 34, 34); font-family:helvetica neue,helveticaneue,helvetica,arial,lucida grande,sans-serif\">Les personnes souffrant de c\u00e9phal\u00e9es dues \u00e0 une surconsommation d&#8217;opio\u00efdes doivent suivre un traitement de sevrage en milieu hospitalier.&nbsp;<\/span><\/li>\n<li><span style=\"color:rgb(34, 34, 34); font-family:helvetica neue,helveticaneue,helvetica,arial,lucida grande,sans-serif\">Les antid\u00e9presseurs tricycliques, les neuroleptiques (anti\u00e9m\u00e9tiques) et l&#8217;administration de st\u00e9ro\u00efdes sont recommand\u00e9s pour traiter les sympt\u00f4mes de sevrage ou les maux de t\u00eate pendant la pause m\u00e9dicamenteuse.<\/span><\/li>\n<li><span style=\"color:rgb(34, 34, 34); font-family:helvetica neue,helveticaneue,helvetica,arial,lucida grande,sans-serif\">Une \u00e9ducation coh\u00e9rente du patient et la poursuite d&#8217;un suivi \u00e9troit r\u00e9duisent le risque de rechute.<\/span><\/li>\n<\/ul>\n<p>\n<span style=\"color:rgb(34, 34, 34); font-family:helvetica neue,helveticaneue,helvetica,arial,lucida grande,sans-serif\">&#8220;L&#8217;importance de la ligne directrice r\u00e9side dans le fait qu&#8217;elle attire l&#8217;attention sur le probl\u00e8me du MOH et qu&#8217;elle sensibilise \u00e9galement les m\u00e9decins \u00e0 ce probl\u00e8me&#8221;, explique l&#8217;auteur de la ligne directrice, M. Diener.<\/span><\/p>\n<p>&nbsp;<\/p>\n<h5 id=\"publication-originale\"><span style=\"font-size:14px\">Publication originale :<\/span><\/h5>\n<p><a href=\"https:\/\/dgn.org\/leitlinien\/ll-030-131-kopfschmerz-bei-uebergebrauch-von-schmerz-oder-migraenemitteln\/\" style=\"box-sizing: border-box; color: rgb(27, 123, 69); text-decoration: none; line-height: inherit; outline: none 0px;\" target=\"_new\" rel=\"noopener\"><span style=\"color:#000000\">https:\/\/dgn.org\/leitlinien\/ll-030-131-kopfschmerz-bei-uebergebrauch-von-schmerz-&#8230;<\/span><\/a><\/p>\n","protected":false},"excerpt":{"rendered":"<p>Sous la direction de Hans-Christoph Diener, du d\u00e9partement de neuro\u00e9pid\u00e9miologie de l&#8217;Institut d&#8217;informatique m\u00e9dicale, de biom\u00e9trie et d&#8217;\u00e9pid\u00e9miologie (IMIBE) de l&#8217;Universit\u00e9 de Duisburg-Essen, et du professeur Peter Kropp, directeur de&hellip;<\/p>\n","protected":false},"author":16,"featured_media":119668,"comment_status":"closed","ping_status":"closed","sticky":false,"template":"","format":"standard","meta":{"_acf_changed":false,"pmpro_default_level":"","cat_1_feature_home_top":false,"cat_2_editor_pick":false,"csco_eyebrow_text":"Mise \u00e0 jour","footnotes":""},"category":[11523,11383,11549],"tags":[],"powerkit_post_featured":[],"class_list":["post-326062","post","type-post","status-publish","format-standard","has-post-thumbnail","category-actualites","category-neurologie-fr","category-rx-fr","pmpro-has-access"],"acf":[],"publishpress_future_action":{"enabled":false,"date":"2026-05-06 07:09:11","action":"change-status","newStatus":"draft","terms":[],"taxonomy":"category","extraData":[]},"publishpress_future_workflow_manual_trigger":{"enabledWorkflows":[]},"wpml_current_locale":"fr_FR","wpml_translations":{"it_IT":{"locale":"it_IT","id":326068,"slug":"linea-guida-s1-cefalea-associata-a-un-uso-eccessivo-di-analgesici-o-di-farmaci-contro-lemicrania","post_title":"Linea guida S1 Cefalea associata a un uso eccessivo di analgesici o di farmaci contro l'emicrania","href":"https:\/\/medizinonline.com\/it\/linea-guida-s1-cefalea-associata-a-un-uso-eccessivo-di-analgesici-o-di-farmaci-contro-lemicrania\/"},"pt_PT":{"locale":"pt_PT","id":326076,"slug":"s1-directriz-dores-de-cabeca-associados-ao-uso-excessivo-de-analgesicos-ou-medicamentos-para-enxaquecas","post_title":"S1 Directriz Dores de cabe\u00e7a associados ao uso excessivo de analg\u00e9sicos ou medicamentos para enxaquecas","href":"https:\/\/medizinonline.com\/pt-pt\/s1-directriz-dores-de-cabeca-associados-ao-uso-excessivo-de-analgesicos-ou-medicamentos-para-enxaquecas\/"},"es_ES":{"locale":"es_ES","id":326084,"slug":"directriz-s1-cefalea-asociada-al-uso-excesivo-de-analgesicos-o-medicamentos-para-la-migrana","post_title":"Directriz S1 Cefalea asociada al uso excesivo de analg\u00e9sicos o medicamentos para la migra\u00f1a","href":"https:\/\/medizinonline.com\/es\/directriz-s1-cefalea-asociada-al-uso-excesivo-de-analgesicos-o-medicamentos-para-la-migrana\/"}},"_links":{"self":[{"href":"https:\/\/medizinonline.com\/fr\/wp-json\/wp\/v2\/posts\/326062","targetHints":{"allow":["GET"]}}],"collection":[{"href":"https:\/\/medizinonline.com\/fr\/wp-json\/wp\/v2\/posts"}],"about":[{"href":"https:\/\/medizinonline.com\/fr\/wp-json\/wp\/v2\/types\/post"}],"author":[{"embeddable":true,"href":"https:\/\/medizinonline.com\/fr\/wp-json\/wp\/v2\/users\/16"}],"replies":[{"embeddable":true,"href":"https:\/\/medizinonline.com\/fr\/wp-json\/wp\/v2\/comments?post=326062"}],"version-history":[{"count":1,"href":"https:\/\/medizinonline.com\/fr\/wp-json\/wp\/v2\/posts\/326062\/revisions"}],"predecessor-version":[{"id":326117,"href":"https:\/\/medizinonline.com\/fr\/wp-json\/wp\/v2\/posts\/326062\/revisions\/326117"}],"wp:featuredmedia":[{"embeddable":true,"href":"https:\/\/medizinonline.com\/fr\/wp-json\/wp\/v2\/media\/119668"}],"wp:attachment":[{"href":"https:\/\/medizinonline.com\/fr\/wp-json\/wp\/v2\/media?parent=326062"}],"wp:term":[{"taxonomy":"category","embeddable":true,"href":"https:\/\/medizinonline.com\/fr\/wp-json\/wp\/v2\/category?post=326062"},{"taxonomy":"post_tag","embeddable":true,"href":"https:\/\/medizinonline.com\/fr\/wp-json\/wp\/v2\/tags?post=326062"},{"taxonomy":"powerkit_post_featured","embeddable":true,"href":"https:\/\/medizinonline.com\/fr\/wp-json\/wp\/v2\/powerkit_post_featured?post=326062"}],"curies":[{"name":"wp","href":"https:\/\/api.w.org\/{rel}","templated":true}]}}