{"id":326244,"date":"2022-03-26T01:00:00","date_gmt":"2022-03-26T00:00:00","guid":{"rendered":"https:\/\/medizinonline.com\/retour-a-la-vie-normale-avec-un-traitement-holistique-et-de-la-patience\/"},"modified":"2022-03-26T01:00:00","modified_gmt":"2022-03-26T00:00:00","slug":"retour-a-la-vie-normale-avec-un-traitement-holistique-et-de-la-patience","status":"publish","type":"post","link":"https:\/\/medizinonline.com\/fr\/retour-a-la-vie-normale-avec-un-traitement-holistique-et-de-la-patience\/","title":{"rendered":"Retour \u00e0 la vie normale avec un traitement holistique et de la patience"},"content":{"rendered":"<p><strong>M\u00eame apr\u00e8s une infection Covid l\u00e9g\u00e8re, des sympt\u00f4mes prolong\u00e9s peuvent appara\u00eetre, ce qui limite consid\u00e9rablement les personnes touch\u00e9es. Il y a de plus en plus d&#8217;\u00e9tablissements cliniques qui proposent des consultations et des programmes sp\u00e9cialis\u00e9s. La responsable de la consultation interprofessionnelle Long Covid de l&#8217;h\u00f4pital Waid de Zurich a fait part de son exp\u00e9rience \u00e0 l&#8217;occasion du symposium annuel de l&#8217;association des internistes g\u00e9n\u00e9ralistes et sp\u00e9cialis\u00e9s de Zurich.<\/strong><\/p>\n<p> <!--more--> <\/p>\n<p>Long Covid est un sujet tr\u00e8s d\u00e9battu qui suscite un grand int\u00e9r\u00eat dans le public. &#8220;\u00c0 la consultation Long Covid, nous travaillons surtout avec des patients qui pr\u00e9sentent encore des sympt\u00f4mes apr\u00e8s 12 semaines&#8221;, explique le m\u00e9decin-chef, le Dr Elisabeth Weber, m\u00e9decin cantonal et responsable de la consultation interprofessionnelle Long Covid de l&#8217;h\u00f4pital municipal de Waid [1].<\/p>\n<p>Les implications de ces troubles peuvent \u00eatre importantes et il est essentiel d&#8217;apporter un soutien appropri\u00e9 aux patients, a-t-il ajout\u00e9. De mai 2021 \u00e0 janvier 2022, 130 patients ont \u00e9t\u00e9 adress\u00e9s \u00e0 la consultation interprofessionnelle de l&#8217;h\u00f4pital municipal de Waid. Pour 50 de ces patients, le suivi \u00e9tait termin\u00e9, 50 \u00e9taient sous traitement en cours et 30 ont \u00e9t\u00e9 orient\u00e9s vers d&#8217;autres centres. Les donn\u00e9es de pr\u00e9valence de Long Covid\/Post Covid varient selon les \u00e9tudes et les sources de donn\u00e9es. On estime qu&#8217;environ 10 \u00e0 30 % des personnes atteintes de Covid-19 pr\u00e9sentent une \u00e9volution prolong\u00e9e des sympt\u00f4mes [2]. Dans une \u00e9tude incluant 143 patients Covid, 60 jours apr\u00e8s l&#8217;infection, 32% se plaignaient de 1 ou 2 sympt\u00f4mes et 55% d&#8217;au moins 3 sympt\u00f4mes [3]. Vaes et al. 2021 ont recueilli des donn\u00e9es sur 239 patients atteints de Covid-19 au long cours [4]. Il s&#8217;est av\u00e9r\u00e9 que les sympt\u00f4mes diminuaient dans les 3 \u00e0 6 mois suivant la phase aigu\u00eb de la maladie. Cela a \u00e9galement eu un impact sur les performances, mais environ la moiti\u00e9 des participants \u00e0 l&#8217;\u00e9tude ont continu\u00e9 \u00e0 s&#8217;absenter du travail pendant cette phase. Le pourcentage de personnes qui s&#8217;estimaient en bonne sant\u00e9 \u00e9tait de 16,7% apr\u00e8s cette p\u00e9riode.<\/p>\n<h2 id=\"les-troubles-lies-a-la-fatigue-sont-tres-frequents\">Les troubles li\u00e9s \u00e0 la fatigue sont tr\u00e8s fr\u00e9quents<\/h2>\n<p>Actuellement, il n&#8217;existe pas de d\u00e9finition professionnelle universelle des sympt\u00f4mes apr\u00e8s la phase aigu\u00eb d&#8217;une infection au Covid-19. Selon les lignes directrices actuelles, le covid long d\u00e9signe la pr\u00e9sence de sympt\u00f4mes au-del\u00e0 de 4 semaines apr\u00e8s le d\u00e9but d&#8217;une maladie aigu\u00eb covid-19 [5].  <span style=\"font-family:franklin gothic demi\">(Fig.&nbsp;1).<\/span>  Dans les \u00e9tudes cliniques, on trouve \u00e9galement la notion d'&#8221;infection \u00e0 Covid-19 persistante (prolong\u00e9e)&#8221; dans la p\u00e9riode de 4 \u00e0 12 semaines apr\u00e8s la phase aigu\u00eb de la maladie et celle de &#8220;syndrome post-Covid-19&#8221; d\u00e9fini par des sympt\u00f4mes persistants au-del\u00e0 de 12 semaines et non expliqu\u00e9s par un autre diagnostic [2]. La probabilit\u00e9 de d\u00e9velopper un syndrome de Long Covid est ind\u00e9pendante de la gravit\u00e9 de l&#8217;infection aigu\u00eb et le fait que les personnes concern\u00e9es aient \u00e9t\u00e9 hospitalis\u00e9es ou non ne joue aucun r\u00f4le [2]. Diff\u00e9rents syst\u00e8mes d&#8217;organes peuvent \u00eatre affect\u00e9s. Les sympt\u00f4mes tr\u00e8s fr\u00e9quents sont la fatigue, la dyspn\u00e9e, l&#8217;alt\u00e9ration des performances, les maux de t\u00eate, les troubles de l&#8217;odorat et du go\u00fbt [7]. La fatigue est un sympt\u00f4me tr\u00e8s dominant chez les patients Long Covid, souligne le Dr Weber.<\/p>\n<p>&nbsp;<\/p>\n<p><img fetchpriority=\"high\" decoding=\"async\" class=\" size-full wp-image-18660\" alt=\"\" src=\"https:\/\/medizinonline.com\/wp-content\/uploads\/2022\/03\/abb1_hp3_s4.png\" style=\"height:187px; width:600px\" width=\"1100\" height=\"343\" srcset=\"https:\/\/medizinonline.com\/wp-content\/uploads\/2022\/03\/abb1_hp3_s4.png 1100w, https:\/\/medizinonline.com\/wp-content\/uploads\/2022\/03\/abb1_hp3_s4-800x249.png 800w, https:\/\/medizinonline.com\/wp-content\/uploads\/2022\/03\/abb1_hp3_s4-120x37.png 120w, https:\/\/medizinonline.com\/wp-content\/uploads\/2022\/03\/abb1_hp3_s4-90x28.png 90w, https:\/\/medizinonline.com\/wp-content\/uploads\/2022\/03\/abb1_hp3_s4-320x100.png 320w, https:\/\/medizinonline.com\/wp-content\/uploads\/2022\/03\/abb1_hp3_s4-560x175.png 560w\" sizes=\"(max-width: 1100px) 100vw, 1100px\" \/><\/p>\n<p>&nbsp;<\/p>\n<h2 id=\"long-covid-est-il-une-maladie-a-part-entiere\">Long Covid est-il une maladie \u00e0 part enti\u00e8re ?<\/h2>\n<p>Il est difficile d&#8217;\u00e9valuer l&#8217;importance de la composante psychologique chez les patients pr\u00e9sentant des sympt\u00f4mes de Covid prolong\u00e9s. Il se pourrait que les conditions psychologiques de base pour Long Covid et le burnout soient similaires, selon l&#8217;intervenante. Environ la moiti\u00e9 d&#8217;entre eux ont connu un burnout dans le pass\u00e9, mais il semble y avoir d&#8217;autres composantes dans le cas de Long Covid, ce que les personnes concern\u00e9es peuvent bien diff\u00e9rencier, explique le Dr Weber [1]. En ce qui concerne les patients individuels qui se plaignent de sympt\u00f4mes similaires \u00e0 ceux de Long Covid apr\u00e8s avoir \u00e9t\u00e9 vaccin\u00e9s contre le SRAS-CoV-2, le Dr Weber souligne qu&#8217;il faut \u00eatre prudent dans l&#8217;interpr\u00e9tation. &#8220;Long Covid est un \u00e9norme baril&#8221;, a d\u00e9clar\u00e9 l&#8217;intervenant [1]. Le probl\u00e8me de la fatigue est \u00e9galement pr\u00e9sent dans le cadre d&#8217;autres maladies sous-jacentes, telles que la scl\u00e9rose en plaques ou le syndrome d&#8217;apn\u00e9e obstructive du sommeil, et est \u00e9galement un ph\u00e9nom\u00e8ne connu apr\u00e8s des maladies virales telles que la grippe ou l&#8217;EBV. De nombreux experts estiment que le Long Covid est une entit\u00e9 distincte au sens d&#8217;une maladie multisyst\u00e9mique. Le Dr Weber est \u00e9galement d&#8217;avis que cela est vrai pour les patients qui pr\u00e9sentent encore des sympt\u00f4mes plus de trois mois apr\u00e8s une maladie Covid-19 et pour lesquels il n&#8217;y a pas d&#8217;autre explication.<\/p>\n<h2 id=\"tableau-de-bord-long-covid-concept-de-traitement-interdisciplinaire-et-pragmatique\">Tableau de bord Long-Covid : Concept de traitement interdisciplinaire et pragmatique<\/h2>\n<p>Il existe plusieurs hypoth\u00e8ses concernant les facteurs \u00e9tiologiques, mais aucune n&#8217;a encore \u00e9t\u00e9 confirm\u00e9e empiriquement. Diff\u00e9rents m\u00e9canismes ont \u00e9t\u00e9 \u00e9voqu\u00e9s, tels que des limitations fonctionnelles de syst\u00e8mes d&#8217;organes multiples dues \u00e0 des l\u00e9sions tissulaires, ainsi qu&#8217;une auto-immunit\u00e9 post-virale [8]. Des \u00e9volutions similaires \u00e0 celles du covode long ont \u00e9t\u00e9 observ\u00e9es avec d&#8217;autres coronavirus (par exemple le SRAS-CoV-1 et le MERS) et pr\u00e9sentent des similitudes physiopathologiques avec un covode-19 post-aigu [2]. Certes, la plupart de ces patients se r\u00e9tablissent lentement ou spontan\u00e9ment avec un soutien holistique, du repos, un traitement symptomatique et une augmentation lente de l&#8217;activit\u00e9. Les complications graves pour la sant\u00e9 sont tr\u00e8s rares. Il est donc important de traiter les patients de mani\u00e8re pragmatique et d&#8217;\u00e9viter le surdiagnostic [2].<\/p>\n<p>&nbsp;<\/p>\n<p><img decoding=\"async\" class=\"size-full wp-image-18661 lazyload\" alt=\"\" data-src=\"https:\/\/medizinonline.com\/wp-content\/uploads\/2022\/03\/abb2_hp3_s5.png\" style=\"--smush-placeholder-width: 1100px; --smush-placeholder-aspect-ratio: 1100\/617;height:337px; width:600px\" width=\"1100\" height=\"617\" data-srcset=\"https:\/\/medizinonline.com\/wp-content\/uploads\/2022\/03\/abb2_hp3_s5.png 1100w, https:\/\/medizinonline.com\/wp-content\/uploads\/2022\/03\/abb2_hp3_s5-800x449.png 800w, https:\/\/medizinonline.com\/wp-content\/uploads\/2022\/03\/abb2_hp3_s5-120x67.png 120w, https:\/\/medizinonline.com\/wp-content\/uploads\/2022\/03\/abb2_hp3_s5-90x50.png 90w, https:\/\/medizinonline.com\/wp-content\/uploads\/2022\/03\/abb2_hp3_s5-320x179.png 320w, https:\/\/medizinonline.com\/wp-content\/uploads\/2022\/03\/abb2_hp3_s5-560x314.png 560w\" data-sizes=\"(max-width: 1100px) 100vw, 1100px\" src=\"data:image\/svg+xml;base64,PHN2ZyB3aWR0aD0iMSIgaGVpZ2h0PSIxIiB4bWxucz0iaHR0cDovL3d3dy53My5vcmcvMjAwMC9zdmciPjwvc3ZnPg==\" \/><\/p>\n<p>&nbsp;<\/p>\n<p>L&#8217;objectif de la consultation ambulatoire Long Covid de l&#8217;h\u00f4pital municipal de Waid est d&#8217;offrir un point de contact aux patients et aux m\u00e9decins de premier recours [1]. L&#8217;offre, bas\u00e9e sur un concept de prise en charge globale, s&#8217;adresse principalement aux personnes concern\u00e9es \u00e0 Zurich et dans les environs. L&#8217;\u00e9quipe interprofessionnelle comprend, outre les m\u00e9decins (internistes), des sp\u00e9cialistes de la physioth\u00e9rapie, de l&#8217;ergoth\u00e9rapie, de la psychologie\/neuropsychologie ainsi qu&#8217;un service de soins ambulatoires ou un service de soins psychosociaux \u00e0 domicile. Si n\u00e9cessaire, d&#8217;autres points de contact sont \u00e9galement indiqu\u00e9s. &#8220;La pi\u00e8ce ma\u00eetresse de notre travail est le Long Covid Board&#8221;, explique-t-elle. Dans le cadre de r\u00e9unions hebdomadaires, on y discute non seulement des cas, mais aussi des nouvelles connaissances scientifiques. L&#8217;approche th\u00e9rapeutique est orient\u00e9e vers une approche somatopsychique et interprofessionnelle <span style=\"font-family:franklin gothic demi\">(fig.&nbsp;2).<\/span> Les aspects importants sont, entre autres, l&#8217;information, la r\u00e9assurance et la prise au s\u00e9rieux des personnes concern\u00e9es. Les instructions sur la gestion de l&#8217;\u00e9nergie sont \u00e9galement un \u00e9l\u00e9ment essentiel dans le cadre du probl\u00e8me fr\u00e9quent de la fatigue.<\/p>\n<p>&nbsp;<\/p>\n<p><img decoding=\"async\" class=\"size-full wp-image-18662 lazyload\" alt=\"\" data-src=\"https:\/\/medizinonline.com\/wp-content\/uploads\/2022\/03\/kasten_hp3_s5_0.png\" style=\"--smush-placeholder-width: 1100px; --smush-placeholder-aspect-ratio: 1100\/420;height:229px; width:600px\" width=\"1100\" height=\"420\" data-srcset=\"https:\/\/medizinonline.com\/wp-content\/uploads\/2022\/03\/kasten_hp3_s5_0.png 1100w, https:\/\/medizinonline.com\/wp-content\/uploads\/2022\/03\/kasten_hp3_s5_0-800x305.png 800w, https:\/\/medizinonline.com\/wp-content\/uploads\/2022\/03\/kasten_hp3_s5_0-120x46.png 120w, https:\/\/medizinonline.com\/wp-content\/uploads\/2022\/03\/kasten_hp3_s5_0-90x34.png 90w, https:\/\/medizinonline.com\/wp-content\/uploads\/2022\/03\/kasten_hp3_s5_0-320x122.png 320w, https:\/\/medizinonline.com\/wp-content\/uploads\/2022\/03\/kasten_hp3_s5_0-560x214.png 560w\" data-sizes=\"(max-width: 1100px) 100vw, 1100px\" src=\"data:image\/svg+xml;base64,PHN2ZyB3aWR0aD0iMSIgaGVpZ2h0PSIxIiB4bWxucz0iaHR0cDovL3d3dy53My5vcmcvMjAwMC9zdmciPjwvc3ZnPg==\" \/><\/p>\n<p>&nbsp;<\/p>\n<p>Les patients sont adress\u00e9s par des m\u00e9decins g\u00e9n\u00e9ralistes et le d\u00e9lai d&#8217;attente est d&#8217;environ 4 \u00e0 6 semaines<span style=\"font-family:franklin gothic demi\"> (encadr\u00e9).<\/span> La consultation interprofessionnelle prend principalement en charge les patients qui pr\u00e9sentent des sympt\u00f4mes persistants 12 semaines apr\u00e8s le d\u00e9but d&#8217;une maladie aigu\u00eb \u00e0 Covid-19. Il est possible d&#8217;envoyer des patients plus t\u00f4t, le triage est alors effectu\u00e9, explique le Dr Weber.<\/p>\n<p>\n<em>Source :&nbsp;VZI Symposium<\/em><br \/>\n&nbsp;<\/p>\n<p>Litt\u00e9rature :<\/p>\n<ol>\n<li>Weber E : Long Covid &#8211; Exp\u00e9riences de consultations interprofessionnelles. KD Dr. med. Elisabeth Weber, VZI Symposium 12.01.2022<\/li>\n<li>Chmiel C : Long Covid\/PASC (s\u00e9quelles post-aigu\u00ebs de l&#8217;infection par le SRAS-CoV-2). Fiche d&#8217;information. Derni\u00e8re mise \u00e0 jour : 10\/2021, www.medix.ch\/wissen\/guidelines\/infektionskrankheiten\/Long Covid-pasc-post-acute-sequelae-of-sars-cov-2-infection-factsheet (derni\u00e8re consultation 04.03.2022)<\/li>\n<li>Carf\u00ec A, Bernabei R, Landi F : Gemelli Against COVID-19 Post-Acute Care Study Group. Sympt\u00f4mes persistants chez les patients apr\u00e8s un COVID-19 aigu. JAMA 2020 ; 324(6) : 603-605.<\/li>\n<li>Vaes AW, et al : Recovery from COVID-19 : a sprint or marathon ? 6-month follow-up data from online long COVID-19 support group members. ERJ Open Res 2021 ; 7(2) : 00141-2021.<\/li>\n<li>Rabady S, et al. : Ligne directrice S1 : Long COVID : Wien Klin Wochenschr 2021 ; 133 : 237-278.<\/li>\n<li>Sivan M, Taylor S : NICE guideline on long covid. BMJ 2020 ; 371 : m4938. DOI:10.1136\/bmj.m4938<\/li>\n<li>Deutscher Bundestag, www.bundestag.de\/resource\/blob\/845546\/c69b018b3a2ebd126c2589286de6e8cd\/19_14_0345-5-_Arbeitsgemeinschaft-der-Wissenschaftlichen-Medizinischen-Fachgesellschaft_Long Covid-data.pdf (derni\u00e8re consultation 04.03.2022)<\/li>\n<li>Puta C, Haunhorst S, Bloch W : Sports Orthopaedics and Traumatology 2021 ; 37(3) : 214-225.<\/li>\n<li>Koczulla AR, et al : S1-Leitlinie Post-COVID\/Long Covid. Registre AWMF n\u00b0 020\/027, version 12.07.2021.<\/li>\n<\/ol>\n<p>&nbsp;<\/p>\n<p><em>PRATIQUE DU M\u00c9DECIN DE FAMILLE 2022 ; 17(3) : 4-5<br \/>\nInFo NEUROLOGIE &amp; PSYCHIATRIE 2022 ; 20(2) : 38-39<\/em><\/p>\n","protected":false},"excerpt":{"rendered":"<p>M\u00eame apr\u00e8s une infection Covid l\u00e9g\u00e8re, des sympt\u00f4mes prolong\u00e9s peuvent appara\u00eetre, ce qui limite consid\u00e9rablement les personnes touch\u00e9es. Il y a de plus en plus d&#8217;\u00e9tablissements cliniques qui proposent des&hellip;<\/p>\n","protected":false},"author":7,"featured_media":118145,"comment_status":"closed","ping_status":"closed","sticky":false,"template":"","format":"standard","meta":{"_acf_changed":false,"pmpro_default_level":"","cat_1_feature_home_top":false,"cat_2_editor_pick":false,"csco_eyebrow_text":"Long Covid","footnotes":""},"category":[11523,11527,11531,11428,11315,11472,11383,11482,11535,11549],"tags":[13253,13034,13398,15493,15498],"powerkit_post_featured":[],"class_list":["post-326244","post","type-post","status-publish","format-standard","has-post-thumbnail","category-actualites","category-etudes","category-formation-continue","category-infectiologie","category-medecine-interne-generale","category-medecine-physique-et-de-readaptation","category-neurologie-fr","category-prevention-et-soins-de-sante","category-rapports-de-congres","category-rx-fr","tag-corona-fr","tag-fatigue-fr-2","tag-gestion-du-cabinet-medical","tag-long-covid-fr","tag-post-covid-fr","pmpro-has-access"],"acf":[],"publishpress_future_action":{"enabled":false,"date":"2026-05-03 14:33:07","action":"change-status","newStatus":"draft","terms":[],"taxonomy":"category","extraData":[]},"publishpress_future_workflow_manual_trigger":{"enabledWorkflows":[]},"wpml_current_locale":"fr_FR","wpml_translations":{"it_IT":{"locale":"it_IT","id":326251,"slug":"ritorno-alla-normale-vita-di-tutti-i-giorni-con-un-trattamento-olistico-e-con-pazienza","post_title":"Ritorno alla normale vita di tutti i giorni con un trattamento olistico e con pazienza","href":"https:\/\/medizinonline.com\/it\/ritorno-alla-normale-vita-di-tutti-i-giorni-con-un-trattamento-olistico-e-con-pazienza\/"},"pt_PT":{"locale":"pt_PT","id":326258,"slug":"voltar-a-vida-quotidiana-normal-com-tratamento-holistico-e-paciencia","post_title":"Voltar \u00e0 vida quotidiana normal com tratamento hol\u00edstico e paci\u00eancia","href":"https:\/\/medizinonline.com\/pt-pt\/voltar-a-vida-quotidiana-normal-com-tratamento-holistico-e-paciencia\/"},"es_ES":{"locale":"es_ES","id":326267,"slug":"vuelta-a-la-vida-cotidiana-normal-con-tratamiento-holistico-y-paciencia","post_title":"Vuelta a la vida cotidiana normal con tratamiento hol\u00edstico y paciencia","href":"https:\/\/medizinonline.com\/es\/vuelta-a-la-vida-cotidiana-normal-con-tratamiento-holistico-y-paciencia\/"}},"_links":{"self":[{"href":"https:\/\/medizinonline.com\/fr\/wp-json\/wp\/v2\/posts\/326244","targetHints":{"allow":["GET"]}}],"collection":[{"href":"https:\/\/medizinonline.com\/fr\/wp-json\/wp\/v2\/posts"}],"about":[{"href":"https:\/\/medizinonline.com\/fr\/wp-json\/wp\/v2\/types\/post"}],"author":[{"embeddable":true,"href":"https:\/\/medizinonline.com\/fr\/wp-json\/wp\/v2\/users\/7"}],"replies":[{"embeddable":true,"href":"https:\/\/medizinonline.com\/fr\/wp-json\/wp\/v2\/comments?post=326244"}],"version-history":[{"count":0,"href":"https:\/\/medizinonline.com\/fr\/wp-json\/wp\/v2\/posts\/326244\/revisions"}],"wp:featuredmedia":[{"embeddable":true,"href":"https:\/\/medizinonline.com\/fr\/wp-json\/wp\/v2\/media\/118145"}],"wp:attachment":[{"href":"https:\/\/medizinonline.com\/fr\/wp-json\/wp\/v2\/media?parent=326244"}],"wp:term":[{"taxonomy":"category","embeddable":true,"href":"https:\/\/medizinonline.com\/fr\/wp-json\/wp\/v2\/category?post=326244"},{"taxonomy":"post_tag","embeddable":true,"href":"https:\/\/medizinonline.com\/fr\/wp-json\/wp\/v2\/tags?post=326244"},{"taxonomy":"powerkit_post_featured","embeddable":true,"href":"https:\/\/medizinonline.com\/fr\/wp-json\/wp\/v2\/powerkit_post_featured?post=326244"}],"curies":[{"name":"wp","href":"https:\/\/api.w.org\/{rel}","templated":true}]}}