{"id":326860,"date":"2022-01-06T01:00:00","date_gmt":"2022-01-06T00:00:00","guid":{"rendered":"https:\/\/medizinonline.com\/insuffisance-cardiaque-et-carence-en-fer-que-faire-chez-le-patient-multimodal\/"},"modified":"2022-01-06T01:00:00","modified_gmt":"2022-01-06T00:00:00","slug":"insuffisance-cardiaque-et-carence-en-fer-que-faire-chez-le-patient-multimodal","status":"publish","type":"post","link":"https:\/\/medizinonline.com\/fr\/insuffisance-cardiaque-et-carence-en-fer-que-faire-chez-le-patient-multimodal\/","title":{"rendered":"Insuffisance cardiaque et carence en fer &#8211; que faire chez le patient multimodal ?"},"content":{"rendered":"<p><strong>La carence en fer est une comorbidit\u00e9 fr\u00e9quente chez les patients souffrant d&#8217;insuffisance cardiaque et est associ\u00e9e \u00e0 une augmentation de la mortalit\u00e9 et des hospitalisations. Une suppl\u00e9mentation en fer efficace r\u00e9duit significativement ce risque sans augmenter le risque d&#8217;\u00e9v\u00e9nements ind\u00e9sirables.<\/strong><\/p>\n<p> <!--more--> <\/p>\n<p>La carence en fer est la maladie carentielle la plus fr\u00e9quente chez l&#8217;homme. Environ 600 millions de personnes dans le monde souffrent de carences en fer d&#8217;origines diverses. La carence en fer est \u00e9galement une comorbidit\u00e9 fr\u00e9quente et pertinente dans l&#8217;insuffisance cardiaque chronique. Il influence la symptomatologie, la qualit\u00e9 de vie ainsi que le taux d&#8217;hospitalisation et constitue un facteur pronostique n\u00e9gatif. Les sympt\u00f4mes cliniques de la carence en fer sont la fatigue, la lassitude, l&#8217;insuffisance de performance, l&#8217;essoufflement, le dysfonctionnement cognitif, les vertiges, les maux de t\u00eate et la sensibilit\u00e9 aux infections, ainsi qu&#8217;une alt\u00e9ration g\u00e9n\u00e9rale de la qualit\u00e9 de vie. Environ 50% des patients atteints d&#8217;insuffisance cardiaque chronique souffrent des cons\u00e9quences d&#8217;une carence en fer. Par le biais d&#8217;une vasodilatation p\u00e9riph\u00e9rique, d&#8217;une chute de la pression art\u00e9rielle et d&#8217;une activation des neurohormones, l&#8217;an\u00e9mie chronique peut d\u00e9clencher un v\u00e9ritable cercle vicieux.<\/p>\n<p>Diff\u00e9rents m\u00e9canismes sont \u00e9voqu\u00e9s pour expliquer la carence en fer dans l&#8217;insuffisance cardiaque, notamment l&#8217;inflammation chronique, la diminution de l&#8217;absorption du fer, la diminution de l&#8217;absorption du fer et, enfin, l&#8217;an\u00e9mie par h\u00e9morragie induite par les m\u00e9dicaments. En outre, le stade de la NYHA semble \u00eatre en corr\u00e9lation avec la carence en fer. Une carence absolue en fer est d\u00e9finie par une ferritine s\u00e9rique &lt;100&nbsp;\u03bcg\/l, une carence fonctionnelle en fer est d\u00e9finie par une ferritine s\u00e9rique de 100-300&nbsp;\u03bcg\/l avec une saturation de la transferrine concomitante &lt;20%.<\/p>\n<p>Une carence en fer affecte principalement la qualit\u00e9 de vie du patient en raison de l&#8217;aggravation des sympt\u00f4mes de l&#8217;insuffisance cardiaque, les performances physiques, la fonction musculaire et le nombre d&#8217;hospitalisations pour aggravation de l&#8217;insuffisance cardiaque. En effet, le fer est n\u00e9cessaire \u00e0 une h\u00e9matopo\u00ef\u00e8se optimale, mais il joue \u00e9galement un r\u00f4le central dans le transport de l&#8217;oxyg\u00e8ne (h\u00e9moglobine), le stockage (myoglobine), le m\u00e9tabolisme des muscles cardiaques et squelettiques, la synth\u00e8se et la d\u00e9gradation des prot\u00e9ines, des lipides, des acides ribonucl\u00e9iques et dans le fonctionnement des mitochondries.<\/p>\n<h2 id=\"equilibrer-rapidement-efficacement-et-en-toute-securite\">\u00c9quilibrer rapidement, efficacement et en toute s\u00e9curit\u00e9<\/h2>\n<p>Les besoins en fer des patients souffrant d&#8217;insuffisance cardiaque chronique peuvent \u00eatre d\u00e9termin\u00e9s en fonction du poids corporel et du taux d&#8217;h\u00e9moglobine <span style=\"font-family:franklin gothic demi\">(tableau&nbsp;1).<\/span> La substitution orale du fer, consid\u00e9r\u00e9e en temps normal comme le moyen de choix, est mal absorb\u00e9e et pr\u00e9sente une biodisponibilit\u00e9 limit\u00e9e, en particulier chez les patients souffrant de maladies chroniques telles que l&#8217;insuffisance cardiaque. En outre, la tol\u00e9rance est limit\u00e9e en raison d&#8217;effets gastro-intestinaux d\u00e9favorables. Une th\u00e9rapie orale \u00e0 base de fer de plusieurs mois serait n\u00e9cessaire pour reproduire la carence en fer.<\/p>\n<p>&nbsp;<\/p>\n<p><img fetchpriority=\"high\" decoding=\"async\" class=\" size-full wp-image-17887\" alt=\"\" src=\"https:\/\/medizinonline.com\/wp-content\/uploads\/2022\/01\/tab1_cv4_s31.png\" style=\"height:161px; width:600px\" width=\"1100\" height=\"295\" srcset=\"https:\/\/medizinonline.com\/wp-content\/uploads\/2022\/01\/tab1_cv4_s31.png 1100w, https:\/\/medizinonline.com\/wp-content\/uploads\/2022\/01\/tab1_cv4_s31-800x215.png 800w, https:\/\/medizinonline.com\/wp-content\/uploads\/2022\/01\/tab1_cv4_s31-120x32.png 120w, https:\/\/medizinonline.com\/wp-content\/uploads\/2022\/01\/tab1_cv4_s31-90x24.png 90w, https:\/\/medizinonline.com\/wp-content\/uploads\/2022\/01\/tab1_cv4_s31-320x86.png 320w, https:\/\/medizinonline.com\/wp-content\/uploads\/2022\/01\/tab1_cv4_s31-560x150.png 560w\" sizes=\"(max-width: 1100px) 100vw, 1100px\" \/><\/p>\n<p>&nbsp;<\/p>\n<p>Il convient donc de recourir \u00e0 une th\u00e9rapie intraveineuse \u00e0 base de fer. Les complexes sans dextran d\u00e9sormais disponibles ne pr\u00e9sentent que tr\u00e8s rarement des r\u00e9actions anaphylactiques par rapport aux anciennes pr\u00e9parations et peuvent \u00eatre perfus\u00e9s relativement rapidement gr\u00e2ce \u00e0 leur grande stabilit\u00e9 structurelle &#8211; deux caract\u00e9ristiques qui permettent \u00e9galement leur utilisation en ambulatoire.<\/p>\n<p>&nbsp;<\/p>\n<p>Litt\u00e9rature :<\/p>\n<ol>\n<li>Link H, Schiefke I, Balck K, et al : Diagnostic and treatment principles of iron deficiency anaemia.&nbsp;MMW Fortschr Med 2015 ; 157 : 56-59.<\/li>\n<\/ol>\n<p>&nbsp;<\/p>\n<p><em>CARDIOVASC 2021 ; 20(4) : 31<\/em><\/p>\n","protected":false},"excerpt":{"rendered":"<p>La carence en fer est une comorbidit\u00e9 fr\u00e9quente chez les patients souffrant d&#8217;insuffisance cardiaque et est associ\u00e9e \u00e0 une augmentation de la mortalit\u00e9 et des hospitalisations. Une suppl\u00e9mentation en fer&hellip;<\/p>\n","protected":false},"author":7,"featured_media":113852,"comment_status":"closed","ping_status":"closed","sticky":false,"template":"","format":"standard","meta":{"_acf_changed":false,"pmpro_default_level":"","cat_1_feature_home_top":false,"cat_2_editor_pick":false,"csco_eyebrow_text":"Suppl\u00e9mentation en fer","footnotes":""},"category":[11378,11531,11373,11315,11549],"tags":[12719,12710,12158],"powerkit_post_featured":[],"class_list":["post-326860","post","type-post","status-publish","format-standard","has-post-thumbnail","category-cardiologie","category-formation-continue","category-hematologie","category-medecine-interne-generale","category-rx-fr","tag-anemie","tag-carence-en-fer","tag-insuffisance-cardiaque-fr","pmpro-has-access"],"acf":[],"publishpress_future_action":{"enabled":false,"date":"2026-05-07 05:35:59","action":"change-status","newStatus":"draft","terms":[],"taxonomy":"category","extraData":[]},"publishpress_future_workflow_manual_trigger":{"enabledWorkflows":[]},"wpml_current_locale":"fr_FR","wpml_translations":{"it_IT":{"locale":"it_IT","id":326887,"slug":"insufficienza-cardiaca-e-carenza-di-ferro-cosa-fare-nel-paziente-multimodale","post_title":"Insufficienza cardiaca e carenza di ferro: cosa fare nel paziente multimodale?","href":"https:\/\/medizinonline.com\/it\/insufficienza-cardiaca-e-carenza-di-ferro-cosa-fare-nel-paziente-multimodale\/"},"pt_PT":{"locale":"pt_PT","id":326888,"slug":"insuficiencia-cardiaca-e-deficiencia-de-ferro-o-que-fazer-no-paciente-multimodal","post_title":"Insufici\u00eancia card\u00edaca e defici\u00eancia de ferro - o que fazer no paciente multimodal?","href":"https:\/\/medizinonline.com\/pt-pt\/insuficiencia-cardiaca-e-deficiencia-de-ferro-o-que-fazer-no-paciente-multimodal\/"},"es_ES":{"locale":"es_ES","id":326889,"slug":"insuficiencia-cardiaca-y-carencia-de-hierro-que-hacer-en-el-paciente-multimodal","post_title":"Insuficiencia cardiaca y carencia de hierro: \u00bfqu\u00e9 hacer en el paciente multimodal?","href":"https:\/\/medizinonline.com\/es\/insuficiencia-cardiaca-y-carencia-de-hierro-que-hacer-en-el-paciente-multimodal\/"}},"_links":{"self":[{"href":"https:\/\/medizinonline.com\/fr\/wp-json\/wp\/v2\/posts\/326860","targetHints":{"allow":["GET"]}}],"collection":[{"href":"https:\/\/medizinonline.com\/fr\/wp-json\/wp\/v2\/posts"}],"about":[{"href":"https:\/\/medizinonline.com\/fr\/wp-json\/wp\/v2\/types\/post"}],"author":[{"embeddable":true,"href":"https:\/\/medizinonline.com\/fr\/wp-json\/wp\/v2\/users\/7"}],"replies":[{"embeddable":true,"href":"https:\/\/medizinonline.com\/fr\/wp-json\/wp\/v2\/comments?post=326860"}],"version-history":[{"count":0,"href":"https:\/\/medizinonline.com\/fr\/wp-json\/wp\/v2\/posts\/326860\/revisions"}],"wp:featuredmedia":[{"embeddable":true,"href":"https:\/\/medizinonline.com\/fr\/wp-json\/wp\/v2\/media\/113852"}],"wp:attachment":[{"href":"https:\/\/medizinonline.com\/fr\/wp-json\/wp\/v2\/media?parent=326860"}],"wp:term":[{"taxonomy":"category","embeddable":true,"href":"https:\/\/medizinonline.com\/fr\/wp-json\/wp\/v2\/category?post=326860"},{"taxonomy":"post_tag","embeddable":true,"href":"https:\/\/medizinonline.com\/fr\/wp-json\/wp\/v2\/tags?post=326860"},{"taxonomy":"powerkit_post_featured","embeddable":true,"href":"https:\/\/medizinonline.com\/fr\/wp-json\/wp\/v2\/powerkit_post_featured?post=326860"}],"curies":[{"name":"wp","href":"https:\/\/api.w.org\/{rel}","templated":true}]}}