{"id":327488,"date":"2021-11-07T13:00:00","date_gmt":"2021-11-07T12:00:00","guid":{"rendered":"https:\/\/medizinonline.com\/ameliorer-la-qualite-de-vie\/"},"modified":"2021-11-07T13:00:00","modified_gmt":"2021-11-07T12:00:00","slug":"ameliorer-la-qualite-de-vie","status":"publish","type":"post","link":"https:\/\/medizinonline.com\/fr\/ameliorer-la-qualite-de-vie\/","title":{"rendered":"Am\u00e9liorer la qualit\u00e9 de vie"},"content":{"rendered":"<p><strong>Garantir la qualit\u00e9 des soins pour les patients oncologiques est un d\u00e9fi majeur face \u00e0 la pand\u00e9mie de COVID-19. Les th\u00e9rapies non essentielles, en particulier, qui peuvent pourtant \u00eatre d&#8217;une grande importance pour la qualit\u00e9 de vie, sont souvent oubli\u00e9es. La <em>Society for Integrative Oncology<\/em> (SIO) s&#8217;est pench\u00e9e de pr\u00e8s sur cette question et a \u00e9labor\u00e9 des recommandations sur les soins par t\u00e9l\u00e9m\u00e9decine.<\/strong><\/p>\n<p> <!--more--> <\/p>\n<p>Alors que les rendez-vous m\u00e9dicaux absolument n\u00e9cessaires ont continu\u00e9 \u00e0 \u00eatre honor\u00e9s, les offres th\u00e9rapeutiques compl\u00e9mentaires pour les patients atteints de cancer n&#8217;ont \u00e9t\u00e9 accessibles que de mani\u00e8re tr\u00e8s limit\u00e9e ces derniers mois en raison de la pand\u00e9mie. Et ce, \u00e0 une \u00e9poque qui comportait d\u00e9j\u00e0 de nombreuses charges suppl\u00e9mentaires. Il est donc probable que le besoin d&#8217;offres correspondantes ait plut\u00f4t augment\u00e9. Un groupe de travail de la SIO <em>(Society for Integrative Oncology) <\/em>a publi\u00e9 des recommandations sur la mani\u00e8re d&#8217;assurer la prise en charge des patients oncologiques par des offres de t\u00e9l\u00e9m\u00e9decine compl\u00e9mentaires. Conclusion : la t\u00e9l\u00e9m\u00e9decine ne devrait jamais remplacer totalement une visite personnelle chez le m\u00e9decin. Et pourtant, elle offre de nombreuses possibilit\u00e9s, encore peu exploit\u00e9es, d&#8217;am\u00e9liorer la continuit\u00e9 des soins.<\/p>\n<h2 id=\"un-processus-sophistique\">Un processus sophistiqu\u00e9<\/h2>\n<p>Pour la r\u00e9daction du catalogue de recommandations, publi\u00e9 en avril dernier, la task force a \u00e9labor\u00e9 un processus en quatre \u00e9tapes. Tout d&#8217;abord, une revue de la litt\u00e9rature a permis d&#8217;identifier les \u00e9l\u00e9ments cl\u00e9s de la prise en charge oncologique int\u00e9grative. Les membres de la SIO ont ensuite \u00e9labor\u00e9 un questionnaire sur les d\u00e9fis et les strat\u00e9gies possibles, qui a \u00e9t\u00e9 envoy\u00e9 \u00e0 54&nbsp;experts en oncologie int\u00e9grative dans 19 pays. Sur la base des r\u00e9ponses et de la recherche documentaire, le groupe de travail a finalement d\u00e9fini les d\u00e9fis les plus urgents et \u00e9valu\u00e9 les approches pratiques possibles. L&#8217;accent a \u00e9t\u00e9 mis en particulier sur les th\u00e9rapies manuelles, l&#8217;art-th\u00e9rapie, les th\u00e9rapies par le mouvement, l&#8217;acupuncture, les traitements Mind-Body et les th\u00e9rapies \u00e0 base de plantes &#8211; mais les recommandations sont \u00e9galement int\u00e9ressantes au-del\u00e0 de ces domaines sp\u00e9cifiques.<\/p>\n<h2 id=\"dix-defis-en-ligne-de-mire\">Dix d\u00e9fis en ligne de mire<\/h2>\n<p>Au total, les experts ont analys\u00e9 en d\u00e9tail dix d\u00e9fis li\u00e9s \u00e0 la consultation de t\u00e9l\u00e9m\u00e9decine et ont \u00e9labor\u00e9 des recommandations pour les surmonter<span style=\"font-family:franklin gothic demi\"> (tableau&nbsp;1).<\/span> Des recommandations qui, en principe, devraient \u00eatre utiles pour toute consultation de t\u00e9l\u00e9m\u00e9decine. Le groupe de travail accorde une grande importance \u00e0 l&#8217;attitude vis-\u00e0-vis des formes alternatives de consultation &#8211; celle des patients et de leurs proches, mais aussi celle des praticiens. Tout scepticisme doit \u00eatre pris en compte et abord\u00e9, selon les experts. En outre, il convient de bien pr\u00e9parer les traitements de t\u00e9l\u00e9m\u00e9decine. Les questions juridiques et \u00e9thiques, telles que la vie priv\u00e9e et la protection des donn\u00e9es, doivent \u00eatre r\u00e9solues avant le d\u00e9ploiement. Il s&#8217;agit notamment de convenir avec le patient si la session doit \u00eatre enregistr\u00e9e. En principe, les attentes du m\u00e9decin et du patient doivent \u00eatre discut\u00e9es au d\u00e9but de la consultation afin de d\u00e9finir clairement les objectifs. Selon le groupe d&#8217;experts, cela est encore plus important dans un environnement num\u00e9rique, qui est moins tangible qu&#8217;une r\u00e9union en face \u00e0 face, que dans une consultation classique. De mani\u00e8re g\u00e9n\u00e9rale, la t\u00e9l\u00e9m\u00e9decine ne semble pas faire gagner du temps. Enfin, des difficult\u00e9s techniques s&#8217;ajoutent parfois \u00e0 des probl\u00e8mes de compr\u00e9hension plus fr\u00e9quents et \u00e0 un temps de d\u00e9marrage plus long. Il est recommand\u00e9 de parler lentement et de mani\u00e8re compr\u00e9hensible, et d&#8217;impliquer les aidants dans la consultation de t\u00e9l\u00e9m\u00e9decine.<\/p>\n<p>&nbsp;<\/p>\n<p><img fetchpriority=\"high\" decoding=\"async\" class=\" size-full wp-image-17417\" alt=\"\" src=\"https:\/\/medizinonline.com\/wp-content\/uploads\/2021\/11\/tab1_oh4_s48.png\" style=\"height:291px; width:600px\" width=\"1100\" height=\"534\"><\/p>\n<p>&nbsp;<\/p>\n<p>Malgr\u00e9 l&#8217;effort et le scepticisme largement r\u00e9pandu, les auteurs s&#8217;accordent \u00e0 dire que la t\u00e9l\u00e9m\u00e9decine vaut la peine &#8211; surtout dans la situation actuelle &#8211; et qu&#8217;elle offre encore une grande marge d&#8217;am\u00e9lioration. Il ne s&#8217;agit toutefois pas de remplacer totalement les consultations classiques. Ce sont surtout les patients dont l&#8217;acc\u00e8s aux offres oncologiques int\u00e9gratives est limit\u00e9 en raison de probl\u00e8mes g\u00e9ographiques, financiers, physiques ou sociaux qui pourraient \u00e0 l&#8217;avenir b\u00e9n\u00e9ficier davantage d&#8217;une utilisation cibl\u00e9e et bien pr\u00e9par\u00e9e de la t\u00e9l\u00e9m\u00e9decine. Avec ou sans pand\u00e9mie.<\/p>\n<p>&nbsp;<\/p>\n<p><em>Source : Ben-Arye E, et al. : The Society for Integrative Oncology Practice Recommendations for online consultation and treatment during the COVID-19 pandemic. Soins de support en canc\u00e9rologie. 2021. DOI : 10.1007\/s00520-021-06205-w. Epub ahead of print.<\/em><\/p>\n<p>&nbsp;<\/p>\n<p><em>InFo ONKOLOGIE &amp; H\u00c4MATOLOGIE 2021 ; 9(4) : 48 (publi\u00e9 le 20.9.21, ahead of print)<\/em><\/p>\n","protected":false},"excerpt":{"rendered":"<p>Garantir la qualit\u00e9 des soins pour les patients oncologiques est un d\u00e9fi majeur face \u00e0 la pand\u00e9mie de COVID-19. Les th\u00e9rapies non essentielles, en particulier, qui peuvent pourtant \u00eatre d&#8217;une&hellip;<\/p>\n","protected":false},"author":7,"featured_media":112052,"comment_status":"closed","ping_status":"","sticky":false,"template":"","format":"standard","meta":{"_acf_changed":false,"pmpro_default_level":"","cat_1_feature_home_top":false,"cat_2_editor_pick":false,"csco_eyebrow_text":"T\u00e9l\u00e9m\u00e9decine dans l'oncologie int\u00e9grative","footnotes":""},"category":[11523,11531,11315,11389,11482,11549],"tags":[18790,14430,13747],"powerkit_post_featured":[],"class_list":["post-327488","post","type-post","status-publish","format-standard","has-post-thumbnail","category-actualites","category-formation-continue","category-medecine-interne-generale","category-oncologie","category-prevention-et-soins-de-sante","category-rx-fr","tag-oncologie-integrative","tag-qualite-de-vie","tag-telemedecine","pmpro-has-access"],"acf":[],"publishpress_future_action":{"enabled":false,"date":"2026-05-08 15:08:43","action":"change-status","newStatus":"draft","terms":[],"taxonomy":"category","extraData":[]},"publishpress_future_workflow_manual_trigger":{"enabledWorkflows":[]},"wpml_current_locale":"fr_FR","wpml_translations":{"it_IT":{"locale":"it_IT","id":327498,"slug":"migliorare-la-qualita-della-vita","post_title":"Migliorare la qualit\u00e0 della vita","href":"https:\/\/medizinonline.com\/it\/migliorare-la-qualita-della-vita\/"},"pt_PT":{"locale":"pt_PT","id":327509,"slug":"melhorar-a-qualidade-de-vida","post_title":"Melhorar a qualidade de vida","href":"https:\/\/medizinonline.com\/pt-pt\/melhorar-a-qualidade-de-vida\/"},"es_ES":{"locale":"es_ES","id":327515,"slug":"mejorar-la-calidad-de-vida","post_title":"Mejorar la calidad de vida","href":"https:\/\/medizinonline.com\/es\/mejorar-la-calidad-de-vida\/"}},"_links":{"self":[{"href":"https:\/\/medizinonline.com\/fr\/wp-json\/wp\/v2\/posts\/327488","targetHints":{"allow":["GET"]}}],"collection":[{"href":"https:\/\/medizinonline.com\/fr\/wp-json\/wp\/v2\/posts"}],"about":[{"href":"https:\/\/medizinonline.com\/fr\/wp-json\/wp\/v2\/types\/post"}],"author":[{"embeddable":true,"href":"https:\/\/medizinonline.com\/fr\/wp-json\/wp\/v2\/users\/7"}],"replies":[{"embeddable":true,"href":"https:\/\/medizinonline.com\/fr\/wp-json\/wp\/v2\/comments?post=327488"}],"version-history":[{"count":0,"href":"https:\/\/medizinonline.com\/fr\/wp-json\/wp\/v2\/posts\/327488\/revisions"}],"wp:featuredmedia":[{"embeddable":true,"href":"https:\/\/medizinonline.com\/fr\/wp-json\/wp\/v2\/media\/112052"}],"wp:attachment":[{"href":"https:\/\/medizinonline.com\/fr\/wp-json\/wp\/v2\/media?parent=327488"}],"wp:term":[{"taxonomy":"category","embeddable":true,"href":"https:\/\/medizinonline.com\/fr\/wp-json\/wp\/v2\/category?post=327488"},{"taxonomy":"post_tag","embeddable":true,"href":"https:\/\/medizinonline.com\/fr\/wp-json\/wp\/v2\/tags?post=327488"},{"taxonomy":"powerkit_post_featured","embeddable":true,"href":"https:\/\/medizinonline.com\/fr\/wp-json\/wp\/v2\/powerkit_post_featured?post=327488"}],"curies":[{"name":"wp","href":"https:\/\/api.w.org\/{rel}","templated":true}]}}