{"id":327685,"date":"2021-10-16T01:00:00","date_gmt":"2021-10-15T23:00:00","guid":{"rendered":"https:\/\/medizinonline.com\/diagnostic-et-traitement-des-troubles-anxieux-une-mise-a-jour\/"},"modified":"2021-10-16T01:00:00","modified_gmt":"2021-10-15T23:00:00","slug":"diagnostic-et-traitement-des-troubles-anxieux-une-mise-a-jour","status":"publish","type":"post","link":"https:\/\/medizinonline.com\/fr\/diagnostic-et-traitement-des-troubles-anxieux-une-mise-a-jour\/","title":{"rendered":"Diagnostic et traitement des troubles anxieux &#8211; une mise \u00e0 jour"},"content":{"rendered":"<p><strong>Les troubles anxieux font partie des maladies psychiatriques les plus courantes. La r\u00e9action au danger, qui est en fait une question de survie, devient cliniquement pertinente \u00e0 partir du moment o\u00f9 l&#8217;exp\u00e9rience de la peur est sans fondement, exag\u00e9r\u00e9e ou irr\u00e9aliste. La fr\u00e9quence de cette pathologie a consid\u00e9rablement augment\u00e9 au cours des derni\u00e8res ann\u00e9es. Si le diagnostic est correct, un traitement efficace est possible.<\/strong><\/p>\n<p> <!--more--> <\/p>\n<p>Tout le monde conna\u00eet des peurs, des incertitudes, des doutes. Elles sont g\u00e9n\u00e9ralement temporaires et li\u00e9es \u00e0 une situation concr\u00e8te. Pourtant, environ 20% de la population souffre d&#8217;une anxi\u00e9t\u00e9 tr\u00e8s forte et\/ou persistante [1]. L&#8217;anxi\u00e9t\u00e9 peut donc survenir dans le cadre d&#8217;une r\u00e9action normale au stress, comme sympt\u00f4me associ\u00e9 \u00e0 un autre trouble mental, comme expression ou cons\u00e9quence d&#8217;une maladie physique, ou \u00eatre caus\u00e9e par des m\u00e9dicaments ou des substances addictives. L&#8217;anxi\u00e9t\u00e9 peut \u00eatre le sympt\u00f4me principal de diff\u00e9rents troubles. Il s&#8217;agit du trouble anxieux g\u00e9n\u00e9ralis\u00e9, du trouble panique, du trouble obsessionnel-compulsif et du trouble d&#8217;anxi\u00e9t\u00e9 sociale <span style=\"font-family:franklin gothic demi\">(tableau&nbsp;1)<\/span> [2].<\/p>\n<p>&nbsp;<\/p>\n<p><img fetchpriority=\"high\" decoding=\"async\" class=\" size-full wp-image-17145\" alt=\"\" src=\"https:\/\/medizinonline.com\/wp-content\/uploads\/2021\/10\/tab1_np4_s24.png\" style=\"height:336px; width:600px\" width=\"1100\" height=\"616\"><\/p>\n<p>&nbsp;<\/p>\n<h2 id=\"maladie-frequente-souvent-negligee\">Maladie fr\u00e9quente, souvent n\u00e9glig\u00e9e<\/h2>\n<p>Les troubles anxieux ne sont souvent pas diagnostiqu\u00e9s, car les patients se plaignent davantage de douleurs, de troubles du sommeil ou d&#8217;autres troubles somatiques que d&#8217;anxi\u00e9t\u00e9. Le diagnostic s&#8217;oriente sur la diff\u00e9renciation entre les niveaux sympt\u00f4me, syndrome et diagnostic. Au niveau des sympt\u00f4mes, ce sont surtout les troubles physiques qui sont au premier plan. En outre, les comportements d&#8217;\u00e9vitement ainsi que les pr\u00e9occupations ou les strat\u00e9gies de comportement social sont enregistr\u00e9s. Au niveau du syndrome, la gravit\u00e9 est \u00e9valu\u00e9e. Pour ce faire, nous utilisons des \u00e9chelles d&#8217;auto-\u00e9valuation et d&#8217;\u00e9valuation externe. Les premiers indices du diagnostic apparaissent g\u00e9n\u00e9ralement dans les descriptions spontan\u00e9es des sympt\u00f4mes lors d&#8217;un entretien clinique libre. Cependant, comme il n&#8217;est souvent pas assez fiable, il convient de recourir \u00e0 des entretiens standardis\u00e9s par la suite. En outre, la possibilit\u00e9 d&#8217;examiner de pr\u00e8s les comorbidit\u00e9s telles que la d\u00e9pression, les troubles li\u00e9s aux substances psychotropes, les troubles somatoformes ou d&#8217;autres troubles anxieux.<\/p>\n<p>Dans l&#8217;anamn\u00e8se, il convient de diff\u00e9rencier la peur en plus de l&#8217;anamn\u00e8se personnelle, de l&#8217;anamn\u00e8se familiale et de l&#8217;anamn\u00e8se externe. L&#8217;anxi\u00e9t\u00e9 est-elle li\u00e9e \u00e0 la situation ou \u00e0 l&#8217;objet ? Qu&#8217;est-ce qui la d\u00e9clenche ? Comment se pr\u00e9sente l&#8217;\u00e9volution et quel est le degr\u00e9 d&#8217;atteinte ? Le diagnostic somatique clarifie la question de savoir s&#8217;il s&#8217;agit \u00e9ventuellement d&#8217;une symptomatologie anxieuse secondaire. Si les sympt\u00f4mes d&#8217;anxi\u00e9t\u00e9 apparaissent apr\u00e8s l&#8217;\u00e2ge de 45 ans, une cause somatique est plus probable [2]. Il faut toutefois \u00e9viter de r\u00e9p\u00e9ter les examens somatiques, car il existe un risque de fixation iatrog\u00e8ne et de chronicit\u00e9.<\/p>\n<h2 id=\"gestion-multimodale-des-traitements\">Gestion multimodale des traitements<\/h2>\n<p>Une mani\u00e8re efficace de faire face aux situations de stress peut \u00eatre l&#8217;utilisation de phytopharmaceutiques. Les produits \u00e0 base de val\u00e9riane peuvent ramener le calme dans la vie en cas de stress et de nervosit\u00e9.<\/p>\n<p>Le traitement des troubles anxieux est indiqu\u00e9 lorsque les patients pr\u00e9sentent une souffrance moyenne \u00e0 s\u00e9v\u00e8re avec des handicaps dans le domaine social et\/ou professionnel, des limitations psychosociales et des comorbidit\u00e9s telles que la toxicomanie. L&#8217;objectif est de r\u00e9duire les sympt\u00f4mes d&#8217;anxi\u00e9t\u00e9 et les comportements d&#8217;\u00e9vitement, d&#8217;am\u00e9liorer la qualit\u00e9 de vie et de r\u00e9duire la probabilit\u00e9 de rechute. Cela inclut des am\u00e9liorations de la mobilit\u00e9 r\u00e9duite, de l&#8217;int\u00e9gration sociale et de la capacit\u00e9 professionnelle.<\/p>\n<p>L&#8217;\u00e9talon-or pour le traitement des troubles anxieux est une combinaison de th\u00e9rapie cognitivo-comportementale (TCC) et d&#8217;interventions pharmacologiques. Cependant, il est fr\u00e9quent qu&#8217;une psychoth\u00e9rapie ne soit pas disponible rapidement. Des suggestions d&#8217;auto-assistance devraient \u00eatre donn\u00e9es ici afin de combler le temps d&#8217;attente. Le traitement pharmacologique se divise en trois phases : le traitement aigu, le traitement d&#8217;entretien et le traitement prophylactique. Un certain nombre de substances appartenant \u00e0 diff\u00e9rentes classes de substances sont disponibles pour le traitement m\u00e9dicamenteux. Il s&#8217;agit notamment des ISRS et des ISRSN en tant que m\u00e9dicaments de choix, puis des tricycliques, des benzodiaz\u00e9pines et d&#8217;autres pr\u00e9parations comme les anticonvulsivants.<\/p>\n<p>&nbsp;<\/p>\n<p>&nbsp;<\/p>\n<p>Litt\u00e9rature :<\/p>\n<ol>\n<li>www.sgad.ch\/de\/hilfe\/angststoerung&nbsp;(dernier acc\u00e8s le 10.08.2021)<\/li>\n<li>www.medix.ch\/wissen\/guidelines\/psychische-krankheiten\/angststoerungen&nbsp;(dernier acc\u00e8s le 10.08.2021)<\/li>\n<li>https:\/\/zellerag.ch\/de\/gesundheit-wissen\/pruefungsangst (dernier acc\u00e8s le 10.08.2021)<\/li>\n<\/ol>\n<p>&nbsp;<\/p>\n<p><em>InFo NEUROLOGIE &amp; PSYCHIATRIE 2021 ; 19(4) : 24-25<\/em><\/p>\n","protected":false},"excerpt":{"rendered":"<p>Les troubles anxieux font partie des maladies psychiatriques les plus courantes. La r\u00e9action au danger, qui est en fait une question de survie, devient cliniquement pertinente \u00e0 partir du moment&hellip;<\/p>\n","protected":false},"author":7,"featured_media":111067,"comment_status":"closed","ping_status":"","sticky":false,"template":"","format":"standard","meta":{"_acf_changed":false,"pmpro_default_level":"","cat_1_feature_home_top":false,"cat_2_editor_pick":false,"csco_eyebrow_text":"Maladies anxieuses","footnotes":""},"category":[11531,11315,11489,11549],"tags":[14978,19174],"powerkit_post_featured":[],"class_list":["post-327685","post","type-post","status-publish","format-standard","has-post-thumbnail","category-formation-continue","category-medecine-interne-generale","category-psychiatrie-et-psychotherapie","category-rx-fr","tag-peur","tag-phytopharmaceutique","pmpro-has-access"],"acf":[],"publishpress_future_action":{"enabled":false,"date":"2026-05-04 20:17:58","action":"change-status","newStatus":"draft","terms":[],"taxonomy":"category","extraData":[]},"publishpress_future_workflow_manual_trigger":{"enabledWorkflows":[]},"wpml_current_locale":"fr_FR","wpml_translations":{"it_IT":{"locale":"it_IT","id":327693,"slug":"diagnosi-e-terapia-dei-disturbi-dansia-un-aggiornamento","post_title":"Diagnosi e terapia dei disturbi d'ansia - un aggiornamento","href":"https:\/\/medizinonline.com\/it\/diagnosi-e-terapia-dei-disturbi-dansia-un-aggiornamento\/"},"pt_PT":{"locale":"pt_PT","id":327703,"slug":"diagnostico-e-terapia-de-disturbios-de-ansiedade-uma-actualizacao","post_title":"Diagn\u00f3stico e terapia de dist\u00farbios de ansiedade - uma actualiza\u00e7\u00e3o","href":"https:\/\/medizinonline.com\/pt-pt\/diagnostico-e-terapia-de-disturbios-de-ansiedade-uma-actualizacao\/"},"es_ES":{"locale":"es_ES","id":327708,"slug":"diagnostico-y-terapia-de-los-trastornos-de-ansiedad-una-actualizacion","post_title":"Diagn\u00f3stico y terapia de los trastornos de ansiedad - una actualizaci\u00f3n","href":"https:\/\/medizinonline.com\/es\/diagnostico-y-terapia-de-los-trastornos-de-ansiedad-una-actualizacion\/"}},"_links":{"self":[{"href":"https:\/\/medizinonline.com\/fr\/wp-json\/wp\/v2\/posts\/327685","targetHints":{"allow":["GET"]}}],"collection":[{"href":"https:\/\/medizinonline.com\/fr\/wp-json\/wp\/v2\/posts"}],"about":[{"href":"https:\/\/medizinonline.com\/fr\/wp-json\/wp\/v2\/types\/post"}],"author":[{"embeddable":true,"href":"https:\/\/medizinonline.com\/fr\/wp-json\/wp\/v2\/users\/7"}],"replies":[{"embeddable":true,"href":"https:\/\/medizinonline.com\/fr\/wp-json\/wp\/v2\/comments?post=327685"}],"version-history":[{"count":0,"href":"https:\/\/medizinonline.com\/fr\/wp-json\/wp\/v2\/posts\/327685\/revisions"}],"wp:featuredmedia":[{"embeddable":true,"href":"https:\/\/medizinonline.com\/fr\/wp-json\/wp\/v2\/media\/111067"}],"wp:attachment":[{"href":"https:\/\/medizinonline.com\/fr\/wp-json\/wp\/v2\/media?parent=327685"}],"wp:term":[{"taxonomy":"category","embeddable":true,"href":"https:\/\/medizinonline.com\/fr\/wp-json\/wp\/v2\/category?post=327685"},{"taxonomy":"post_tag","embeddable":true,"href":"https:\/\/medizinonline.com\/fr\/wp-json\/wp\/v2\/tags?post=327685"},{"taxonomy":"powerkit_post_featured","embeddable":true,"href":"https:\/\/medizinonline.com\/fr\/wp-json\/wp\/v2\/powerkit_post_featured?post=327685"}],"curies":[{"name":"wp","href":"https:\/\/api.w.org\/{rel}","templated":true}]}}