{"id":327921,"date":"2021-09-21T14:00:00","date_gmt":"2021-09-21T12:00:00","guid":{"rendered":"https:\/\/medizinonline.com\/un-medicament-contre-les-auto-anticorps-aide\/"},"modified":"2021-09-21T14:00:00","modified_gmt":"2021-09-21T12:00:00","slug":"un-medicament-contre-les-auto-anticorps-aide","status":"publish","type":"post","link":"https:\/\/medizinonline.com\/fr\/un-medicament-contre-les-auto-anticorps-aide\/","title":{"rendered":"Un m\u00e9dicament contre les auto-anticorps aide"},"content":{"rendered":"<p><strong>Gr\u00e2ce \u00e0 un m\u00e9dicament d\u00e9velopp\u00e9 \u00e0 l&#8217;origine pour lutter contre les maladies cardiaques, une \u00e9quipe de m\u00e9decins de la clinique ophtalmologique de l&#8217;h\u00f4pital universitaire d&#8217;Erlangen (Allemagne) a r\u00e9ussi, dans le cadre d&#8217;un essai de gu\u00e9rison individuel, \u00e0 faire dispara\u00eetre les sympt\u00f4mes de la maladie.&nbsp;<\/strong><strong>a r\u00e9ussi pour la premi\u00e8re fois \u00e0 faire en sorte qu&#8217;un homme de 59 ans atteint du syndrome de Long-COVID ne pr\u00e9sente plus de sympt\u00f4mes. La question de savoir si cette substance peut aider d&#8217;autres personnes atteintes de la m\u00eame maladie sera bient\u00f4t pos\u00e9e.&nbsp;<\/strong><strong>\u00eatre v\u00e9rifi\u00e9e dans le cadre d&#8217;un essai clinique.<\/strong><\/p>\n<p> <!--more--> <\/p>\n<p>&#8220;Pour l&#8217;instant, nous ne pouvons malheureusement pas traiter plus de personnes avec ce m\u00e9dicament, car il n&#8217;a pas encore pass\u00e9 toutes les \u00e9tudes d&#8217;autorisation de mise sur le march\u00e9&#8221;, explique le professeur Christian Mardin, m\u00e9decin-chef de la clinique ophtalmologique. Les m\u00e9decins de la clinique ophtalmologique et de la clinique m\u00e9dicale&nbsp;1 &#8211; Gastro-ent\u00e9rologie, pneumologie et endocrinologie et de la Clinique m\u00e9dicale&nbsp;3&nbsp;&#8211; Les services de rhumatologie et d&#8217;immunologie de l&#8217;h\u00f4pital universitaire d&#8217;Erlangen avaient d\u00e9j\u00e0 d\u00e9couvert dans le cadre de l&#8217;\u00e9tude ReCOVer : Les personnes ayant subi une infection par le COVID-19 voient leur circulation oculaire nettement r\u00e9duite, m\u00eame de nombreux mois plus tard. L&#8217;id\u00e9e de base de cette tentative de gu\u00e9rison \u00e9tait que la modification de la circulation sanguine ne se limite certainement pas \u00e0 l&#8217;\u0153il, mais peut \u00eatre consid\u00e9r\u00e9e comme un exemple pour l&#8217;ensemble du corps.<\/p>\n<p>Quelques mois apr\u00e8s l&#8217;infection, l&#8217;\u00e9quipe m\u00e9dicale a trouv\u00e9 dans le sang d&#8217;anciens patients atteints de COVID-19 certaines prot\u00e9ines qu&#8217;ils \u00e9tudient depuis de nombreuses ann\u00e9es dans le cadre du glaucome : Les auto-anticorps dirig\u00e9s contre les r\u00e9cepteurs coupl\u00e9s aux prot\u00e9ines G. Des analyses de sang ont montr\u00e9 que les patients ayant subi une infection par le virus Corona pr\u00e9sentaient plusieurs de ces prot\u00e9ines. Le m\u00e9dicament pour le c\u0153ur BC 007 se lie \u00e0 ces auto-anticorps nocifs. Il serait ainsi possible de rendre les auto-anticorps inoffensifs et \u00e9ventuellement d&#8217;am\u00e9liorer les troubles de la circulation sanguine. Ce m\u00e9dicament a fait l&#8217;objet d&#8217;une \u00e9tude pivot il y a quelques ann\u00e9es, sp\u00e9cifiquement pour les patients souffrant d&#8217;une maladie cardiaque grave. A l&#8217;origine, l&#8217;objectif \u00e9tait d&#8217;aider les patients atteints de glaucome \u00e0 Erlangen. &#8220;Lorsque nous avons vu les r\u00e9sultats des projets de coop\u00e9ration sur la COVIDE LONGUE, nous avons eu l&#8217;impression que de nombreuses petites pi\u00e8ces du puzzle s&#8217;embo\u00eetaient les unes dans les autres. Il \u00e9tait tout \u00e0 fait envisageable que les sympt\u00f4mes de la maladie de Long COVID puissent \u00e9galement s&#8217;en trouver am\u00e9lior\u00e9s&#8221;, explique le Dr Bettina Hohberger, sp\u00e9cialiste de la clinique ophtalmologique.<\/p>\n<h2 id=\"amelioration-significative-de-la-circulation-sanguine\">Am\u00e9lioration significative de la circulation sanguine<\/h2>\n<p>Lorsqu&#8217;un patient du registre du glaucome d&#8217;Erlangen, atteint de glaucome depuis de nombreuses ann\u00e9es, a fait part des troubles qu&#8217;il ressentait apr\u00e8s avoir surmont\u00e9 une infection par Corona &#8211; perte de go\u00fbt, troubles importants de la concentration et abattement qui le g\u00eanaient \u00e9norm\u00e9ment dans sa vie professionnelle et priv\u00e9e &#8211; l&#8217;homme de 59 ans a re\u00e7u BC 007 par perfusion dans le cadre d&#8217;un essai th\u00e9rapeutique individuel et est rest\u00e9 hospitalis\u00e9 trois jours \u00e0 l&#8217;h\u00f4pital universitaire d&#8217;Erlangen. &#8220;En quelques heures, nous avons constat\u00e9 une am\u00e9lioration. A sa sortie, notre patient se sentait d\u00e9j\u00e0 nettement mieux qu&#8217;avant l&#8217;administration et son taux d&#8217;auto-anticorps confirmait cette impression&#8221;, d\u00e9crit l&#8217;\u00e9quipe m\u00e9dicale. Les difficult\u00e9s de concentration ont \u00e9galement disparu, les performances de l&#8217;homme ont augment\u00e9 et le sens du go\u00fbt est revenu. &#8220;Dans l&#8217;ensemble, la circulation sanguine dans les capillaires, que nous pouvons mesurer sur l&#8217;\u0153il, s&#8217;est nettement am\u00e9lior\u00e9e&#8221;. L&#8217;\u00e9quipe de la clinique ophtalmologique d&#8217;Erlangen estime donc que les troubles de Long-COVID du patient ont disparu gr\u00e2ce \u00e0 l&#8217;am\u00e9lioration de la circulation sanguine.<\/p>\n<h2 id=\"explication-du-succes-recherchee\">Explication du succ\u00e8s recherch\u00e9e<\/h2>\n<p>L&#8217;\u00e9quipe de recherche de la clinique ophtalmologique a continu\u00e9 \u00e0 \u00e9tudier la circulation sanguine dans les capillaires des patients atteints de COVID-19. Ils ont visualis\u00e9 le flux sanguin \u00e0 l&#8217;aide d&#8217;une m\u00e9thode indolore et non invasive : l&#8217;angiographie par coh\u00e9rence optique (OCT). Ce n&#8217;est que dans l&#8217;\u0153il et au niveau du repli de l&#8217;ongle &#8211; la transition entre le lit de l&#8217;ongle et le doigt &#8211; qu&#8217;il est possible de visualiser le flux sanguin sans injecter de produit de contraste, par exemple. Dans le cadre de l&#8217;\u00e9tude clinique, les ophtalmologues de l&#8217;h\u00f4pital universitaire peuvent depuis 2020 proposer cette m\u00e9thode d&#8217;examen \u00e0 des patients cibl\u00e9s apr\u00e8s leur infection par le COVID-19. Les premi\u00e8res \u00e9valuations montrent que : Des mois apr\u00e8s la maladie, l&#8217;irrigation sanguine \u00e0 l&#8217;int\u00e9rieur de la r\u00e9tine est encore nettement limit\u00e9e, m\u00eame si les personnes concern\u00e9es ne pr\u00e9sentent pas de troubles visuels. L&#8217;\u00e9tude clinique sur les patients ayant subi une infection par COVID-19 se poursuit. Des recherches cibl\u00e9es sont maintenant men\u00e9es sur les m\u00e9canismes qui conduisent \u00e0 la restriction de la circulation sanguine et peuvent expliquer le m\u00e9canisme d&#8217;action de cette tentative de gu\u00e9rison r\u00e9ussie.<\/p>\n<p><em>Source : Friedrich-Alexander-Universit\u00e4t Erlangen-N\u00fcrnberg (D)<\/em><\/p>\n<p>&nbsp;<\/p>\n<p>Litt\u00e9rature :<\/p>\n<ol>\n<li>Hohberger B, Ganslmayer M, Lucio M, et al : Microcirculation r\u00e9tinienne comme corr\u00e9lat d&#8217;une d\u00e9ficience capillaire syst\u00e9mique apr\u00e8s une infection par le coronavirus 2 du syndrome respiratoire aigu s\u00e9v\u00e8re. Front Med 2021 ; doi : 10.3389\/fmed.2021.676554.<\/li>\n<\/ol>\n<p>&nbsp;<\/p>\n<p><em>InFo PNEUMOLOGIE &amp; ALLERGOLOGIE 2021 ; 3(3) : 17 (publi\u00e9 le 17.9.21, ahead of print)<\/em><\/p>\n","protected":false},"excerpt":{"rendered":"<p>Gr\u00e2ce \u00e0 un m\u00e9dicament d\u00e9velopp\u00e9 \u00e0 l&#8217;origine pour lutter contre les maladies cardiaques, une \u00e9quipe de m\u00e9decins de la clinique ophtalmologique de l&#8217;h\u00f4pital universitaire d&#8217;Erlangen (Allemagne) a r\u00e9ussi, dans le&hellip;<\/p>\n","protected":false},"author":7,"featured_media":111467,"comment_status":"closed","ping_status":"","sticky":false,"template":"","format":"standard","meta":{"_acf_changed":false,"pmpro_default_level":"","cat_1_feature_home_top":false,"cat_2_editor_pick":false,"csco_eyebrow_text":"Long COVID","footnotes":""},"category":[11523,11527,11531,11428,11448,11549],"tags":[13191,19445,18960,19362,19448,13192,19451],"powerkit_post_featured":[],"class_list":["post-327921","post","type-post","status-publish","format-standard","has-post-thumbnail","category-actualites","category-etudes","category-formation-continue","category-infectiologie","category-orl-fr","category-rx-fr","tag-covid-19-fr","tag-glaukom-fr","tag-maladie-infectieuse","tag-ophtalmologie","tag-pandemie-fr","tag-sars-cov-2-fr","tag-syndrome-de-long-covid","pmpro-has-access"],"acf":[],"publishpress_future_action":{"enabled":false,"date":"2026-05-02 11:23:53","action":"change-status","newStatus":"draft","terms":[],"taxonomy":"category","extraData":[]},"publishpress_future_workflow_manual_trigger":{"enabledWorkflows":[]},"wpml_current_locale":"fr_FR","wpml_translations":{"it_IT":{"locale":"it_IT","id":327938,"slug":"il-farmaco-contro-gli-autoanticorpi-aiuta","post_title":"Il farmaco contro gli autoanticorpi aiuta","href":"https:\/\/medizinonline.com\/it\/il-farmaco-contro-gli-autoanticorpi-aiuta\/"},"pt_PT":{"locale":"pt_PT","id":327945,"slug":"farmaco-contra-auto-anticorpos-ajuda","post_title":"F\u00e1rmaco contra auto-anticorpos ajuda","href":"https:\/\/medizinonline.com\/pt-pt\/farmaco-contra-auto-anticorpos-ajuda\/"},"es_ES":{"locale":"es_ES","id":327949,"slug":"un-farmaco-contra-los-autoanticuerpos-ayuda","post_title":"Un f\u00e1rmaco contra los autoanticuerpos ayuda","href":"https:\/\/medizinonline.com\/es\/un-farmaco-contra-los-autoanticuerpos-ayuda\/"}},"_links":{"self":[{"href":"https:\/\/medizinonline.com\/fr\/wp-json\/wp\/v2\/posts\/327921","targetHints":{"allow":["GET"]}}],"collection":[{"href":"https:\/\/medizinonline.com\/fr\/wp-json\/wp\/v2\/posts"}],"about":[{"href":"https:\/\/medizinonline.com\/fr\/wp-json\/wp\/v2\/types\/post"}],"author":[{"embeddable":true,"href":"https:\/\/medizinonline.com\/fr\/wp-json\/wp\/v2\/users\/7"}],"replies":[{"embeddable":true,"href":"https:\/\/medizinonline.com\/fr\/wp-json\/wp\/v2\/comments?post=327921"}],"version-history":[{"count":0,"href":"https:\/\/medizinonline.com\/fr\/wp-json\/wp\/v2\/posts\/327921\/revisions"}],"wp:featuredmedia":[{"embeddable":true,"href":"https:\/\/medizinonline.com\/fr\/wp-json\/wp\/v2\/media\/111467"}],"wp:attachment":[{"href":"https:\/\/medizinonline.com\/fr\/wp-json\/wp\/v2\/media?parent=327921"}],"wp:term":[{"taxonomy":"category","embeddable":true,"href":"https:\/\/medizinonline.com\/fr\/wp-json\/wp\/v2\/category?post=327921"},{"taxonomy":"post_tag","embeddable":true,"href":"https:\/\/medizinonline.com\/fr\/wp-json\/wp\/v2\/tags?post=327921"},{"taxonomy":"powerkit_post_featured","embeddable":true,"href":"https:\/\/medizinonline.com\/fr\/wp-json\/wp\/v2\/powerkit_post_featured?post=327921"}],"curies":[{"name":"wp","href":"https:\/\/api.w.org\/{rel}","templated":true}]}}