{"id":328193,"date":"2021-08-24T16:01:22","date_gmt":"2021-08-24T14:01:22","guid":{"rendered":"https:\/\/medizinonline.com\/les-malades-doivent-ils-participer-a-des-conferences-sur-les-tumeurs\/"},"modified":"2021-08-24T16:01:22","modified_gmt":"2021-08-24T14:01:22","slug":"les-malades-doivent-ils-participer-a-des-conferences-sur-les-tumeurs","status":"publish","type":"post","link":"https:\/\/medizinonline.com\/fr\/les-malades-doivent-ils-participer-a-des-conferences-sur-les-tumeurs\/","title":{"rendered":"Les malades doivent-ils participer \u00e0 des conf\u00e9rences sur les tumeurs ?"},"content":{"rendered":"<p>Trouver le meilleur traitement pour les personnes atteintes de cancers complexes &#8211; tel est l&#8217;objectif des conf\u00e9rences sur les tumeurs. Les m\u00e9decins oncologues, radiologues, chirurgiens, pathologistes et autres sp\u00e9cialistes parlent de la maladie lors de ces r\u00e9unions interdisciplinaires, mais rarement avec les malades.<\/p>\n<p> <!--more--> <\/p>\n<p>Jusqu&#8217;\u00e0 pr\u00e9sent, seuls quelques centres de chirurgie gyn\u00e9cologique et mammaire en Allemagne offrent \u00e0 leurs patientes la possibilit\u00e9 de participer \u00e0 des conf\u00e9rences sur les tumeurs. Une \u00e9quipe de l&#8217;universit\u00e9 d&#8217;Oldenburg et des cliniques universitaires de Bonn et de Cologne a examin\u00e9 dans l&#8217;\u00e9tude PINTU &#8211; soutenue par la Deutsche Krebshilfe e.V. &#8211; si les patientes atteintes d&#8217;un cancer tirent profit d&#8217;une telle participation. L&#8217;un des r\u00e9sultats : La plupart des personnes interrog\u00e9es ont estim\u00e9 qu&#8217;une participation \u00e9tait positive, \u00e9crit l&#8217;\u00e9quipe dans la revue Cancer Medicine. Les r\u00e9sultats devraient aider \u00e0 d\u00e9velopper des recommandations pour les h\u00f4pitaux qui souhaitent inclure les personnes concern\u00e9es dans les conf\u00e9rences sur les tumeurs.<\/p>\n<p>&#8220;La question de savoir si les patients profitent r\u00e9ellement de leur participation \u00e0 des discussions souvent tr\u00e8s techniques est jusqu&#8217;\u00e0 pr\u00e9sent controvers\u00e9e &#8211; et malheureusement peu \u00e9tudi\u00e9e&#8221;, explique le professeur Lena Ansmann, chercheuse en soins de sant\u00e9 \u00e0 Oldenburg et premi\u00e8re auteure de l&#8217;\u00e9tude. Cependant, au niveau international, on cherche de plus en plus \u00e0 faire participer les personnes concern\u00e9es \u00e0 la planification de leur traitement. L&#8217;objectif de l&#8217;\u00e9quipe de recherche \u00e9tait donc de rassembler et d&#8217;analyser un ensemble de donn\u00e9es plus important. &#8220;Pour autant que nous le sachions, notre \u00e9tude est l&#8217;une des premi\u00e8res recherches de grande envergure sur ce sujet&#8221;, explique le co-auteur, le professeur Nicole Ernstmann, expert en communication sur la sant\u00e9 \u00e0 l&#8217;h\u00f4pital universitaire de Bonn.<\/p>\n<p>La plupart des patientes atteintes d&#8217;un cancer du sein en Allemagne sont actuellement trait\u00e9es dans des centres de canc\u00e9rologie certifi\u00e9s. Les conf\u00e9rences sur les tumeurs sont obligatoires, mais pas la participation des personnes concern\u00e9es. &#8220;D&#8217;apr\u00e8s des \u00e9tudes ant\u00e9rieures, nous savons qu&#8217;environ 5 \u00e0 7 % des malades ont d\u00e9j\u00e0 particip\u00e9 \u00e0 une conf\u00e9rence sur les tumeurs&#8221;, explique Ansmann. Mais le r\u00f4le des patients dans les conf\u00e9rences, la mani\u00e8re dont les conf\u00e9rences se d\u00e9roulent et les exp\u00e9riences finales des participants n&#8217;\u00e9taient pas clairs jusqu&#8217;\u00e0 pr\u00e9sent.<\/p>\n<p>Pour r\u00e9duire ce manque de connaissances, les chercheurs ont interrog\u00e9 87 patientes atteintes d&#8217;un cancer du sein ou d&#8217;une tumeur gyn\u00e9cologique avant et juste apr\u00e8s leur participation \u00e0 une conf\u00e9rence sur les tumeurs, puis quatre semaines plus tard. A titre de comparaison, ils ont interrog\u00e9 155 malades qui n&#8217;ont pas particip\u00e9 \u00e0 la conf\u00e9rence sur les tumeurs les concernant. L&#8217;\u00e9quipe a \u00e9galement observ\u00e9 un total de 317 discussions de cas lors de conf\u00e9rences sur les tumeurs &#8211; directement et \u00e0 l&#8217;aide d&#8217;enregistrements vid\u00e9o et audio. Des personnes concern\u00e9es ont particip\u00e9 \u00e0 95 de ces discussions de cas.<\/p>\n<p>Il en ressort que les conf\u00e9rences sur les tumeurs auxquelles participent les malades se sont d\u00e9roul\u00e9es de mani\u00e8re tr\u00e8s diff\u00e9rente. Certains h\u00f4pitaux ont permis aux patientes de participer \u00e0 l&#8217;ensemble de la conf\u00e9rence. D&#8217;autres ont tenu la conf\u00e9rence proprement dite sans les malades, mais les ont ensuite fait participer \u00e0 un groupe plus restreint qui les a inform\u00e9s, par exemple, des recommandations th\u00e9rapeutiques. D&#8217;autres conditions des conf\u00e9rences ont \u00e9galement vari\u00e9, comme la dur\u00e9e ou la disposition des si\u00e8ges.<\/p>\n<p>Les entretiens ont r\u00e9v\u00e9l\u00e9 que les personnes malades jouaient un r\u00f4le plut\u00f4t passif dans les conf\u00e9rences. Par exemple, seulement 61% ont d\u00e9clar\u00e9 avoir \u00e9t\u00e9 impliqu\u00e9s dans la d\u00e9cision de traitement. Dans l&#8217;ensemble, la plupart des patientes ont per\u00e7u les conf\u00e9rences comme plut\u00f4t positives, les ont trouv\u00e9es informatives et ont recommand\u00e9 d&#8217;y participer. Cependant, certaines personnes ont d\u00e9clar\u00e9 que les conf\u00e9rences leur avaient caus\u00e9 de l&#8217;anxi\u00e9t\u00e9 et de l&#8217;ins\u00e9curit\u00e9 &#8211; un fait qui devrait \u00eatre davantage pris en compte dans les futures \u00e9tudes, souligne Ansmann.<\/p>\n<p><strong>Publication originale :<\/strong><\/p>\n<p>Lena Ansmann et al : &#8220;La participation des patients dans les conf\u00e9rences multidisciplinaires sur les tumeurs : comment est-elle mise en \u0153uvre ? Quel est le r\u00f4le des patients ? Quelles sont les exp\u00e9riences des patients ?&#8221;, Cancer Medicine, DOI:10.1002\/cam4.4213<\/p>\n","protected":false},"excerpt":{"rendered":"<p>Trouver le meilleur traitement pour les personnes atteintes de cancers complexes &#8211; tel est l&#8217;objectif des conf\u00e9rences sur les tumeurs. Les m\u00e9decins oncologues, radiologues, chirurgiens, pathologistes et autres sp\u00e9cialistes parlent&hellip;<\/p>\n","protected":false},"author":12,"featured_media":111172,"comment_status":"closed","ping_status":"","sticky":false,"template":"","format":"standard","meta":{"_acf_changed":false,"pmpro_default_level":"","cat_1_feature_home_top":false,"cat_2_editor_pick":false,"csco_eyebrow_text":"Nouvelle \u00e9tude sur la participation des patients","footnotes":""},"category":[11389,11549],"tags":[],"powerkit_post_featured":[],"class_list":["post-328193","post","type-post","status-publish","format-standard","has-post-thumbnail","category-oncologie","category-rx-fr","pmpro-has-access"],"acf":[],"publishpress_future_action":{"enabled":false,"date":"2026-05-06 22:00:52","action":"change-status","newStatus":"draft","terms":[],"taxonomy":"category","extraData":[]},"publishpress_future_workflow_manual_trigger":{"enabledWorkflows":[]},"wpml_current_locale":"fr_FR","wpml_translations":{"it_IT":{"locale":"it_IT","id":328197,"slug":"i-pazienti-dovrebbero-partecipare-alle-conferenze-sul-tumore","post_title":"I pazienti dovrebbero partecipare alle conferenze sul tumore?","href":"https:\/\/medizinonline.com\/it\/i-pazienti-dovrebbero-partecipare-alle-conferenze-sul-tumore\/"},"pt_PT":{"locale":"pt_PT","id":328202,"slug":"os-doentes-devem-participar-em-conferencias-sobre-tumores","post_title":"Os doentes devem participar em confer\u00eancias sobre tumores?","href":"https:\/\/medizinonline.com\/pt-pt\/os-doentes-devem-participar-em-conferencias-sobre-tumores\/"},"es_ES":{"locale":"es_ES","id":328208,"slug":"deben-asistir-los-pacientes-a-las-conferencias-sobre-tumores","post_title":"\u00bfDeben asistir los pacientes a las conferencias sobre tumores?","href":"https:\/\/medizinonline.com\/es\/deben-asistir-los-pacientes-a-las-conferencias-sobre-tumores\/"}},"_links":{"self":[{"href":"https:\/\/medizinonline.com\/fr\/wp-json\/wp\/v2\/posts\/328193","targetHints":{"allow":["GET"]}}],"collection":[{"href":"https:\/\/medizinonline.com\/fr\/wp-json\/wp\/v2\/posts"}],"about":[{"href":"https:\/\/medizinonline.com\/fr\/wp-json\/wp\/v2\/types\/post"}],"author":[{"embeddable":true,"href":"https:\/\/medizinonline.com\/fr\/wp-json\/wp\/v2\/users\/12"}],"replies":[{"embeddable":true,"href":"https:\/\/medizinonline.com\/fr\/wp-json\/wp\/v2\/comments?post=328193"}],"version-history":[{"count":0,"href":"https:\/\/medizinonline.com\/fr\/wp-json\/wp\/v2\/posts\/328193\/revisions"}],"wp:featuredmedia":[{"embeddable":true,"href":"https:\/\/medizinonline.com\/fr\/wp-json\/wp\/v2\/media\/111172"}],"wp:attachment":[{"href":"https:\/\/medizinonline.com\/fr\/wp-json\/wp\/v2\/media?parent=328193"}],"wp:term":[{"taxonomy":"category","embeddable":true,"href":"https:\/\/medizinonline.com\/fr\/wp-json\/wp\/v2\/category?post=328193"},{"taxonomy":"post_tag","embeddable":true,"href":"https:\/\/medizinonline.com\/fr\/wp-json\/wp\/v2\/tags?post=328193"},{"taxonomy":"powerkit_post_featured","embeddable":true,"href":"https:\/\/medizinonline.com\/fr\/wp-json\/wp\/v2\/powerkit_post_featured?post=328193"}],"curies":[{"name":"wp","href":"https:\/\/api.w.org\/{rel}","templated":true}]}}