{"id":328268,"date":"2021-08-19T02:00:00","date_gmt":"2021-08-19T00:00:00","guid":{"rendered":"https:\/\/medizinonline.com\/le-jeu-de-la-corde-est-il-sur-le-point-de-prendre-fin\/"},"modified":"2021-08-19T02:00:00","modified_gmt":"2021-08-19T00:00:00","slug":"le-jeu-de-la-corde-est-il-sur-le-point-de-prendre-fin","status":"publish","type":"post","link":"https:\/\/medizinonline.com\/fr\/le-jeu-de-la-corde-est-il-sur-le-point-de-prendre-fin\/","title":{"rendered":"Le jeu de la corde est-il sur le point de prendre fin ?"},"content":{"rendered":"<p><strong>D\u00e8s 2009, l&#8217;initiative parlementaire &#8220;Financement des prestations de sant\u00e9 par un seul organisme&#8221; a \u00e9t\u00e9 d\u00e9pos\u00e9e &#8211; et soutenue par pratiquement tous les acteurs du secteur de la sant\u00e9. Cependant, peu de choses ont chang\u00e9 depuis, et les prestations hospitali\u00e8res et ambulatoires sont encore financ\u00e9es diff\u00e9remment aujourd&#8217;hui. Qu&#8217;est-ce qui se cache derri\u00e8re l&#8217;id\u00e9e de l&#8217;EFAS* et le plan pourrait-il finalement aboutir ?<\/strong><\/p>\n<p><em><span style=\"font-size:10px\">*Financement uniforme des soins ambulatoires et hospitaliers<\/span><\/em><\/p>\n<p> <!--more--> <\/p>\n<p>Apr\u00e8s une longue p\u00e9riode d&#8217;accalmie, le projet de financement uniforme des prestations ambulatoires et hospitali\u00e8res dans le syst\u00e8me de sant\u00e9 suisse a repris de la vigueur en avril avec les auditions de l&#8217;Alliance EFAS devant la commission de la sant\u00e9 du Conseil des Etats. En introduisant rapidement une telle solution, de nombreux acteurs tels que la FMH, curafutura, pharmaSuisse et l&#8217;association des h\u00f4pitaux H+ esp\u00e8rent une plus grande efficacit\u00e9 dans le domaine de la sant\u00e9 &#8211; avec des \u00e9conomies \u00e0 la cl\u00e9. En raison de l&#8217;important potentiel de r\u00e9duction des co\u00fbts, les partisans demandent une mise en \u0153uvre rapide du mod\u00e8le EFAS dans le domaine des soins aigus, suivie de l&#8217;int\u00e9gration des soins de longue dur\u00e9e dans un deuxi\u00e8me temps. En 2019, le Conseil national a adopt\u00e9 le projet, il reste maintenant \u00e0 attendre la d\u00e9cision de la Commission de la sant\u00e9 du Conseil des Etats.<\/p>\n<h2 id=\"lidee-de-base\">L&#8217;id\u00e9e de base<\/h2>\n<p>Le transfert croissant des traitements hospitaliers vers les traitements ambulatoires &#8211; ce dont il faut se f\u00e9liciter d&#8217;un point de vue macro\u00e9conomique &#8211; permet d&#8217;\u00e9conomiser de plus en plus de co\u00fbts dans le secteur de la sant\u00e9. Pourtant, ces \u00e9conomies se traduisent actuellement et paradoxalement par des augmentations des primes d&#8217;assurance maladie au lieu de les r\u00e9duire. La raison en est qu&#8217;en cas de traitement hospitalier, l&#8217;assureur maladie ne prend actuellement en charge que 45% des co\u00fbts, contre 100% pour un traitement ambulatoire. Ainsi, alors que plus de la moiti\u00e9 du financement des soins hospitaliers passe par les cantons, le payeur de primes paie lui-m\u00eame tous les traitements ambulatoires. Outre une charge plus importante pour les caisses d&#8217;assurance maladie dans le secteur ambulatoire, cela conduit \u00e9galement \u00e0 de fausses incitations pour la r\u00e9alisation d&#8217;interventions parfois inutiles &#8211; et globalement plus co\u00fbteuses &#8211; en milieu hospitalier.<\/p>\n<p>L&#8217;initiative EFAS pr\u00e9voit que les cantons et les payeurs de primes contribuent d\u00e9sormais aux caisses d&#8217;assurance maladie, qui financeraient alors de mani\u00e8re \u00e9gale tous les traitements ambulatoires et hospitaliers. Les deux payeurs, les cantons et les assureurs-maladie, auraient donc un int\u00e9r\u00eat commun \u00e0 r\u00e9duire les co\u00fbts totaux. Selon l&#8217;Alliance EFAS, la poursuite du transfert du secteur hospitalier vers le secteur ambulatoire permettrait d&#8217;\u00e9conomiser un milliard de francs par an. En outre, le nouveau mod\u00e8le de financement incite \u00e0 la mise en place de mod\u00e8les de soins int\u00e9gr\u00e9s, comme le mod\u00e8le du m\u00e9decin de famille, ce qui, selon ses partisans, permettrait de r\u00e9aliser des \u00e9conomies suppl\u00e9mentaires de trois milliards de francs par an.<\/p>\n<h2 id=\"\">&nbsp;<\/h2>\n<table border=\"1\" cellpadding=\"5\" cellspacing=\"1\" style=\"width:500px\">\n<tbody>\n<tr>\n<td>\n<p><strong>L&#8217;alliance EFAS<\/strong><\/p>\n<p>L&#8217;alliance EFAS regroupe curafutura, la FMH, la fmc, la FMCH, l&#8217;Alliance pour une sant\u00e9 publique libre, le Forum Sant\u00e9 Suisse, H+, Interpharma, medswiss.net, pharmaSuisse, RVK, l&#8217;USP, le Forum suisse des consommateurs kf, l&#8217;Organisation suisse des patients OSP et vips.<\/p>\n<\/td>\n<\/tr>\n<\/tbody>\n<\/table>\n<h2 id=\"-2\">&nbsp;<\/h2>\n<h2 id=\"des-fronts-qui-se-durcissent\">Des fronts qui se durcissent<\/h2>\n<p>Aussi \u00e9vident que puisse para\u00eetre le mod\u00e8le EFAS, les fronts semblent s&#8217;\u00eatre durcis apr\u00e8s onze ans. Certes, tout le monde s&#8217;accorde \u00e0 dire que quelque chose doit changer en mati\u00e8re de financement. Mais la mani\u00e8re exacte dont les parts de co\u00fbts doivent \u00eatre r\u00e9parties fait toujours l&#8217;objet de discussions. Ainsi, si les cantons sont pr\u00eats \u00e0 participer \u00e9galement aux co\u00fbts ambulatoires, ils exigent en contrepartie un cofinancement des soins de longue dur\u00e9e par les assureurs. Ces derniers estiment que les co\u00fbts des soins de longue dur\u00e9e manquent de transparence. Ils proposent donc de n&#8217;inclure les soins de longue dur\u00e9e dans le mod\u00e8le de financement qu&#8217;en cours de route. La dur\u00e9e de ce bras de fer reste incertaine, tout comme l&#8217;issue et la question de savoir si le projet sera finalement soumis au peuple. Une seule chose est s\u00fbre \u00e0 l&#8217;heure actuelle : le potentiel de ma\u00eetrise des co\u00fbts existe. Tous les jours.<\/p>\n<p>&nbsp;<\/p>\n<p>Litt\u00e9rature :<\/p>\n<ol>\n<li>Communiqu\u00e9 de presse de la FMH : Mettre fin au d\u00e9s\u00e9quilibre entre les prestations ambulatoires et hospitali\u00e8res. 12.&nbsp;Avril 2021.<\/li>\n<li>www.pro-efas.ch\/de (dernier acc\u00e8s le 08.05.2021)<\/li>\n<\/ol>\n<p>&nbsp;<\/p>\n<p><em>InFo ONKOLOGIE &amp; H\u00c9MATOLOGIE 2021 ; 9(3) : 40<br \/>\nInFo NEUROLOGIE &amp; PSYCHIATRIE 2021 ; 19(4) : 34<br \/>\nInFo DOULEUR &amp; GERIATRIE 2021 ; 3(2) : 29<\/em><\/p>\n","protected":false},"excerpt":{"rendered":"<p>D\u00e8s 2009, l&#8217;initiative parlementaire &#8220;Financement des prestations de sant\u00e9 par un seul organisme&#8221; a \u00e9t\u00e9 d\u00e9pos\u00e9e &#8211; et soutenue par pratiquement tous les acteurs du secteur de la sant\u00e9. Cependant,&hellip;<\/p>\n","protected":false},"author":7,"featured_media":109302,"comment_status":"closed","ping_status":"","sticky":false,"template":"","format":"standard","meta":{"_acf_changed":false,"pmpro_default_level":"","cat_1_feature_home_top":false,"cat_2_editor_pick":false,"csco_eyebrow_text":"Financement uniforme des soins ambulatoires et hospitaliers","footnotes":""},"category":[11523,11531,11315,11482,11549],"tags":[19728,19720,19723],"powerkit_post_featured":[],"class_list":["post-328268","post","type-post","status-publish","format-standard","has-post-thumbnail","category-actualites","category-formation-continue","category-medecine-interne-generale","category-prevention-et-soins-de-sante","category-rx-fr","tag-efas-fr","tag-financement","tag-politique-de-sante","pmpro-has-access"],"acf":[],"publishpress_future_action":{"enabled":false,"date":"2026-05-04 04:07:28","action":"change-status","newStatus":"draft","terms":[],"taxonomy":"category","extraData":[]},"publishpress_future_workflow_manual_trigger":{"enabledWorkflows":[]},"wpml_current_locale":"fr_FR","wpml_translations":{"it_IT":{"locale":"it_IT","id":328281,"slug":"il-tiro-alla-fune-finira-presto","post_title":"Il tiro alla fune finir\u00e0 presto?","href":"https:\/\/medizinonline.com\/it\/il-tiro-alla-fune-finira-presto\/"},"pt_PT":{"locale":"pt_PT","id":328286,"slug":"sera-que-o-puxar-de-cordas-vai-acabar-em-breve","post_title":"Ser\u00e1 que o puxar de cordas vai acabar em breve?","href":"https:\/\/medizinonline.com\/pt-pt\/sera-que-o-puxar-de-cordas-vai-acabar-em-breve\/"},"es_ES":{"locale":"es_ES","id":328289,"slug":"terminara-pronto-el-tira-y-afloja","post_title":"\u00bfTerminar\u00e1 pronto el tira y afloja?","href":"https:\/\/medizinonline.com\/es\/terminara-pronto-el-tira-y-afloja\/"}},"_links":{"self":[{"href":"https:\/\/medizinonline.com\/fr\/wp-json\/wp\/v2\/posts\/328268","targetHints":{"allow":["GET"]}}],"collection":[{"href":"https:\/\/medizinonline.com\/fr\/wp-json\/wp\/v2\/posts"}],"about":[{"href":"https:\/\/medizinonline.com\/fr\/wp-json\/wp\/v2\/types\/post"}],"author":[{"embeddable":true,"href":"https:\/\/medizinonline.com\/fr\/wp-json\/wp\/v2\/users\/7"}],"replies":[{"embeddable":true,"href":"https:\/\/medizinonline.com\/fr\/wp-json\/wp\/v2\/comments?post=328268"}],"version-history":[{"count":0,"href":"https:\/\/medizinonline.com\/fr\/wp-json\/wp\/v2\/posts\/328268\/revisions"}],"wp:featuredmedia":[{"embeddable":true,"href":"https:\/\/medizinonline.com\/fr\/wp-json\/wp\/v2\/media\/109302"}],"wp:attachment":[{"href":"https:\/\/medizinonline.com\/fr\/wp-json\/wp\/v2\/media?parent=328268"}],"wp:term":[{"taxonomy":"category","embeddable":true,"href":"https:\/\/medizinonline.com\/fr\/wp-json\/wp\/v2\/category?post=328268"},{"taxonomy":"post_tag","embeddable":true,"href":"https:\/\/medizinonline.com\/fr\/wp-json\/wp\/v2\/tags?post=328268"},{"taxonomy":"powerkit_post_featured","embeddable":true,"href":"https:\/\/medizinonline.com\/fr\/wp-json\/wp\/v2\/powerkit_post_featured?post=328268"}],"curies":[{"name":"wp","href":"https:\/\/api.w.org\/{rel}","templated":true}]}}