{"id":328310,"date":"2021-08-11T09:00:00","date_gmt":"2021-08-11T07:00:00","guid":{"rendered":"https:\/\/medizinonline.com\/reduire-le-martelement-dans-la-tete\/"},"modified":"2021-08-11T09:00:00","modified_gmt":"2021-08-11T07:00:00","slug":"reduire-le-martelement-dans-la-tete","status":"publish","type":"post","link":"https:\/\/medizinonline.com\/fr\/reduire-le-martelement-dans-la-tete\/","title":{"rendered":"R\u00e9duire le mart\u00e8lement dans la t\u00eate"},"content":{"rendered":"<p><strong>Les anticorps CGRP*, autoris\u00e9s depuis 2018 pour la pr\u00e9vention des crises de migraine, offrent aux patients concern\u00e9s la possibilit\u00e9 de r\u00e9duire le nombre de jours de maux de t\u00eate. Le premier des anticorps monoclonaux \u00e0 avoir obtenu l&#8217;autorisation de mise sur le march\u00e9 est l&#8217;erenumab. L&#8217;exp\u00e9rience acquise sur une p\u00e9riode de plus d&#8217;un an et demi a \u00e9t\u00e9 utilis\u00e9e dans la pratique clinique quotidienne.<\/strong><\/p>\n<p> <!--more--> <\/p>\n<p><span style=\"font-size:11px\"><em>* Peptide li\u00e9 au g\u00e8ne de la calcitonine<\/em><\/span><\/p>\n<p>&nbsp;<\/p>\n<p>Le Dr Carl G\u00f6bel de la clinique de neurologie de l&#8217;h\u00f4pital universitaire du Schleswig-Holstein, campus de L\u00fcbeck (Allemagne) et ses coll\u00e8gues de la clinique de la douleur neurologique et comportementale de Kiel (Allemagne) ont \u00e9valu\u00e9 en continu l&#8217;efficacit\u00e9 et la tol\u00e9rance d&#8217;Erenumab depuis novembre 2018 en analysant les donn\u00e9es du syst\u00e8me d&#8217;information du cabinet m\u00e9dical [1]. Un b\u00e9n\u00e9fice suppl\u00e9mentaire significatif a donc \u00e9t\u00e9 d\u00e9duit pour les patients adultes qui n&#8217;ont pas r\u00e9pondu, n&#8217;\u00e9taient pas \u00e9ligibles ou n&#8217;ont pas tol\u00e9r\u00e9 l&#8217;une des th\u00e9rapies m\u00e9dicamenteuses\/classes de m\u00e9dicaments approuv\u00e9es.<\/p>\n<p>Au total, 193 patients \u00e2g\u00e9s de 18 \u00e0 75 ans ont \u00e9t\u00e9 \u00e9valu\u00e9s. L&#8217;\u00e2ge moyen \u00e9tait de 47 ans. 87,6% \u00e9taient des femmes (n=169), 12,4% des hommes (n=24). En moyenne, les patients ont souffert de migraines pendant 16,9 jours par mois (minimum 7, maximum 30) et ont pris des m\u00e9dicaments aigus pendant 12,4 jours par mois. La dur\u00e9e moyenne d&#8217;utilisation de l&#8217;erenumab \u00e9tait de 4,4 mois. Le taux de r\u00e9ponse de 50% en termes de diminution du nombre de jours de migraine par mois \u00e9tait en moyenne de 37,8% pour tous les patients (40,2% pour les femmes et 20,8% pour les hommes). Une diminution moyenne de 31,8% du nombre de jours de migraine par mois a \u00e9t\u00e9 observ\u00e9e. La diminution du nombre de jours de prise de triptans au cours du mois s&#8217;est \u00e9lev\u00e9e \u00e0 34,5%. Une r\u00e9duction de 30% des jours de migraine par mois a \u00e9t\u00e9 atteinte en moyenne par 55,4% des patients <span style=\"font-family:franklin gothic demi\">(Fig.&nbsp;1).<\/span><\/p>\n<p>&nbsp;<\/p>\n<p><img fetchpriority=\"high\" decoding=\"async\" class=\" size-full wp-image-16882\" alt=\"\" src=\"https:\/\/medizinonline.com\/wp-content\/uploads\/2021\/08\/abb1_sg1_s19.png\" style=\"height:219px; width:600px\" width=\"1100\" height=\"402\"><\/p>\n<p>&nbsp;<\/p>\n<p>Pour les migraines \u00e9pisodiques, le taux de r\u00e9pondeurs \u00e0 50% \u00e9tait de 52,1% (n=48), pour les migraines chroniques de 33,1% (n=145). En cas de prise de m\u00e9dicaments aigus plus de 10 jours par mois, le taux de r\u00e9pondeurs \u00e9tait de 35,3% (n=113). Chez ces patients, une pause m\u00e9dicamenteuse avait \u00e9t\u00e9 effectu\u00e9e au pr\u00e9alable, sans qu&#8217;une r\u00e9duction significative du nombre de jours de maux de t\u00eate par mois ne soit constat\u00e9e. Si les patients ne r\u00e9pondaient pas aux crit\u00e8res de surconsommation de m\u00e9dicaments, le taux de r\u00e9pondeurs \u00e9tait de 41,7% (n=79). Le taux de r\u00e9pondeurs \u00e0 50% le plus \u00e9lev\u00e9, soit 66,7%, a \u00e9t\u00e9 obtenu par les patients souffrant de migraine \u00e9pisodique sans surconsommation de m\u00e9dicaments (n=24). L&#8217;effet secondaire le plus fr\u00e9quent \u00e9tait la constipation (16,2%). 37,3% des patients ont arr\u00eat\u00e9 le traitement en raison d&#8217;une efficacit\u00e9 ou d&#8217;une tol\u00e9rance insuffisante.<\/p>\n<p>Le Dr G\u00f6bel conclut que l&#8217;\u00e9r\u00e9numab peut apporter une am\u00e9lioration significative chez les patients jusqu&#8217;ici r\u00e9fractaires au traitement. L&#8217;effet serait plus prononc\u00e9 chez les patients souffrant de migraines \u00e9pisodiques et chez les patients ne consommant pas de m\u00e9dicaments en exc\u00e8s. Les exp\u00e9riences cliniques pratiques ont confirm\u00e9 le b\u00e9n\u00e9fice suppl\u00e9mentaire, en particulier chez les patients jusqu&#8217;ici r\u00e9fractaires, qui ont \u00e9t\u00e9 largement exclus des \u00e9tudes d&#8217;autorisation de mise sur le march\u00e9.<\/p>\n<h2 id=\"622-non-repondeurs-a-lerenumab\">62,2% Non-r\u00e9pondeurs \u00e0 l&#8217;\u00e9r\u00e9numab<\/h2>\n<p>Les anticorps anti-ligands CGRP constituent une alternative pour les patients qui ne r\u00e9pondent pas \u00e0 l&#8217;\u00e9r\u00e9numab. L\u00e0 encore, les chercheurs ont analys\u00e9 les donn\u00e9es de la pratique dans un centre sp\u00e9cialis\u00e9 dans la migraine et les c\u00e9phal\u00e9es afin de d\u00e9terminer si et dans quelle mesure les non-r\u00e9pondeurs \u00e0 l&#8217;\u00e9r\u00e9numab pouvaient b\u00e9n\u00e9ficier d&#8217;un changement [2].<\/p>\n<p>&nbsp;<\/p>\n<p><img decoding=\"async\" class=\"size-full wp-image-16883 lazyload\" alt=\"\" data-src=\"https:\/\/medizinonline.com\/wp-content\/uploads\/2021\/08\/abb2_sg1_s19.png\" style=\"--smush-placeholder-width: 1100px; --smush-placeholder-aspect-ratio: 1100\/371;height:202px; width:600px\" width=\"1100\" height=\"371\" src=\"data:image\/svg+xml;base64,PHN2ZyB3aWR0aD0iMSIgaGVpZ2h0PSIxIiB4bWxucz0iaHR0cDovL3d3dy53My5vcmcvMjAwMC9zdmciPjwvc3ZnPg==\"><\/p>\n<p>&nbsp;<\/p>\n<p>Pour ce faire, 57 patients non r\u00e9pondeurs \u00e0 l&#8217;erenumab ont \u00e9t\u00e9 transf\u00e9r\u00e9s \u00e0 Fremanezumab 225&nbsp;mg 1\u00d7 par mois sc. L&#8217;intervalle avec le dernier traitement par \u00e9r\u00e9numab \u00e9tait d&#8217;au moins 2 mois. Les patients \u00e9taient \u00e2g\u00e9s de 20 \u00e0 70 ans (\u00e2ge moyen 49 ans), 50 \u00e9taient des femmes (87,7%), 7 des hommes. Avant le changement, les patients pr\u00e9sentaient en moyenne 19 jours de maux de t\u00eate, 17 jours de migraine et 13 jours de prise de triptans par mois. 31 patients r\u00e9pondaient aux crit\u00e8res de surconsommation de m\u00e9dicaments (54,3%) Le MIDAS** moyen \u00e9tait de 117 <span style=\"font-family:franklin gothic demi\">(Fig.&nbsp;2).<\/span>&nbsp;<\/p>\n<p><em><span style=\"font-size:11px\">** Score d&#8217;\u00e9valuation du handicap migraineux<\/span><\/em><\/p>\n<p>&nbsp;<\/p>\n<p>Les non-r\u00e9pondeurs \u00e0 l&#8217;erenumab ont montr\u00e9 une r\u00e9duction moyenne de 23% des jours de c\u00e9phal\u00e9es par mois, une r\u00e9duction de 26% des jours de migraine par mois et une r\u00e9duction de 25% des jours de triptans par mois sous fremanezumab 225 mg. Le score MIDAS a \u00e9t\u00e9 r\u00e9duit de 22%. Une r\u00e9duction de 50% des jours de migraine\/mois a \u00e9t\u00e9 atteinte par 25% des patients. Le taux de r\u00e9ponse de 50% pour les maux de t\u00eate \u00e9tait de 21% et une r\u00e9duction d&#8217;au moins 30% du score MIDAS \u00e9tait atteinte par 44%. Seul un patient avec une r\u00e9duction de 50% des jours de c\u00e9phal\u00e9es\/mois n&#8217;avait pas \u00e9galement une r\u00e9duction d&#8217;au moins 30% du score MIDAS. 4% ont signal\u00e9 une constipation comme effet secondaire et 1% des r\u00e9actions \u00e0 l&#8217;injection. En raison de l&#8217;inefficacit\u00e9, 44% ont interrompu la poursuite du traitement. Aucun patient n&#8217;a interrompu le traitement en raison d&#8217;effets secondaires. La dur\u00e9e moyenne du traitement jusqu&#8217;au moment de l&#8217;\u00e9valuation \u00e9tait de 3,8 mois.<\/p>\n<p>La conclusion de l&#8217;\u00e9quipe de recherche est la suivante : malgr\u00e9 l&#8217;efficacit\u00e9 insuffisante d&#8217;un anticorps du r\u00e9cepteur CGRP, il est encore possible d&#8217;obtenir un effet chez les patients concern\u00e9s en passant \u00e0 l&#8217;anticorps du ligand CGRP, le Fremanezumab. Cependant, la probabilit\u00e9 d&#8217;obtenir au moins une r\u00e9duction de moiti\u00e9 du nombre de jours de maux de t\u00eate par mois est plus faible (21%) que lors de la premi\u00e8re utilisation d&#8217;un anticorps anti-r\u00e9cepteur CGRP. Cependant, si l&#8217;on ajoute comme crit\u00e8re d&#8217;efficacit\u00e9 suppl\u00e9mentaire la r\u00e9duction de 30% du MIDAS (comme le recommandent les directives de la Soci\u00e9t\u00e9 allemande de la migraine et des c\u00e9phal\u00e9es), 45,6% des non-r\u00e9pondeurs \u00e0 l&#8217;erenumab peuvent obtenir une efficacit\u00e9 clinique significative en passant au fremanezumab.<\/p>\n<p><em>Congr\u00e8s :&nbsp;Congr\u00e8s allemand sur la douleur 2020 (en ligne)<\/em><\/p>\n<p>&nbsp;<\/p>\n<p>Sources :<\/p>\n<ol>\n<li>G\u00f6bel C, et al. : Immunoth\u00e9rapie avec Erenumab pour la migraine \u00e9pisodique et chronique : exp\u00e9riences dans le traitement sp\u00e9cialis\u00e9 de la douleur. Congr\u00e8s allemand sur la douleur 2020 (\u00e9v\u00e9nement en ligne), 21-24.10.2020, PO012.<\/li>\n<li>G\u00f6bel C, et al. : Efficacit\u00e9 du fremanezumab chez les non-r\u00e9pondeurs \u00e0 l&#8217;erenumab dans l&#8217;immunoth\u00e9rapie de la migraine. Deutscher Schmerzkongress 2020 (\u00e9v\u00e9nement en ligne), 21-24.10.2020, PO013.<\/li>\n<\/ol>\n<p>&nbsp;<\/p>\n<p><em>InFo DOULEUR &amp; GERIATRIE 2021 ; 3(1) : 19-20 (publi\u00e9 le 2.7.21, ahead of print)<\/em><\/p>\n","protected":false},"excerpt":{"rendered":"<p>Les anticorps CGRP*, autoris\u00e9s depuis 2018 pour la pr\u00e9vention des crises de migraine, offrent aux patients concern\u00e9s la possibilit\u00e9 de r\u00e9duire le nombre de jours de maux de t\u00eate. Le&hellip;<\/p>\n","protected":false},"author":7,"featured_media":110067,"comment_status":"closed","ping_status":"","sticky":false,"template":"","format":"standard","meta":{"_acf_changed":false,"pmpro_default_level":"","cat_1_feature_home_top":false,"cat_2_editor_pick":false,"csco_eyebrow_text":"Anticorps CGRP pour la prophylaxie de la migraine","footnotes":""},"category":[11527,11315,11383,11535,11549],"tags":[19774,13866,13867],"powerkit_post_featured":[],"class_list":["post-328310","post","type-post","status-publish","format-standard","has-post-thumbnail","category-etudes","category-medecine-interne-generale","category-neurologie-fr","category-rapports-de-congres","category-rx-fr","tag-cgrp-fr","tag-maux-de-tete","tag-migraine-fr","pmpro-has-access"],"acf":[],"publishpress_future_action":{"enabled":false,"date":"2026-05-08 04:10:52","action":"change-status","newStatus":"draft","terms":[],"taxonomy":"category","extraData":[]},"publishpress_future_workflow_manual_trigger":{"enabledWorkflows":[]},"wpml_current_locale":"fr_FR","wpml_translations":{"it_IT":{"locale":"it_IT","id":328324,"slug":"ridurre-il-martellamento-nella-testa","post_title":"Ridurre il martellamento nella testa","href":"https:\/\/medizinonline.com\/it\/ridurre-il-martellamento-nella-testa\/"},"pt_PT":{"locale":"pt_PT","id":328329,"slug":"reduzir-o-martelar-na-cabeca","post_title":"Reduzir o martelar na cabe\u00e7a","href":"https:\/\/medizinonline.com\/pt-pt\/reduzir-o-martelar-na-cabeca\/"},"es_ES":{"locale":"es_ES","id":328334,"slug":"reducir-el-martilleo-en-la-cabeza","post_title":"Reducir el martilleo en la cabeza","href":"https:\/\/medizinonline.com\/es\/reducir-el-martilleo-en-la-cabeza\/"}},"_links":{"self":[{"href":"https:\/\/medizinonline.com\/fr\/wp-json\/wp\/v2\/posts\/328310","targetHints":{"allow":["GET"]}}],"collection":[{"href":"https:\/\/medizinonline.com\/fr\/wp-json\/wp\/v2\/posts"}],"about":[{"href":"https:\/\/medizinonline.com\/fr\/wp-json\/wp\/v2\/types\/post"}],"author":[{"embeddable":true,"href":"https:\/\/medizinonline.com\/fr\/wp-json\/wp\/v2\/users\/7"}],"replies":[{"embeddable":true,"href":"https:\/\/medizinonline.com\/fr\/wp-json\/wp\/v2\/comments?post=328310"}],"version-history":[{"count":0,"href":"https:\/\/medizinonline.com\/fr\/wp-json\/wp\/v2\/posts\/328310\/revisions"}],"wp:featuredmedia":[{"embeddable":true,"href":"https:\/\/medizinonline.com\/fr\/wp-json\/wp\/v2\/media\/110067"}],"wp:attachment":[{"href":"https:\/\/medizinonline.com\/fr\/wp-json\/wp\/v2\/media?parent=328310"}],"wp:term":[{"taxonomy":"category","embeddable":true,"href":"https:\/\/medizinonline.com\/fr\/wp-json\/wp\/v2\/category?post=328310"},{"taxonomy":"post_tag","embeddable":true,"href":"https:\/\/medizinonline.com\/fr\/wp-json\/wp\/v2\/tags?post=328310"},{"taxonomy":"powerkit_post_featured","embeddable":true,"href":"https:\/\/medizinonline.com\/fr\/wp-json\/wp\/v2\/powerkit_post_featured?post=328310"}],"curies":[{"name":"wp","href":"https:\/\/api.w.org\/{rel}","templated":true}]}}