{"id":328638,"date":"2021-07-04T01:00:00","date_gmt":"2021-07-03T23:00:00","guid":{"rendered":"https:\/\/medizinonline.com\/traiter-efficacement-les-ecchymoses-et-langio-oedeme-une-mise-a-jour-pratique\/"},"modified":"2021-07-04T01:00:00","modified_gmt":"2021-07-03T23:00:00","slug":"traiter-efficacement-les-ecchymoses-et-langio-oedeme-une-mise-a-jour-pratique","status":"publish","type":"post","link":"https:\/\/medizinonline.com\/fr\/traiter-efficacement-les-ecchymoses-et-langio-oedeme-une-mise-a-jour-pratique\/","title":{"rendered":"Traiter efficacement les ecchymoses et l&#8217;angio-\u0153d\u00e8me &#8211; une mise \u00e0 jour pratique"},"content":{"rendered":"<p><strong>L&#8217;objectif th\u00e9rapeutique d&#8217;une disparition totale des sympt\u00f4mes est r\u00e9aliste dans de nombreux cas gr\u00e2ce aux options de traitement disponibles aujourd&#8217;hui. Les antihistaminiques H1 sont toujours consid\u00e9r\u00e9s comme le traitement de premi\u00e8re ligne, et l&#8217;utilisation de l&#8217;omalizumab est recommand\u00e9e en cas d&#8217;absence de r\u00e9ponse. Un autre anticorps IgE est actuellement dans le pipeline et les donn\u00e9es des \u00e9tudes men\u00e9es jusqu&#8217;\u00e0 pr\u00e9sent sont extr\u00eamement prometteuses. Pour mesurer l&#8217;\u00e9volution, des instruments standardis\u00e9s tels que le score d&#8217;activit\u00e9 de l&#8217;urticaire (UAS7) et le test de contr\u00f4le de l&#8217;urticaire (UCT) sont utiles.<\/strong><\/p>\n<p> <!--more--> <\/p>\n<p>\nL&#8217;urticaire chronique est d\u00e9finie par l&#8217;apparition de d\u00e9mangeaisons et\/ou d&#8217;angio-\u0153d\u00e8mes pendant plus de six semaines. Il s&#8217;agit d&#8217;une maladie fr\u00e9quente et tr\u00e8s invalidante pour de nombreux patients. Les performances dans la vie quotidienne peuvent \u00eatre consid\u00e9rablement r\u00e9duites et l&#8217;urticaire chronique s&#8217;accompagne souvent de d\u00e9pression, de troubles anxieux et de troubles du sommeil. Le professeur Marcus Maurer, allergologue dermatologue au centre d&#8217;allergie de la m\u00e9decine universitaire de la Charit\u00e9 \u00e0 Berlin, a donn\u00e9 un aper\u00e7u actuel de la prise en charge de l&#8217;urticaire \u00e0 l&#8217;occasion de la r\u00e9union annuelle de la DDG de cette ann\u00e9e [1]. La nouvelle ligne directrice S3 a \u00e9t\u00e9 r\u00e9cemment approuv\u00e9e et sa publication est pr\u00e9vue pour 2021. La ligne directrice actuelle EAACI\/GA\u00b2LEN\/EDF\/WAO fait actuellement autorit\u00e9 en mati\u00e8re de recommandations de traitement<span style=\"font-family:franklin gothic demi\"> (figure 1). <\/span> <\/p>\n<p>&nbsp;<\/p>\n<p><img fetchpriority=\"high\" decoding=\"async\" class=\" size-full wp-image-16519\" alt=\"\" src=\"https:\/\/medizinonline.com\/wp-content\/uploads\/2021\/07\/abb1_dp3_s31_0.png\" style=\"height:405px; width:600px\" width=\"1100\" height=\"742\" srcset=\"https:\/\/medizinonline.com\/wp-content\/uploads\/2021\/07\/abb1_dp3_s31_0.png 1100w, https:\/\/medizinonline.com\/wp-content\/uploads\/2021\/07\/abb1_dp3_s31_0-800x540.png 800w, https:\/\/medizinonline.com\/wp-content\/uploads\/2021\/07\/abb1_dp3_s31_0-120x81.png 120w, https:\/\/medizinonline.com\/wp-content\/uploads\/2021\/07\/abb1_dp3_s31_0-90x61.png 90w, https:\/\/medizinonline.com\/wp-content\/uploads\/2021\/07\/abb1_dp3_s31_0-320x216.png 320w, https:\/\/medizinonline.com\/wp-content\/uploads\/2021\/07\/abb1_dp3_s31_0-560x378.png 560w\" sizes=\"(max-width: 1100px) 100vw, 1100px\" \/><\/p>\n<p>&nbsp;<\/p>\n<p>Alors que dans l&#8217;urticaire chronique inductible, les sympt\u00f4mes peuvent \u00eatre expliqu\u00e9s par des d\u00e9clencheurs sp\u00e9cifiques reproductibles, comme le froid ou la pression, dans l&#8217;urticaire chronique spontan\u00e9e (csU), la cascade physiopathologique est d\u00e9clench\u00e9e par un facteur intrins\u00e8que. L&#8217;auto-immunit\u00e9 est d\u00e9sormais consid\u00e9r\u00e9e comme une cause fr\u00e9quente d&#8217;urticaire chronique spontan\u00e9e. Alors que dans le cas d&#8217;une csU due \u00e0 une auto-immunit\u00e9 de type I, les auto-anticorps IgE se lient au r\u00e9cepteur de haute affinit\u00e9 des mastocytes cutan\u00e9s, dans le cas d&#8217;une CSU auto-immune de type IIb, les auto-anticorps IgG dirig\u00e9s contre le r\u00e9cepteur de haute affinit\u00e9 des IgE entra\u00eenent une d\u00e9granulation des mastocytes [2].<\/p>\n<h2 id=\"\">&nbsp;<\/h2>\n<h2 id=\"-2\"><img decoding=\"async\" class=\"size-full wp-image-16520 lazyload\" alt=\"\" data-src=\"https:\/\/medizinonline.com\/wp-content\/uploads\/2021\/07\/ubersicht1_dp3_s30.png\" style=\"--smush-placeholder-width: 1100px; --smush-placeholder-aspect-ratio: 1100\/475;height:259px; width:600px\" width=\"1100\" height=\"475\" src=\"data:image\/svg+xml;base64,PHN2ZyB3aWR0aD0iMSIgaGVpZ2h0PSIxIiB4bWxucz0iaHR0cDovL3d3dy53My5vcmcvMjAwMC9zdmciPjwvc3ZnPg==\"><\/h2>\n<h2 id=\"-3\">&nbsp;<\/h2>\n<h2 id=\"diagnostic-differentiel-base-sur-une-anamnese-structuree\">Diagnostic diff\u00e9rentiel bas\u00e9 sur une anamn\u00e8se structur\u00e9e<\/h2>\n<p>Les objectifs de l&#8217;\u00e9valuation diagnostique chez les patients suspects de csU comprennent, outre le diagnostic diff\u00e9rentiel, la recherche de facteurs d\u00e9clencheurs pertinents pour la csU (par exemple, la prise d&#8217;analg\u00e9siques), la clarification des comorbidit\u00e9s, la d\u00e9termination de l&#8217;activit\u00e9 de la maladie et de son contr\u00f4le, ainsi que l&#8217;\u00e9valuation de la qualit\u00e9 de vie [3]. Lors du diagnostic de l&#8217;urticaire chronique spontan\u00e9e, il faut penser large, souligne le conf\u00e9rencier. &#8220;Il ne s&#8217;agit pas seulement d&#8217;identifier les causes, il s&#8217;agit \u00e9galement d&#8217;identifier et de traiter les comorbidit\u00e9s et les cons\u00e9quences chez les patients&#8221;. Apr\u00e8s l&#8217;anamn\u00e8se, il convient de proc\u00e9der \u00e0 un examen physique et \u00e0 un diagnostic de base en laboratoire (vitesse de s\u00e9dimentation et\/ou CRP et formule sanguine diff\u00e9rentielle) [3,4]. Un diagnostic avanc\u00e9 n&#8217;est indiqu\u00e9 que dans quelques cas et doit en principe \u00eatre r\u00e9alis\u00e9 parall\u00e8lement \u00e0 un traitement.<\/p>\n<p>Pour l&#8217;anamn\u00e8se et le diagnostic de base, des questions d&#8217;anamn\u00e8se cibl\u00e9es sont formul\u00e9es dans les lignes directrices EAACI\/GA\u00b2LEN\/EDF\/WAO [3,4]:<\/p>\n<ol>\n<li><span style=\"font-family:franklin gothic demi\">Ant\u00e9c\u00e9dents familiaux :<\/span> des ant\u00e9c\u00e9dents familiaux positifs de quintes et d&#8217;angio-\u0153d\u00e8me peuvent indiquer des maladies cong\u00e9nitales telles que les syndromes auto-inflammatoires et l&#8217;angio-\u0153d\u00e8me h\u00e9r\u00e9ditaire (AOH).<\/li>\n<li><span style=\"font-family:franklin gothic demi\">Moment du d\u00e9but de la maladie : <\/span>un d\u00e9but dans la petite enfance peut indiquer des maladies cong\u00e9nitales telles que le syndrome p\u00e9riodique associ\u00e9 \u00e0 la cryopyrine (CAPS) ou l&#8217;AOH.<\/li>\n<li><span style=\"font-family:franklin gothic demi\">Apparition d&#8217;un angio-\u0153d\u00e8me sans pr\u00e9sence de papules :<\/span> En cas de survenue isol\u00e9e d&#8217;un angio-\u0153d\u00e8me, il convient d&#8217;envisager un angio-\u0153d\u00e8me m\u00e9di\u00e9 par la bradykinine (par ex. angio-\u0153d\u00e8me induit par l&#8217;AOH ou les IEC\/sartans).<\/li>\n<li><span style=\"font-family:franklin gothic demi\">Dur\u00e9e et localisation de l&#8217;angio-\u0153d\u00e8me : <\/span>Si l&#8217;angio-\u0153d\u00e8me persiste pendant plusieurs jours, s&#8217;il est localis\u00e9 dans la r\u00e9gion du larynx ou de l&#8217;abdomen ou s&#8217;il ne r\u00e9pond pas \u00e0 un traitement par glucocortico\u00efdes, un AOH ou un autre angio-\u0153d\u00e8me m\u00e9di\u00e9 par la bradykinine est possible.<\/li>\n<li><span style=\"font-family:franklin gothic demi\">Dur\u00e9e et s\u00e9quelles des urticaires :<\/span> La pr\u00e9sence de papules pendant une longue p\u00e9riode (g\u00e9n\u00e9ralement &gt;24 h) ou l&#8217;apparition d&#8217;un h\u00e9matome ou d&#8217;une hyperpigmentation cons\u00e9cutive peuvent \u00eatre le signe d&#8217;une vascularite urticarienne.<\/li>\n<li><span style=\"font-family:franklin gothic demi\">M\u00e9dicaments : <\/span>En cas de prise d&#8217;IEC ou de sartans, il convient de rechercher un angio-\u0153d\u00e8me m\u00e9di\u00e9 par l&#8217;IEC ou le sartan.<\/li>\n<li><span style=\"font-family:franklin gothic demi\">Sympt\u00f4mes associ\u00e9s :<\/span> douleurs osseuses\/articulaires, signes d&#8217;inflammation ou fi\u00e8vre peuvent \u00eatre des indices de syndromes auto-inflammatoires.<\/li>\n<li><span style=\"font-family:franklin gothic demi\">D\u00e9pendance de l&#8217;apparition de quintes et\/ou d&#8217;angioed\u00e8mes \u00e0 des d\u00e9clencheurs sp\u00e9cifiques : <\/span>La survenue exclusive de quintes et\/ou d&#8217;angio-\u0153d\u00e8mes suite \u00e0 des d\u00e9clencheurs sp\u00e9cifiques (par ex. contact de la peau avec le froid) rend probable une urticaire chronique inductible.<\/li>\n<li><span style=\"font-family:franklin gothic demi\">Ant\u00e9c\u00e9dents de traitement et r\u00e9ponse th\u00e9rapeutique ant\u00e9rieure (y compris la dose et la dur\u00e9e) :<\/span> La r\u00e9sistance au traitement peut \u00eatre le signe d&#8217;un syndrome auto-inflammatoire ou d&#8217;une maladie angio-\u0153d\u00e9mateuse m\u00e9di\u00e9e par la bradykinine.<\/li>\n<li><strong>Proc\u00e9dures\/r\u00e9sultats de diagnostic ant\u00e9rieurs :<\/strong> <span style=\"font-family:franklin gothic book\">Est-il possible d&#8217;\u00e9tablir des corr\u00e9lations ? <\/span> <\/li>\n<li><strong>Apparition intermittente de l&#8217;urticaire<\/strong> <strong>et\/ou des sympt\u00f4mes associ\u00e9s, tels que des troubles gastro-intestinaux :<\/strong><span style=\"font-family:franklin gothic book\"> Cela peut indiquer une allergie alimentaire \u00e0 m\u00e9diation IgE. <\/span> <\/li>\n<\/ol>\n<h2 id=\"-4\">&nbsp;<\/h2>\n<h2 id=\"-5\"><img decoding=\"async\" class=\"size-full wp-image-16521 lazyload\" alt=\"\" data-src=\"https:\/\/medizinonline.com\/wp-content\/uploads\/2021\/07\/kasten_dp3_s31.png\" style=\"--smush-placeholder-width: 1100px; --smush-placeholder-aspect-ratio: 1100\/517;height:282px; width:600px\" width=\"1100\" height=\"517\" src=\"data:image\/svg+xml;base64,PHN2ZyB3aWR0aD0iMSIgaGVpZ2h0PSIxIiB4bWxucz0iaHR0cDovL3d3dy53My5vcmcvMjAwMC9zdmciPjwvc3ZnPg==\"><\/h2>\n<h2 id=\"-6\">&nbsp;<\/h2>\n<h2 id=\"doser-les-antihistaminiques-anticorps-anti-ige-en-traitement-de-deuxieme-intention\">Doser les antihistaminiques &#8211; anticorps anti-IgE en traitement de deuxi\u00e8me intention<\/h2>\n<p>L&#8217;objectif principal du traitement de la csU est de parvenir \u00e0 une disparition totale des sympt\u00f4mes et d&#8217;att\u00e9nuer ainsi les sympt\u00f4mes associ\u00e9s (par ex. d\u00e9pression, anxi\u00e9t\u00e9, troubles du sommeil) [2]. Le traitement consiste \u00e0 \u00e9viter les facteurs d\u00e9clencheurs et \u00e0 administrer un traitement m\u00e9dicamenteux ad\u00e9quat <strong><span style=\"font-family:franklin gothic demi\">(figure 1)<\/span>. <\/strong> <span style=\"font-family:franklin gothic demi\">Les antihistaminiques H1 de deuxi\u00e8me g\u00e9n\u00e9ration<\/span> sont consid\u00e9r\u00e9s comme le traitement de premi\u00e8re ligne du csU<em> <\/em>(par exemple, la loratadine ou la c\u00e9tirizine) [3]. En cas de manque d&#8217;efficacit\u00e9, il est recommand\u00e9 d&#8217;augmenter la dose standard, mais cela ne pose pas de probl\u00e8me si l&#8217;on tient compte d&#8217;\u00e9ventuels facteurs de risque ou d&#8217;une co-m\u00e9dication. Si une am\u00e9lioration suffisante n&#8217;est pas obtenue apr\u00e8s deux \u00e0 quatre semaines de traitement par un antihistaminique H1 de deuxi\u00e8me g\u00e9n\u00e9ration \u00e0 dose standard ou apr\u00e8s augmentation de la dose, un traitement suppl\u00e9mentaire par <span style=\"font-family:franklin gothic demi\">omalizumab<\/span> (Xolair\u00ae) doit \u00eatre administr\u00e9. Cet anticorps monoclonal pr\u00e9sente un bon profil de s\u00e9curit\u00e9 et le taux d&#8217;anaphylaxie est faible. L&#8217;utilisation de l&#8217;omalizumab est \u00e9galement sans danger en cas de rhume l\u00e9ger, de toux ou d&#8217;enrouement. Pendant le traitement \u00e0 l&#8217;omalizumab, il est possible de recourir \u00e0 des vaccins morts ou vivants. En l&#8217;absence d&#8217;ant\u00e9c\u00e9dents d&#8217;anaphylaxie, les patients peuvent s&#8217;injecter eux-m\u00eames l&#8217;omalizumab ou le faire injecter par un soignant \u00e0 partir de la quatri\u00e8me utilisation (\u00e0 l&#8217;exception des femmes enceintes). Si aucun r\u00e9sultat n&#8217;est obtenu apr\u00e8s six mois de traitement par omalizumab, un usage hors indication de <span style=\"font-family:franklin gothic demi\">la ciclosporine A <\/span>est recommand\u00e9 en plus du traitement existant par antihistaminiques H1. En cas d&#8217;exacerbation aigu\u00eb, un traitement de courte dur\u00e9e (10 jours maximum) avec des doses moyennes peut \u00eatre envisag\u00e9.<em> <\/em>Les patients peuvent \u00eatre trait\u00e9s avec des <span style=\"font-family:franklin gothic demi\">glucocortico\u00efdes oraux syst\u00e9miques <\/span>afin de r\u00e9duire la dur\u00e9e et l&#8217;activit\u00e9 de la maladie. L&#8217;utilisation des antihistaminiques loratadine et c\u00e9tirizine ainsi que de l&#8217;omalizumab est \u00e9galement possible pendant la grossesse.<\/p>\n<h2 id=\"la-mesure-de-lhistorique-est-extremement-importante\">La mesure de l&#8217;historique est extr\u00eamement importante<\/h2>\n<p>&#8220;Mesurez l&#8217;urticaire de vos patients&#8221;, appelle le professeur Maurer. Cela permet, d&#8217;une part, de prendre des d\u00e9cisions th\u00e9rapeutiques bas\u00e9es sur des faits et, d&#8217;autre part, d&#8217;adapter le traitement en cours de route si n\u00e9cessaire. Le<em>score<\/em> hebdomadaire<em>d&#8217;activit\u00e9 de l&#8217;urticaire (UAS7)<\/em> [5] et le<em> score d&#8217;activit\u00e9 de l&#8217;angio-\u0153d\u00e8me (AAS)<\/em> [6] sont utilis\u00e9s pour le suivi de l&#8217;activit\u00e9 de la maladie. En compl\u00e9ment, le <em>test de contr\u00f4le de l&#8217;urticaire (UCT)<\/em> doit \u00eatre r\u00e9alis\u00e9 chez tous les patients atteints de CSU. Dans le cas de l&#8217;UAS7, les patients documentent quotidiennement les quintes et les d\u00e9mangeaisons par le patient dans un journal pendant sept jours cons\u00e9cutifs [5]. De la m\u00eame mani\u00e8re, l&#8217;apparition d&#8217;un angio-\u0153d\u00e8me est d\u00e9tect\u00e9e par le SAA [6]. L&#8217;UCT permet d&#8217;\u00e9valuer le contr\u00f4le de la maladie et du traitement \u00e0 l&#8217;aide de quatre questions (0 \u00e0 4 points par r\u00e9ponse) portant sur les quatre derni\u00e8res semaines. Un score total \u226411 points indique une maladie non contr\u00f4l\u00e9e [7]. En compl\u00e9ment, il est utile d&#8217;\u00e9valuer r\u00e9guli\u00e8rement la qualit\u00e9 de vie (par ex. DLQI* ou CU-Q2oL** ou AE-QoL#).<\/p>\n<p>&nbsp;<\/p>\n<p><span style=\"font-size:11px\">* DLQI = Indice de qualit\u00e9 de vie en dermatologie<br \/>\n**&nbsp;CU-Q2oL= Chronic Urticaria Quality of Life Questionnaire<\/span><br \/>\n<span style=\"font-size:11px\"><sup>#<\/sup>&nbsp;AE-QoL=Angioedema Quality of Life Questionnaire<\/span><\/p>\n<p>&nbsp;<\/p>\n<p>&nbsp;<\/p>\n<p>\n<em>Congr\u00e8s :&nbsp;R\u00e9union DDG 2021<\/em><\/p>\n<p>&nbsp;<\/p>\n<p>Litt\u00e9rature :<\/p>\n<ol>\n<li>Maurer M : Urticaria chronique &#8211; Praktisches und Neues zum Management, Prof. Dr Marcus Maurer, S17 : Track Allergologie : Soforttypallergie, Urtikaria und Spezifische Immunherapie, DDG Tagung 2021, 16.04.2021.<\/li>\n<li>Maurer M, et al. : Urticaire chronique &#8211; Qu&#8217;apporte la nouvelle ligne directrice ? JDDG 2018 ; 16(5) : 585-595.<\/li>\n<li>Bauer A, et al. : Consensus d&#8217;experts sur les aspects pratiques du traitement de l&#8217;urticaire chronique. Allergo J Int 2021 ; 30 : 64-75.<\/li>\n<li>Zuberbier T, et al. : Lignes directrices EAACI\/GA\u00b2LEN\/EDF\/OMS pour la d\u00e9finition, la classification, le diagnostic et la prise en charge de l&#8217;urticaire &#8211; traduction fran\u00e7aise consensuelle. Allergo Journal 2018 ; 27 : 41-69.<\/li>\n<li>Hawro T, et al : The urticaria activity score-validity, reliability, and responsiveness. J Allergy Clin Immunol Pract 2018 ; 6 : 1185-90.e1<\/li>\n<li>Weller K, et al : Development, validation, and initial results of the Angioedema Activity Score. Allergy 2013 ; 68 : 1185-1192.<\/li>\n<li>Weller K, et al : Development and validation of the Urticaria Control Test : a patient-reported outcome instrument for assessing urticaria control. J Allergy Clin Immunol 2014 ; 133 : 1365-1372, 72.e1-6<\/li>\n<li>Teach SJ, et al : Traitement pr\u00e9saisonnier avec soit omalizumab soit un boost de corticost\u00e9ro\u00efdes inhal\u00e9s pour pr\u00e9venir les exacerbations d&#8217;asthme de cas. J Allergy Clin Immunol 2015 ; 136 : 1476-1485.<\/li>\n<li>Esquivel A, et al : Efects of omalizumab on rhinovirus infections, illnesses, and exacerbations of asthma. Am J Respir Crit Care Med 2017 ; 196 : 985-992.<\/li>\n<li>Lommatzsch M, Stoll P, Virchow JC : COVID-19 chez un patient souffrant d&#8217;asthme s\u00e9v\u00e8re trait\u00e9 \u00e0 l&#8217;omalizumab. Allergy 2020 ; 75 : 2705-2708.<\/li>\n<li>Klimek L, et al. : Utilisation des agents biologiques dans les maladies allergiques et les maladies inflammatoires de type 2 au cours de la pand\u00e9mie actuelle de COVID-19. Allergo J 2020 ; 29 : 14-27.<\/li>\n<li>Maurer M, et al : Ligelizumab for chronic spontaneous urticaria. New England Journal of Medicine Oct 2019. doi : 10.1056\/NEJMoa1900408<\/li>\n<li>Sussman G, et al : Insights and advances in chronic urticaria : a Canadian perspective. All Asth Clin Immun 2015 ; 11(7), https:\/\/doi.org\/10.1186\/s13223-015-0072-2<\/li>\n<\/ol>\n<p>&nbsp;<\/p>\n<p><em>DERMATOLOGIE PRAXIS 2021 ; 31(3) : 30-31 (publi\u00e9 le 1.6.21, ahead of print)<\/em><\/p>\n","protected":false},"excerpt":{"rendered":"<p>L&#8217;objectif th\u00e9rapeutique d&#8217;une disparition totale des sympt\u00f4mes est r\u00e9aliste dans de nombreux cas gr\u00e2ce aux options de traitement disponibles aujourd&#8217;hui. Les antihistaminiques H1 sont toujours consid\u00e9r\u00e9s comme le traitement de&hellip;<\/p>\n","protected":false},"author":7,"featured_media":108338,"comment_status":"closed","ping_status":"","sticky":false,"template":"","format":"standard","meta":{"_acf_changed":false,"pmpro_default_level":"","cat_1_feature_home_top":false,"cat_2_editor_pick":false,"csco_eyebrow_text":"Urticaire chronique spontan\u00e9e (csU) ","footnotes":""},"category":[11349,11362,11535,11549],"tags":[12635,13979],"powerkit_post_featured":[],"class_list":["post-328638","post","type-post","status-publish","format-standard","has-post-thumbnail","category-allergologie-et-immunologie-clinique","category-dermatologie-et-venerologie","category-rapports-de-congres","category-rx-fr","tag-demangeaisons","tag-urticaire","pmpro-has-access"],"acf":[],"publishpress_future_action":{"enabled":false,"date":"2026-05-04 18:46:32","action":"change-status","newStatus":"draft","terms":[],"taxonomy":"category","extraData":[]},"publishpress_future_workflow_manual_trigger":{"enabledWorkflows":[]},"wpml_current_locale":"fr_FR","wpml_translations":{"it_IT":{"locale":"it_IT","id":328647,"slug":"trattare-efficacemente-i-wheals-e-langioedema-un-aggiornamento-pratico","post_title":"Trattare efficacemente i wheals e l'angioedema - un aggiornamento pratico","href":"https:\/\/medizinonline.com\/it\/trattare-efficacemente-i-wheals-e-langioedema-un-aggiornamento-pratico\/"},"pt_PT":{"locale":"pt_PT","id":328651,"slug":"tratar-eficazmente-as-rodas-e-o-angioedema-uma-actualizacao-pratica","post_title":"Tratar eficazmente as rodas e o angioedema - uma actualiza\u00e7\u00e3o pr\u00e1tica","href":"https:\/\/medizinonline.com\/pt-pt\/tratar-eficazmente-as-rodas-e-o-angioedema-uma-actualizacao-pratica\/"},"es_ES":{"locale":"es_ES","id":328658,"slug":"tratamiento-eficaz-de-las-ronchas-y-el-angioedema-una-actualizacion-practica","post_title":"Tratamiento eficaz de las ronchas y el angioedema: una actualizaci\u00f3n pr\u00e1ctica","href":"https:\/\/medizinonline.com\/es\/tratamiento-eficaz-de-las-ronchas-y-el-angioedema-una-actualizacion-practica\/"}},"_links":{"self":[{"href":"https:\/\/medizinonline.com\/fr\/wp-json\/wp\/v2\/posts\/328638","targetHints":{"allow":["GET"]}}],"collection":[{"href":"https:\/\/medizinonline.com\/fr\/wp-json\/wp\/v2\/posts"}],"about":[{"href":"https:\/\/medizinonline.com\/fr\/wp-json\/wp\/v2\/types\/post"}],"author":[{"embeddable":true,"href":"https:\/\/medizinonline.com\/fr\/wp-json\/wp\/v2\/users\/7"}],"replies":[{"embeddable":true,"href":"https:\/\/medizinonline.com\/fr\/wp-json\/wp\/v2\/comments?post=328638"}],"version-history":[{"count":0,"href":"https:\/\/medizinonline.com\/fr\/wp-json\/wp\/v2\/posts\/328638\/revisions"}],"wp:featuredmedia":[{"embeddable":true,"href":"https:\/\/medizinonline.com\/fr\/wp-json\/wp\/v2\/media\/108338"}],"wp:attachment":[{"href":"https:\/\/medizinonline.com\/fr\/wp-json\/wp\/v2\/media?parent=328638"}],"wp:term":[{"taxonomy":"category","embeddable":true,"href":"https:\/\/medizinonline.com\/fr\/wp-json\/wp\/v2\/category?post=328638"},{"taxonomy":"post_tag","embeddable":true,"href":"https:\/\/medizinonline.com\/fr\/wp-json\/wp\/v2\/tags?post=328638"},{"taxonomy":"powerkit_post_featured","embeddable":true,"href":"https:\/\/medizinonline.com\/fr\/wp-json\/wp\/v2\/powerkit_post_featured?post=328638"}],"curies":[{"name":"wp","href":"https:\/\/api.w.org\/{rel}","templated":true}]}}