{"id":328911,"date":"2021-05-26T11:00:00","date_gmt":"2021-05-26T09:00:00","guid":{"rendered":"https:\/\/medizinonline.com\/aspects-pertinents-de-la-prise-en-charge-de-la-dermatite-atopique\/"},"modified":"2021-05-26T11:00:00","modified_gmt":"2021-05-26T09:00:00","slug":"aspects-pertinents-de-la-prise-en-charge-de-la-dermatite-atopique","status":"publish","type":"post","link":"https:\/\/medizinonline.com\/fr\/aspects-pertinents-de-la-prise-en-charge-de-la-dermatite-atopique\/","title":{"rendered":"Aspects pertinents de la prise en charge de la dermatite atopique"},"content":{"rendered":"<p>En introduction, les experts pr\u00e9senteront les principes d&#8217;action des nouveaux traitements syst\u00e9miques, le &#8220;Disease burden&#8221; &amp; les comorbidit\u00e9s de la dermatite atopique. Il sera suivi d&#8217;un \u00e9change d&#8217;exp\u00e9riences au sein du groupe d&#8217;experts.<\/p>\n<p> <!--more--> <\/p>\n<p><strong>Novel&nbsp;Systemic&nbsp;Therapies&nbsp;in&nbsp;Atopic&nbsp;Dermatitis &#8211; Aspects&nbsp;pertinents pour la prise en charge de la dermatite atopique<\/strong><\/p>\n<p><strong>Orateurs :&nbsp;<\/strong>Prof. Dr med. Kristian Reich (Clinique universitaire de Hambourg-Eppendorf), Prof. Dr med. Peter Schmid-Grendelmeier (USZ), Prof. Dr med. Dagmar Simon (H\u00f4pital de l&#8217;\u00eele), Prof. Dr med. Diego Kyburz (USB)<\/p>\n<p>&nbsp;<\/p>\n<h2 id=\"programme-webinaire\"><strong><a href=\"https:\/\/assets.medizinonline.com\/sites\/default\/files\/210520_949_072126_olumiant_ad_p2p_medical_210x148_digital_d_-_lo.pdf\" target=\"_blank\" rel=\"noopener\"><span style=\"color:#cc0000\">PROGRAMME WEBINAIRE<\/span><\/a><\/strong><\/h2>\n<p><span style=\"color:rgb(51, 102, 187)\"><strong>Date :<\/strong>&nbsp;1er&nbsp;juin 2021, 18h30 &#8211; 20h00<\/span><\/p>\n<p>&nbsp;<\/p>\n<h2 id=\"inscrivez-vous-maintenant\"><strong><a href=\"https:\/\/register.gotowebinar.com\/register\/6674095369021842704\" target=\"_blank\" rel=\"noopener\"><span style=\"color:#cc0000\">INSCRIVEZ-VOUS MAINTENANT<\/span><\/a><\/strong><\/h2>\n<p>Nous&nbsp;attendons avec impatience votre inscription, il vous suffit de cliquer sur le <a href=\"https:\/\/register.gotowebinar.com\/register\/6674095369021842704\" target=\"_blank\" rel=\"noopener\">lien<\/a> ci-dessus.<\/p>\n<p>PP-BA-CH-0363\/05.2021<\/p>\n","protected":false},"excerpt":{"rendered":"<p>En introduction, les experts pr\u00e9senteront les principes d&#8217;action des nouveaux traitements syst\u00e9miques, le &#8220;Disease burden&#8221; &amp; les comorbidit\u00e9s de la dermatite atopique. Il sera suivi d&#8217;un \u00e9change d&#8217;exp\u00e9riences au sein&hellip;<\/p>\n","protected":false},"author":12,"featured_media":108223,"comment_status":"closed","ping_status":"","sticky":false,"template":"","format":"standard","meta":{"_acf_changed":false,"pmpro_default_level":"","cat_1_feature_home_top":false,"cat_2_editor_pick":false,"csco_eyebrow_text":"Webinaire","footnotes":""},"category":[11362,11549],"tags":[],"powerkit_post_featured":[],"class_list":["post-328911","post","type-post","status-publish","format-standard","has-post-thumbnail","category-dermatologie-et-venerologie","category-rx-fr","pmpro-has-access"],"acf":[],"publishpress_future_action":{"enabled":false,"date":"2026-05-05 20:36:37","action":"change-status","newStatus":"draft","terms":[],"taxonomy":"category","extraData":[]},"publishpress_future_workflow_manual_trigger":{"enabledWorkflows":[]},"wpml_current_locale":"fr_FR","wpml_translations":{"it_IT":{"locale":"it_IT","id":328918,"slug":"aspetti-rilevanti-per-la-gestione-della-dermatite-atopica","post_title":"Aspetti rilevanti per la gestione della dermatite atopica","href":"https:\/\/medizinonline.com\/it\/aspetti-rilevanti-per-la-gestione-della-dermatite-atopica\/"},"pt_PT":{"locale":"pt_PT","id":328925,"slug":"aspectos-relevantes-para-a-gestao-da-dermatite-atopica","post_title":"Aspectos relevantes para a gest\u00e3o da dermatite at\u00f3pica","href":"https:\/\/medizinonline.com\/pt-pt\/aspectos-relevantes-para-a-gestao-da-dermatite-atopica\/"},"es_ES":{"locale":"es_ES","id":328932,"slug":"aspectos-relevantes-para-el-tratamiento-de-la-dermatitis-atopica","post_title":"Aspectos relevantes para el tratamiento de la dermatitis at\u00f3pica","href":"https:\/\/medizinonline.com\/es\/aspectos-relevantes-para-el-tratamiento-de-la-dermatitis-atopica\/"}},"_links":{"self":[{"href":"https:\/\/medizinonline.com\/fr\/wp-json\/wp\/v2\/posts\/328911","targetHints":{"allow":["GET"]}}],"collection":[{"href":"https:\/\/medizinonline.com\/fr\/wp-json\/wp\/v2\/posts"}],"about":[{"href":"https:\/\/medizinonline.com\/fr\/wp-json\/wp\/v2\/types\/post"}],"author":[{"embeddable":true,"href":"https:\/\/medizinonline.com\/fr\/wp-json\/wp\/v2\/users\/12"}],"replies":[{"embeddable":true,"href":"https:\/\/medizinonline.com\/fr\/wp-json\/wp\/v2\/comments?post=328911"}],"version-history":[{"count":0,"href":"https:\/\/medizinonline.com\/fr\/wp-json\/wp\/v2\/posts\/328911\/revisions"}],"wp:featuredmedia":[{"embeddable":true,"href":"https:\/\/medizinonline.com\/fr\/wp-json\/wp\/v2\/media\/108223"}],"wp:attachment":[{"href":"https:\/\/medizinonline.com\/fr\/wp-json\/wp\/v2\/media?parent=328911"}],"wp:term":[{"taxonomy":"category","embeddable":true,"href":"https:\/\/medizinonline.com\/fr\/wp-json\/wp\/v2\/category?post=328911"},{"taxonomy":"post_tag","embeddable":true,"href":"https:\/\/medizinonline.com\/fr\/wp-json\/wp\/v2\/tags?post=328911"},{"taxonomy":"powerkit_post_featured","embeddable":true,"href":"https:\/\/medizinonline.com\/fr\/wp-json\/wp\/v2\/powerkit_post_featured?post=328911"}],"curies":[{"name":"wp","href":"https:\/\/api.w.org\/{rel}","templated":true}]}}