{"id":328915,"date":"2021-05-27T14:00:00","date_gmt":"2021-05-27T12:00:00","guid":{"rendered":"https:\/\/medizinonline.com\/un-medicament-phytotherapeutique-soulage-les-symptomes-somatiques-accompagnant-lanxiete\/"},"modified":"2021-05-27T14:00:00","modified_gmt":"2021-05-27T12:00:00","slug":"un-medicament-phytotherapeutique-soulage-les-symptomes-somatiques-accompagnant-lanxiete","status":"publish","type":"post","link":"https:\/\/medizinonline.com\/fr\/un-medicament-phytotherapeutique-soulage-les-symptomes-somatiques-accompagnant-lanxiete\/","title":{"rendered":"Un m\u00e9dicament phytoth\u00e9rapeutique soulage les sympt\u00f4mes somatiques accompagnant l&#8217;anxi\u00e9t\u00e9"},"content":{"rendered":"<p><strong>Les troubles anxieux subsyndromiques et g\u00e9n\u00e9ralis\u00e9s sont des pathologies courantes. S&#8217;ils ne sont pas trait\u00e9s, les troubles anxieux peuvent avoir des cons\u00e9quences psychosociales importantes. C&#8217;est pourquoi des options th\u00e9rapeutiques efficaces et bien tol\u00e9r\u00e9es sont n\u00e9cessaires. Une nouvelle m\u00e9ta-analyse confirme les effets th\u00e9rapeutiques fond\u00e9s sur des preuves d&#8217;une pr\u00e9paration phytoth\u00e9rapeutique \u00e0 base d&#8217;huile essentielle de lavande, y compris en ce qui concerne les composantes somatiques de l&#8217;anxi\u00e9t\u00e9.<\/strong><\/p>\n<p> <!--more--> <\/p>\n<p>Selon les donn\u00e9es \u00e9pid\u00e9miologiques, la fr\u00e9quence du trouble anxieux g\u00e9n\u00e9ralis\u00e9 (TAG) chez les patients en soins primaires est de 4,1-6%\u20136,0% chez les hommes et de 3,7-7%\u20137,1% chez les femmes [1]. Si les crit\u00e8res diagnostiques d&#8217;un TAG ne sont pas enti\u00e8rement remplis, on parle de trouble anxieux subsyndromique. Leur pr\u00e9valence est de 2,3% dans la population g\u00e9n\u00e9rale [2]. Outre le sympt\u00f4me principal d&#8217;une anxi\u00e9t\u00e9 et d&#8217;une inqui\u00e9tude excessives pendant au moins 6 mois, les crit\u00e8res secondaires d&#8217;un GAS incluent la tension musculaire, la fatigabilit\u00e9, les troubles du sommeil et d&#8217;autres sympt\u00f4mes v\u00e9g\u00e9tatifs [3,4]. S&#8217;ils ne sont pas trait\u00e9s, les troubles anxieux peuvent s&#8217;accompagner d&#8217;un handicap important dans la gestion du quotidien ainsi que d&#8217;une qualit\u00e9 de vie r\u00e9duite. En outre, les cons\u00e9quences \u00e9conomiques li\u00e9es \u00e0 l&#8217;incapacit\u00e9 de travail sont consid\u00e9rables [5,6].<\/p>\n<h2 id=\"silexan-une-option-therapeutique-eprouvee-pour-reduire-lanxiete\">Silexan\u00ae, une option th\u00e9rapeutique \u00e9prouv\u00e9e pour r\u00e9duire l&#8217;anxi\u00e9t\u00e9<\/h2>\n<p>L&#8217;extrait d&#8217;huile de lavande Silexan\u00ae, obtenu \u00e0 partir de la lavande officinale Lavandula angustifolia, a montr\u00e9 des effets anxiolytiques dans le GAS et d&#8217;autres troubles anxieux, et des effets favorables sur le sommeil et la fatigue ont \u00e9t\u00e9 d\u00e9montr\u00e9s dans les troubles anxieux subsyndromiques.<span style=\"color:rgb(255, 0, 0)\"> <\/span>[7\u201311]. Le m\u00e9canisme d&#8217;action du Silexan\u00ae implique non seulement une inhibition pr\u00e9synaptique de l&#8217;influx calcique voltage-d\u00e9pendant (VOCC) dans le syst\u00e8me nerveux central, mais aussi une modulation des circuits de neurotransmission s\u00e9rotoninergiques <span style=\"font-family:franklin gothic demi\">(Aper\u00e7u 1).<\/span><\/p>\n<p>&nbsp;<\/p>\n<p><img fetchpriority=\"high\" decoding=\"async\" class=\" size-full wp-image-16443\" alt=\"\" src=\"https:\/\/medizinonline.com\/wp-content\/uploads\/2021\/05\/ubersicht1_hp5_s29.png\" style=\"height:482px; width:400px\" width=\"710\" height=\"856\" srcset=\"https:\/\/medizinonline.com\/wp-content\/uploads\/2021\/05\/ubersicht1_hp5_s29.png 710w, https:\/\/medizinonline.com\/wp-content\/uploads\/2021\/05\/ubersicht1_hp5_s29-120x145.png 120w, https:\/\/medizinonline.com\/wp-content\/uploads\/2021\/05\/ubersicht1_hp5_s29-90x109.png 90w, https:\/\/medizinonline.com\/wp-content\/uploads\/2021\/05\/ubersicht1_hp5_s29-320x386.png 320w, https:\/\/medizinonline.com\/wp-content\/uploads\/2021\/05\/ubersicht1_hp5_s29-560x675.png 560w\" sizes=\"(max-width: 710px) 100vw, 710px\" \/><\/p>\n<p>&nbsp;<\/p>\n<p><img decoding=\"async\" class=\"size-full wp-image-16444 lazyload\" alt=\"\" data-src=\"https:\/\/medizinonline.com\/wp-content\/uploads\/2021\/05\/kasten_hp5_s29.png\" style=\"--smush-placeholder-width: 1100px; --smush-placeholder-aspect-ratio: 1100\/413;height:225px; width:600px\" width=\"1100\" height=\"413\" data-srcset=\"https:\/\/medizinonline.com\/wp-content\/uploads\/2021\/05\/kasten_hp5_s29.png 1100w, https:\/\/medizinonline.com\/wp-content\/uploads\/2021\/05\/kasten_hp5_s29-800x300.png 800w, https:\/\/medizinonline.com\/wp-content\/uploads\/2021\/05\/kasten_hp5_s29-120x45.png 120w, https:\/\/medizinonline.com\/wp-content\/uploads\/2021\/05\/kasten_hp5_s29-90x34.png 90w, https:\/\/medizinonline.com\/wp-content\/uploads\/2021\/05\/kasten_hp5_s29-320x120.png 320w, https:\/\/medizinonline.com\/wp-content\/uploads\/2021\/05\/kasten_hp5_s29-560x210.png 560w\" data-sizes=\"(max-width: 1100px) 100vw, 1100px\" src=\"data:image\/svg+xml;base64,PHN2ZyB3aWR0aD0iMSIgaGVpZ2h0PSIxIiB4bWxucz0iaHR0cDovL3d3dy53My5vcmcvMjAwMC9zdmciPjwvc3ZnPg==\" \/><\/p>\n<p>&nbsp;<\/p>\n<h2 id=\"une-nouvelle-meta-analyse-confirme-le-silexan-reduit-egalement-les-symptomes-somatiques\">Une nouvelle m\u00e9ta-analyse confirme : Le Silexan\u00ae r\u00e9duit \u00e9galement les sympt\u00f4mes somatiques<\/h2>\n<p>Afin d&#8217;\u00e9valuer les effets th\u00e9rapeutiques sp\u00e9cifiques du Silexan\u00ae sur les sympt\u00f4mes somatiques dans le GAS et le trouble anxieux subsyndromique, une m\u00e9ta-analyse a \u00e9t\u00e9 r\u00e9alis\u00e9e [14]. Cinq \u00e9tudes randomis\u00e9es et contr\u00f4l\u00e9es par placebo ont \u00e9t\u00e9 men\u00e9es chez des patients atteints de GAS (2 \u00e9tudes) et chez des patients pr\u00e9sentant un trouble anxieux subsyndromique (3 \u00e9tudes&nbsp;) [7\u201310,13] <span style=\"font-family:franklin gothic demi\">(encadr\u00e9).<\/span> Silexan\u00ae (80&nbsp;mg \/jour) s&#8217;est av\u00e9r\u00e9 sup\u00e9rieur au placebo \u00e0 la semaine 10 apr\u00e8s la ligne de base en termes de variation moyenne du sous-score HAMA &#8216;Anxi\u00e9t\u00e9 somatique&#8217; (items HAMA 7-13). La diff\u00e9rence de moyenne standardis\u00e9e (SMD) \u00e9tait de -0,31 [IC 95% : -0,52 \u00e0 -0,10, p=0,004] [14,15,18]. Les effets du traitement par Silexan\u00ae sur les composantes somatiques de l&#8217;anxi\u00e9t\u00e9 \u00e9taient ind\u00e9pendants du sexe et de l&#8217;\u00e2ge. Des diff\u00e9rences statistiquement significatives ont \u00e9galement \u00e9t\u00e9 mises en \u00e9vidence pour les diff\u00e9rents items HAMA, \u00e0 savoir les sympt\u00f4mes somatiques, musculaires, cardiovasculaires, respiratoires et uro-g\u00e9nitaux. De m\u00eame, le sous-score SF-36 &#8220;Sant\u00e9 physique&#8221;, consid\u00e9r\u00e9 comme un indicateur de la qualit\u00e9 de vie li\u00e9e \u00e0 la sant\u00e9, a \u00e9t\u00e9 utilis\u00e9 dans toutes les \u00e9tudes incluses, \u00e0 l&#8217;exception de Kasper et al. 2015 [9], des effets cliniquement significatifs du Silexan\u00ae ont pu \u00eatre mesur\u00e9s.<\/p>\n<p>&nbsp;<\/p>\n<p>Litt\u00e9rature :<\/p>\n<ol>\n<li>Munk-Jorgensen P, et al : Psychiatric Services (Washington, D. C.) 2006 ; 57(12) : 1738-1744.<\/li>\n<li>Gilmour H : Health Reports 2016 ; 27(11) : 13- 21.<\/li>\n<li>Burstein M, et al : Psychological Medicine 2014 ; 44(11) : 2351-2362.<\/li>\n<li>APA : Manuel diagnostique et statistique des troubles mentaux 2013, Cinqui\u00e8me \u00e9dition. Washington D.C. : American Psychiatric Publishing.<\/li>\n<li>Greenberg, PE, et al : Journal of Clinical Psychiatry 1999 ; 60(7) : 427-435.<\/li>\n<li>Hoffman DL, et al. : Depress Anxiety 2008 ; 25(1) : 72-90.<\/li>\n<li>Kasper S, et al : International Clinical Psychopharmacology 2010 ; 25(5) : 277- 287.<\/li>\n<li>Kasper S,et al. : European Neuropsychopharmacology 2016 ; 26(2) : 331-340.<\/li>\n<li>Kasper S, Anghelescu I, Dienel A : European Neuropsychopharmacology 2015 ; 25(11) : 1960-1967.<\/li>\n<li>M\u00f6ller H-J, et al : European Archives of Psychiatry and Clinical Neuroscience 2019 ; 269(2) : 183-193.<\/li>\n<li>Kasper S, et al : International Clinical Psychopharmacology 2010 ; 25(5) : 277-287.<\/li>\n<li>M\u00fcller WE, et al. : Psychopharmacoth\u00e9rapie 2015 ; 22 : 3-14.<\/li>\n<li>Kasper S, et al. : International Clinical Psychopharmacology 2017 ; 32(4) : 195-204R, et al. : Brain and Behaviour 2021 ; 11(4) : e01997.<\/li>\n<li>von K\u00e4nel R, et al : Therapeutic effects of Silexan on somatic symptoms and physical health in patients with anxiety disorders : A meta-analysis. Brain and Behaviour 2021 ; 11(4) : e01997.<\/li>\n<li>Hamilton M : British Journal of Medical Psychology 1959 ; 32(1) : 50-55.<\/li>\n<li>Baldinger P, et al : Int J Neuropsychopharmacol 2014 ; 18(4). doi : 10.1093\/ijnp\/pyu063.<\/li>\n<li>Seifritz E, et al : International Journal of Neuropsychopharmacology 2020, DOI : 10.1093.<\/li>\n<li>Cohen J : Statistical power analysis for the behavioral sciences. Lawrence Erlbaum Associates : 1988, 2nd&nbsp;ed, pp. 82<\/li>\n<\/ol>\n<p>&nbsp;<\/p>\n<p><em>PRATIQUE DU M\u00c9DECIN DE FAMILLE 2021 ; 16(5) : 29<br \/>\nInFo NEUROLOGIE &amp; PSYCHIATRIE 2021 ; 19(3) : 42<\/em><\/p>\n","protected":false},"excerpt":{"rendered":"<p>Les troubles anxieux subsyndromiques et g\u00e9n\u00e9ralis\u00e9s sont des pathologies courantes. S&#8217;ils ne sont pas trait\u00e9s, les troubles anxieux peuvent avoir des cons\u00e9quences psychosociales importantes. C&#8217;est pourquoi des options th\u00e9rapeutiques efficaces&hellip;<\/p>\n","protected":false},"author":7,"featured_media":108053,"comment_status":"closed","ping_status":"","sticky":false,"template":"","format":"standard","meta":{"_acf_changed":false,"pmpro_default_level":"","cat_1_feature_home_top":false,"cat_2_editor_pick":false,"csco_eyebrow_text":"Trouble anxieux subsyndromique et g\u00e9n\u00e9ralis\u00e9 (GAS)","footnotes":""},"category":[11527,11545,11464,11489,11549],"tags":[20348,17022],"powerkit_post_featured":[],"class_list":["post-328915","post","type-post","status-publish","format-standard","has-post-thumbnail","category-etudes","category-marche-medecine","category-pharmacologie-et-toxicologie","category-psychiatrie-et-psychotherapie","category-rx-fr","tag-huile-de-lavande","tag-trouble-anxieux","pmpro-has-access"],"acf":[],"publishpress_future_action":{"enabled":false,"date":"2026-05-05 23:30:27","action":"change-status","newStatus":"draft","terms":[],"taxonomy":"category","extraData":[]},"publishpress_future_workflow_manual_trigger":{"enabledWorkflows":[]},"wpml_current_locale":"fr_FR","wpml_translations":{"it_IT":{"locale":"it_IT","id":328926,"slug":"il-fitoterapico-allevia-le-concomitanze-somatiche-dellansia","post_title":"Il fitoterapico allevia le concomitanze somatiche dell'ansia","href":"https:\/\/medizinonline.com\/it\/il-fitoterapico-allevia-le-concomitanze-somatiche-dellansia\/"},"pt_PT":{"locale":"pt_PT","id":328935,"slug":"fitoterapeutica-alivia-concomitantes-somaticos-de-ansiedade","post_title":"Fitoterapeutica alivia concomitantes som\u00e1ticos de ansiedade","href":"https:\/\/medizinonline.com\/pt-pt\/fitoterapeutica-alivia-concomitantes-somaticos-de-ansiedade\/"},"es_ES":{"locale":"es_ES","id":328938,"slug":"la-fitoterapia-alivia-los-concomitantes-somaticos-de-la-ansiedad","post_title":"La fitoterapia alivia los concomitantes som\u00e1ticos de la ansiedad","href":"https:\/\/medizinonline.com\/es\/la-fitoterapia-alivia-los-concomitantes-somaticos-de-la-ansiedad\/"}},"_links":{"self":[{"href":"https:\/\/medizinonline.com\/fr\/wp-json\/wp\/v2\/posts\/328915","targetHints":{"allow":["GET"]}}],"collection":[{"href":"https:\/\/medizinonline.com\/fr\/wp-json\/wp\/v2\/posts"}],"about":[{"href":"https:\/\/medizinonline.com\/fr\/wp-json\/wp\/v2\/types\/post"}],"author":[{"embeddable":true,"href":"https:\/\/medizinonline.com\/fr\/wp-json\/wp\/v2\/users\/7"}],"replies":[{"embeddable":true,"href":"https:\/\/medizinonline.com\/fr\/wp-json\/wp\/v2\/comments?post=328915"}],"version-history":[{"count":0,"href":"https:\/\/medizinonline.com\/fr\/wp-json\/wp\/v2\/posts\/328915\/revisions"}],"wp:featuredmedia":[{"embeddable":true,"href":"https:\/\/medizinonline.com\/fr\/wp-json\/wp\/v2\/media\/108053"}],"wp:attachment":[{"href":"https:\/\/medizinonline.com\/fr\/wp-json\/wp\/v2\/media?parent=328915"}],"wp:term":[{"taxonomy":"category","embeddable":true,"href":"https:\/\/medizinonline.com\/fr\/wp-json\/wp\/v2\/category?post=328915"},{"taxonomy":"post_tag","embeddable":true,"href":"https:\/\/medizinonline.com\/fr\/wp-json\/wp\/v2\/tags?post=328915"},{"taxonomy":"powerkit_post_featured","embeddable":true,"href":"https:\/\/medizinonline.com\/fr\/wp-json\/wp\/v2\/powerkit_post_featured?post=328915"}],"curies":[{"name":"wp","href":"https:\/\/api.w.org\/{rel}","templated":true}]}}