{"id":329085,"date":"2021-05-09T13:00:00","date_gmt":"2021-05-09T11:00:00","guid":{"rendered":"https:\/\/medizinonline.com\/le-premier-inhibiteur-jak-oral-approuve-pour-le-traitement-de-la-dermatite-atopique\/"},"modified":"2021-05-09T13:00:00","modified_gmt":"2021-05-09T11:00:00","slug":"le-premier-inhibiteur-jak-oral-approuve-pour-le-traitement-de-la-dermatite-atopique","status":"publish","type":"post","link":"https:\/\/medizinonline.com\/fr\/le-premier-inhibiteur-jak-oral-approuve-pour-le-traitement-de-la-dermatite-atopique\/","title":{"rendered":"Le premier inhibiteur JAK oral approuv\u00e9 pour le traitement de la dermatite atopique"},"content":{"rendered":"<p><strong>L&#8217;utilisation de substances actives de faible poids mol\u00e9culaire pour le traitement de la dermatite atopique fait l&#8217;objet de recherches depuis longtemps. L&#8217;autorisation de mise sur le march\u00e9 du baricitinib, un inhibiteur de la Janus Kinase (JAK), offre d\u00e9sormais une nouvelle alternative de traitement par voie orale aux patients atteints de dermatite atopique mod\u00e9r\u00e9e \u00e0 s\u00e9v\u00e8re.<\/strong><\/p>\n<p> <!--more--> <\/p>\n<p>Swissmedic a accord\u00e9 en f\u00e9vrier 2021 une autorisation de mise sur le march\u00e9 au baricitinib (Olumiant\u00ae), un inhibiteur de la Janus kinase (JAK), pour le traitement des patients adultes atteints de dermatite atopique mod\u00e9r\u00e9e \u00e0 s\u00e9v\u00e8re. C&#8217;est la premi\u00e8re fois qu&#8217;un inhibiteur de JAK par voie orale est disponible en Suisse pour le traitement de la dermatite atopique [1] <span style=\"font-family:franklin gothic demi\">(encadr\u00e9).<\/span> La dermatite atopique compte parmi les maladies cutan\u00e9es inflammatoires chroniques les plus fr\u00e9quentes et est associ\u00e9e \u00e0 une qualit\u00e9 de vie consid\u00e9rablement r\u00e9duite, en particulier lorsque la maladie est s\u00e9v\u00e8re&nbsp;[2]. Les comorbidit\u00e9s sont fr\u00e9quentes : les d\u00e9mangeaisons peuvent entra\u00eener des troubles du sommeil et le risque de d\u00e9pression et de troubles anxieux est fortement accru par rapport aux personnes ayant une peau saine [4].<\/p>\n<p>&nbsp;<\/p>\n<p><img fetchpriority=\"high\" decoding=\"async\" class=\" size-full wp-image-16259\" alt=\"\" src=\"https:\/\/medizinonline.com\/wp-content\/uploads\/2021\/05\/kasten_dp2_s30.png\" style=\"height:362px; width:600px\" width=\"1100\" height=\"663\"><\/p>\n<p>&nbsp;<\/p>\n<h2 id=\"soulagement-rapide-des-demangeaisons-et-reduction-efficace-des-lesions-cutanees\">Soulagement rapide des d\u00e9mangeaisons et r\u00e9duction efficace des l\u00e9sions cutan\u00e9es<\/h2>\n<p>L&#8217;\u00e9tude BREEZE-AD7 a \u00e9valu\u00e9 l&#8217;efficacit\u00e9 et la tol\u00e9rance du baricitinib en association avec des corticost\u00e9ro\u00efdes topiques (TCS) de classe l\u00e9g\u00e8re ou interm\u00e9diaire [6]. D\u00e8s quatre semaines, une r\u00e9duction du prurit de \u22654 points sur le NRS prurit a \u00e9t\u00e9 observ\u00e9e dans le groupe trait\u00e9 par baricitinib 4&nbsp;mg et TCS chez une proportion significativement plus \u00e9lev\u00e9e, ce qui correspond \u00e0 un soulagement cliniquement significatif (p&lt;0,001) [6]. A la semaine 16, 44% des patients sous baricitinib \u00e0 la dose standard et TCS ont obtenu un soulagement cliniquement significatif du prurit, soit une proportion plus de deux fois sup\u00e9rieure \u00e0 celle obtenue sous placebo et TCS (p&lt;0,001) [6]. Les l\u00e9sions ecz\u00e9mateuses visibles, en particulier, peuvent \u00eatre tr\u00e8s p\u00e9nibles pour les patients atteints de dermatite atopique. Dans une enqu\u00eate men\u00e9e aupr\u00e8s de patients atteints de dermatite atopique s\u00e9v\u00e8re dans 8 pays, 82% ont d\u00e9clar\u00e9 \u00eatre pr\u00e9occup\u00e9s par leur apparence [3]. Dans&nbsp;de l&#8217;\u00e9tude BREEZE-AD7, le baricitinib s&#8217;est \u00e9galement r\u00e9v\u00e9l\u00e9 tr\u00e8s efficace en termes de r\u00e9ponse EASI75, ce qui correspond \u00e0 un soulagement nettement visible des sympt\u00f4mes cutan\u00e9s. A la semaine 16, 48% des patients ont obtenu une r\u00e9ponse EASI75 sous baricitinib et TCS, soit plus du double de ceux sous placebo et TCS (p&lt;0,001) [6].<\/p>\n<h2 id=\"\">&nbsp;<\/h2>\n<h2 id=\"-2\"><img decoding=\"async\" class=\"size-full wp-image-16260 lazyload\" alt=\"\" data-src=\"https:\/\/medizinonline.com\/wp-content\/uploads\/2021\/05\/ubersicht1_dp2-s30.png\" style=\"--smush-placeholder-width: 708px; --smush-placeholder-aspect-ratio: 708\/622;height:351px; width:400px\" width=\"708\" height=\"622\" src=\"data:image\/svg+xml;base64,PHN2ZyB3aWR0aD0iMSIgaGVpZ2h0PSIxIiB4bWxucz0iaHR0cDovL3d3dy53My5vcmcvMjAwMC9zdmciPjwvc3ZnPg==\"><\/h2>\n<h2 id=\"-3\">&nbsp;<\/h2>\n<h2 id=\"forme-galenique-adaptee-aux-patients-et-bonne-tolerance\">Forme gal\u00e9nique adapt\u00e9e aux patients et bonne tol\u00e9rance<\/h2>\n<p>Le baricitinib est tr\u00e8s facile \u00e0 utiliser : un comprim\u00e9 par jour, ind\u00e9pendamment des repas et du moment de la journ\u00e9e. L&#8217;\u00e9limination \u00e9tant principalement r\u00e9nale, les interactions m\u00e9dicamenteuses cliniquement significatives sont rares. Gr\u00e2ce \u00e0 une demi-vie courte, le baricitinib est en outre facile \u00e0 contr\u00f4ler et peut \u00eatre adapt\u00e9 \u00e0 une dose de 2&nbsp;mg en cas de besoin [1]. Une analyse group\u00e9e de la s\u00e9curit\u00e9 de 8 essais cliniques randomis\u00e9s portant sur 2531 patients et 2247 patients-ann\u00e9es a permis d&#8217;obtenir de nombreuses donn\u00e9es sur la s\u00e9curit\u00e9 et la tol\u00e9rance du baricitinib dans la dermatite atopique [7]. La fr\u00e9quence des infections graves, des infections opportunistes et des complications conjonctivales a \u00e9t\u00e9 comparable \u00e0 celle du placebo. Les effets secondaires les plus fr\u00e9quemment rapport\u00e9s sont la rhinopharyngite et les c\u00e9phal\u00e9es, ainsi que l&#8217;augmentation des cr\u00e9atines phosphokinases et la diarrh\u00e9e. Toutefois, celles-ci n&#8217;ont g\u00e9n\u00e9ralement pas entra\u00een\u00e9 l&#8217;arr\u00eat du traitement [7]. Dans le domaine de la polyarthrite rhumato\u00efde, o\u00f9 le baricitinib est utilis\u00e9 depuis longtemps, le profil d&#8217;innocuit\u00e9 favorable du baricitinib dans le traitement de la PR, observ\u00e9 dans les essais cliniques, s&#8217;est av\u00e9r\u00e9 constant pendant une p\u00e9riode allant jusqu&#8217;\u00e0 8,4&nbsp;ans, selon les r\u00e9sultats d&#8217;une r\u00e9cente analyse int\u00e9gr\u00e9e de l&#8217;innocuit\u00e9 [5].<\/p>\n<p><em>Source :&nbsp;Eli Lilly<\/em><\/p>\n<p>&nbsp;<\/p>\n<p>Litt\u00e9rature :<\/p>\n<ol>\n<li>Information professionnelle Olumiant\u00ae, www.swissmedicinfo.ch, (derni\u00e8re consultation 08.04.2021)<\/li>\n<li>Silverberg JI, et al : Ann Allergy Asthma Immunol 2018 ; 12(3) : 340-347 .<\/li>\n<li>Guttman-Yassky E, et al. : J Am Acad Dermatol. 2019 ; 80 : 913-921.e9.<\/li>\n<li>Ronnstad ATM, et al : JAAD 2018 ; 79 : 448-456.<\/li>\n<li>Genovese MD, et al. : Ann Rheum Dis 2020 ; 79 (Suppl.&nbsp;1) : 638, Abstract : FRI0123<\/li>\n<li>Reich K, et al : JAMA Dermatol 2020 ; 156(12) : 1333-1343<\/li>\n<li>Bieber T, et al. : J Eur Acad Dermatol Venereol 2020 ; doi : 10.1111\/jdv.16948<\/li>\n<\/ol>\n<p>&nbsp;<\/p>\n<p><em>DERMATOLOGIE PRATIQUE 2021 ; 31(2) : 30<\/em><\/p>\n","protected":false},"excerpt":{"rendered":"<p>L&#8217;utilisation de substances actives de faible poids mol\u00e9culaire pour le traitement de la dermatite atopique fait l&#8217;objet de recherches depuis longtemps. L&#8217;autorisation de mise sur le march\u00e9 du baricitinib, un&hellip;<\/p>\n","protected":false},"author":7,"featured_media":106940,"comment_status":"closed","ping_status":"","sticky":false,"template":"","format":"standard","meta":{"_acf_changed":false,"pmpro_default_level":"","cat_1_feature_home_top":false,"cat_2_editor_pick":false,"csco_eyebrow_text":"Baricitinib","footnotes":""},"category":[11349,11362,11545,11549],"tags":[17473,15569],"powerkit_post_featured":[],"class_list":["post-329085","post","type-post","status-publish","format-standard","has-post-thumbnail","category-allergologie-et-immunologie-clinique","category-dermatologie-et-venerologie","category-marche-medecine","category-rx-fr","tag-baricitinib-fr","tag-inhibiteur-de-jak","pmpro-has-access"],"acf":[],"publishpress_future_action":{"enabled":false,"date":"2026-05-05 17:22:26","action":"change-status","newStatus":"draft","terms":[],"taxonomy":"category","extraData":[]},"publishpress_future_workflow_manual_trigger":{"enabledWorkflows":[]},"wpml_current_locale":"fr_FR","wpml_translations":{"it_IT":{"locale":"it_IT","id":329095,"slug":"primo-inibitore-orale-di-jak-approvato-per-il-trattamento-della-dermatite-atopica","post_title":"Primo inibitore orale di JAK approvato per il trattamento della dermatite atopica","href":"https:\/\/medizinonline.com\/it\/primo-inibitore-orale-di-jak-approvato-per-il-trattamento-della-dermatite-atopica\/"},"pt_PT":{"locale":"pt_PT","id":329100,"slug":"primeiro-inibidor-oral-jak-aprovado-para-o-tratamento-da-dermatite-atopica","post_title":"Primeiro inibidor oral JAK aprovado para o tratamento da dermatite at\u00f3pica","href":"https:\/\/medizinonline.com\/pt-pt\/primeiro-inibidor-oral-jak-aprovado-para-o-tratamento-da-dermatite-atopica\/"},"es_ES":{"locale":"es_ES","id":329109,"slug":"primer-inhibidor-oral-de-jak-aprobado-para-el-tratamiento-de-la-dermatitis-atopica","post_title":"Primer inhibidor oral de JAK aprobado para el tratamiento de la dermatitis at\u00f3pica","href":"https:\/\/medizinonline.com\/es\/primer-inhibidor-oral-de-jak-aprobado-para-el-tratamiento-de-la-dermatitis-atopica\/"}},"_links":{"self":[{"href":"https:\/\/medizinonline.com\/fr\/wp-json\/wp\/v2\/posts\/329085","targetHints":{"allow":["GET"]}}],"collection":[{"href":"https:\/\/medizinonline.com\/fr\/wp-json\/wp\/v2\/posts"}],"about":[{"href":"https:\/\/medizinonline.com\/fr\/wp-json\/wp\/v2\/types\/post"}],"author":[{"embeddable":true,"href":"https:\/\/medizinonline.com\/fr\/wp-json\/wp\/v2\/users\/7"}],"replies":[{"embeddable":true,"href":"https:\/\/medizinonline.com\/fr\/wp-json\/wp\/v2\/comments?post=329085"}],"version-history":[{"count":0,"href":"https:\/\/medizinonline.com\/fr\/wp-json\/wp\/v2\/posts\/329085\/revisions"}],"wp:featuredmedia":[{"embeddable":true,"href":"https:\/\/medizinonline.com\/fr\/wp-json\/wp\/v2\/media\/106940"}],"wp:attachment":[{"href":"https:\/\/medizinonline.com\/fr\/wp-json\/wp\/v2\/media?parent=329085"}],"wp:term":[{"taxonomy":"category","embeddable":true,"href":"https:\/\/medizinonline.com\/fr\/wp-json\/wp\/v2\/category?post=329085"},{"taxonomy":"post_tag","embeddable":true,"href":"https:\/\/medizinonline.com\/fr\/wp-json\/wp\/v2\/tags?post=329085"},{"taxonomy":"powerkit_post_featured","embeddable":true,"href":"https:\/\/medizinonline.com\/fr\/wp-json\/wp\/v2\/powerkit_post_featured?post=329085"}],"curies":[{"name":"wp","href":"https:\/\/api.w.org\/{rel}","templated":true}]}}