{"id":329218,"date":"2021-04-28T09:27:17","date_gmt":"2021-04-28T07:27:17","guid":{"rendered":"https:\/\/medizinonline.com\/diabete-de-type-2-et-coeur\/"},"modified":"2023-01-11T13:01:43","modified_gmt":"2023-01-11T12:01:43","slug":"diabete-de-type-2-et-coeur","status":"publish","type":"post","link":"https:\/\/medizinonline.com\/fr\/diabete-de-type-2-et-coeur\/","title":{"rendered":"Diab\u00e8te de type 2 et c\u0153ur"},"content":{"rendered":"\n<p>Le diab\u00e8te sucr\u00e9 de type 2 et les maladies cardiovasculaires sont \u00e9troitement li\u00e9s. Ainsi, le diab\u00e8te est non seulement l&#8217;un des principaux facteurs de risque cardiovasculaire, mais il augmente \u00e9galement la morbidit\u00e9 et la mortalit\u00e9 des personnes qui en souffrent. Cette formation r\u00e9sume les connaissances actuelles sur ce sujet et examine les cons\u00e9quences pratiques des nouvelles recommandations th\u00e9rapeutiques \u00e0 l&#8217;aide de deux exemples de cas.<\/p>\n\n<!--more-->\n\n<p>Les donn\u00e9es des \u00e9tudes men\u00e9es ces derni\u00e8res ann\u00e9es ont clairement d\u00e9montr\u00e9 l&#8217;ampleur de l&#8217;impact du diab\u00e8te sucr\u00e9 de type 2 sur le d\u00e9veloppement des maladies cardiovasculaires. En outre, il est apparu clairement que certaines classes de m\u00e9dicaments ont une influence directe sur la r\u00e9duction du risque cardiovasculaire chez les patients diab\u00e9tiques. C&#8217;est pourquoi les recommandations de la Soci\u00e9t\u00e9 suisse d&#8217;endocrinologie et de diab\u00e9tologie (SSED) ont \u00e9t\u00e9 adapt\u00e9es l&#8217;ann\u00e9e derni\u00e8re. Pour en savoir plus sur les \u00e9tudes correspondantes et les nouveaut\u00e9s cardiovasculaires, cliquez ici : <em>\n  <strong>\n    <a href=\"https:\/\/www.medizinonline.com\/artikel\/neue-studien-und-neue-empfehlungen\">Focus sur le diab\u00e8te et le c\u0153ur : nouvelles \u00e9tudes et nouvelles recommandations<\/a>\n  <\/strong>\n<\/em><\/p>\n\n<p>Pour approfondir le sujet de mani\u00e8re pratique, vous pouvez visionner ci-dessous deux cas de patients en format vid\u00e9o.<\/p>\n\n<p>Le professeur Roger Lehmann pr\u00e9sente le cas d&#8217;une patiente de 61 ans souffrant de diab\u00e8te depuis 6 ans et ayant subi un infarctus du myocarde il y a trois ans. Elle pr\u00e9sente \u00e9galement une polyneuropathie p\u00e9riph\u00e9rique, une r\u00e9tinopathie non prolif\u00e9rative et une macroalbuminurie. Pour savoir comment traiter la patiente de la mani\u00e8re la plus optimale possible, consultez cette \u00e9tude de cas.<\/p>\n\n<p><iframe data-src=\"https:\/\/player.vimeo.com\/video\/542529768\" width=\"640\" height=\"400\" frameborder=\"0\" src=\"data:image\/svg+xml;base64,PHN2ZyB3aWR0aD0iMSIgaGVpZ2h0PSIxIiB4bWxucz0iaHR0cDovL3d3dy53My5vcmcvMjAwMC9zdmciPjwvc3ZnPg==\" class=\"lazyload\" data-load-mode=\"1\"><\/iframe><\/p>\n\n<p>Le professeur Fran\u00e7ois Mach explique le cas d&#8217;un patient diab\u00e9tique qui, en plus d&#8217;une r\u00e9tinopathie non prolif\u00e9rative, pr\u00e9sente une st\u00e9nose RIVA. Au cours de la maladie, il d\u00e9veloppe \u00e9galement une insuffisance cardiaque avec r\u00e9duction de la fraction d&#8217;\u00e9jection du ventricule gauche et une insuffisance r\u00e9nale. Apprenez-en plus sur l&#8217;adaptation du traitement au cours de la maladie dans cette \u00e9tude de cas.<\/p>\n\n<p><iframe data-src=\"https:\/\/player.vimeo.com\/video\/542526676\" width=\"640\" height=\"400\" frameborder=\"0\" src=\"data:image\/svg+xml;base64,PHN2ZyB3aWR0aD0iMSIgaGVpZ2h0PSIxIiB4bWxucz0iaHR0cDovL3d3dy53My5vcmcvMjAwMC9zdmciPjwvc3ZnPg==\" class=\"lazyload\" data-load-mode=\"1\"><\/iframe><\/p>\n","protected":false},"excerpt":{"rendered":"<p>Le diab\u00e8te sucr\u00e9 de type 2 et les maladies cardiovasculaires sont \u00e9troitement li\u00e9s. Ainsi, le diab\u00e8te est non seulement l&#8217;un des principaux facteurs de risque cardiovasculaire, mais il augmente \u00e9galement&hellip;<\/p>\n","protected":false},"author":15,"featured_media":107335,"comment_status":"closed","ping_status":"closed","sticky":false,"template":"","format":"standard","meta":{"_acf_changed":false,"pmpro_default_level":"","cat_1_feature_home_top":false,"cat_2_editor_pick":false,"csco_eyebrow_text":"Formation continue avec des exemples de cas","footnotes":""},"category":[11378,11345,11404,12075,11549],"tags":[],"powerkit_post_featured":[],"class_list":["post-329218","post","type-post","status-publish","format-standard","has-post-thumbnail","category-cardiologie","category-contenu-des-partenaires","category-endocrinologie-et-diabetologie","category-formation-continue-avec-partenaire","category-rx-fr","pmpro-has-access"],"acf":[],"publishpress_future_action":{"enabled":false,"date":"2026-05-04 05:47:13","action":"change-status","newStatus":"draft","terms":[],"taxonomy":"category","extraData":[]},"publishpress_future_workflow_manual_trigger":{"enabledWorkflows":[]},"wpml_current_locale":"fr_FR","wpml_translations":{"it_IT":{"locale":"it_IT","id":329224,"slug":"diabete-di-tipo-2-e-cuore","post_title":"Diabete di tipo 2 e cuore","href":"https:\/\/medizinonline.com\/it\/diabete-di-tipo-2-e-cuore\/"},"pt_PT":{"locale":"pt_PT","id":329185,"slug":"diabetes-tipo-2-e-coracao","post_title":"Diabetes tipo 2 e cora\u00e7\u00e3o","href":"https:\/\/medizinonline.com\/pt-pt\/diabetes-tipo-2-e-coracao\/"},"es_ES":{"locale":"es_ES","id":329203,"slug":"diabetes-tipo-2-y-corazon","post_title":"Diabetes tipo 2 y coraz\u00f3n","href":"https:\/\/medizinonline.com\/es\/diabetes-tipo-2-y-corazon\/"}},"_links":{"self":[{"href":"https:\/\/medizinonline.com\/fr\/wp-json\/wp\/v2\/posts\/329218","targetHints":{"allow":["GET"]}}],"collection":[{"href":"https:\/\/medizinonline.com\/fr\/wp-json\/wp\/v2\/posts"}],"about":[{"href":"https:\/\/medizinonline.com\/fr\/wp-json\/wp\/v2\/types\/post"}],"author":[{"embeddable":true,"href":"https:\/\/medizinonline.com\/fr\/wp-json\/wp\/v2\/users\/15"}],"replies":[{"embeddable":true,"href":"https:\/\/medizinonline.com\/fr\/wp-json\/wp\/v2\/comments?post=329218"}],"version-history":[{"count":1,"href":"https:\/\/medizinonline.com\/fr\/wp-json\/wp\/v2\/posts\/329218\/revisions"}],"predecessor-version":[{"id":329221,"href":"https:\/\/medizinonline.com\/fr\/wp-json\/wp\/v2\/posts\/329218\/revisions\/329221"}],"wp:featuredmedia":[{"embeddable":true,"href":"https:\/\/medizinonline.com\/fr\/wp-json\/wp\/v2\/media\/107335"}],"wp:attachment":[{"href":"https:\/\/medizinonline.com\/fr\/wp-json\/wp\/v2\/media?parent=329218"}],"wp:term":[{"taxonomy":"category","embeddable":true,"href":"https:\/\/medizinonline.com\/fr\/wp-json\/wp\/v2\/category?post=329218"},{"taxonomy":"post_tag","embeddable":true,"href":"https:\/\/medizinonline.com\/fr\/wp-json\/wp\/v2\/tags?post=329218"},{"taxonomy":"powerkit_post_featured","embeddable":true,"href":"https:\/\/medizinonline.com\/fr\/wp-json\/wp\/v2\/powerkit_post_featured?post=329218"}],"curies":[{"name":"wp","href":"https:\/\/api.w.org\/{rel}","templated":true}]}}