{"id":329298,"date":"2021-04-20T14:00:00","date_gmt":"2021-04-20T12:00:00","guid":{"rendered":"https:\/\/medizinonline.com\/quand-compter-les-moutons-ne-suffit-pas-traiter-les-troubles-du-sommeil-de-maniere-globale\/"},"modified":"2021-04-20T14:00:00","modified_gmt":"2021-04-20T12:00:00","slug":"quand-compter-les-moutons-ne-suffit-pas-traiter-les-troubles-du-sommeil-de-maniere-globale","status":"publish","type":"post","link":"https:\/\/medizinonline.com\/fr\/quand-compter-les-moutons-ne-suffit-pas-traiter-les-troubles-du-sommeil-de-maniere-globale\/","title":{"rendered":"Quand compter les moutons ne suffit pas : traiter les troubles du sommeil de mani\u00e8re globale"},"content":{"rendered":"<p><strong>Les perturbations du rythme veille-sommeil peuvent se manifester de diverses mani\u00e8res et ont un impact important sur les activit\u00e9s quotidiennes. Les causes peuvent \u00eatre aussi diverses que les manifestations. Pour pouvoir d\u00e9terminer le r\u00e9gime de traitement adapt\u00e9 \u00e0 chaque individu, il est n\u00e9cessaire de disposer d&#8217;une anamn\u00e8se pr\u00e9cise et d&#8217;une \u00e9valuation exacte du probl\u00e8me. Des mesures telles que l&#8217;am\u00e9lioration de l&#8217;hygi\u00e8ne du battement, les th\u00e9rapies comportementales et les interventions m\u00e9dicamenteuses peuvent alors \u00eatre pleinement efficaces.<\/strong><\/p>\n<p> <!--more--> <\/p>\n<p>Tous les troubles du sommeil ne se valent pas. La classification internationale des troubles du sommeil distingue plus de 80 formes diff\u00e9rentes. Le rythme veille-sommeil est soumis \u00e0 un processus circadien qui est contr\u00f4l\u00e9 \u00e0 la fois par des \u00e9v\u00e9nements ext\u00e9rieurs et par un rythme interne. En principe, on peut faire la distinction entre les l\u00e8ve-t\u00f4t et les couche-tard, ainsi qu&#8217;entre les types du soir et du matin. En moyenne, la population suisse dort 7 \u00e0 8 heures les jours de travail et 8 \u00e0 9 heures les jours de repos. La plupart d&#8217;entre eux se couchent vers 23 heures et se l\u00e8vent vers 6h30. Les jours non ouvrables, les horaires sont d\u00e9cal\u00e9s \u00e0 23h45 et 8h00. Pour d\u00e9tecter une perturbation du rythme veille-sommeil, il peut \u00eatre utile de d\u00e9terminer l&#8217;augmentation de la m\u00e9latonine dans la salive le soir. Cette proc\u00e9dure est encore exp\u00e9rimentale et donc non remboursable, mais elle est tout \u00e0 fait r\u00e9v\u00e9latrice, selon le Dr Helen Slawik, B\u00e2le. En effet, la quantit\u00e9 de m\u00e9latonine produite la nuit est tr\u00e8s variable d&#8217;un individu \u00e0 l&#8217;autre, mais assez stable en intra-individuel. Un seuil de 3 pg\/ml est d\u00e9sormais \u00e9tabli.<\/p>\n<p>Si le rythme de sommeil de l&#8217;individu s&#8217;\u00e9carte du rythme souhait\u00e9, il peut notamment s&#8217;agir d&#8217;un syndrome de phase de sommeil retard\u00e9, d&#8217;un syndrome de phase de sommeil avanc\u00e9, d&#8217;un d\u00e9calage horaire ou encore du syndrome du travailleur post\u00e9. Comme ce dernier peut souvent \u00e9voluer vers l&#8217;insomnie, il convient de le traiter avant tout par une chronoth\u00e9rapie. L&#8217;utilisation d&#8217;hypnotiques peut \u00eatre envisag\u00e9e, ainsi que le modafinil, qui correspondrait toutefois \u00e0 un usage hors \u00e9tiquette, selon l&#8217;experte. En outre, il convient d&#8217;\u00e9viter les doubles charges et de privil\u00e9gier un syst\u00e8me de rotation des \u00e9quipes vers l&#8217;avant. En cas d&#8217;apparition de maladies secondaires &#8211; ce qui est le cas apr\u00e8s environ 10 ans de travail post\u00e9 et peut se manifester par un syndrome m\u00e9tabolique et des maladies cardiovasculaires &#8211; le travail post\u00e9 doit \u00eatre imm\u00e9diatement arr\u00eat\u00e9.<\/p>\n<h2 id=\"traiter-efficacement-linsomnie\">Traiter efficacement l&#8217;insomnie<\/h2>\n<p>On parle d&#8217;insomnie lorsqu&#8217;un trouble de l&#8217;endormissement ou de la continuit\u00e9 du sommeil, un r\u00e9veil pr\u00e9coce et un sommeil non r\u00e9parateur avec perturbation de la journ\u00e9e surviennent au moins trois fois par semaine pendant au moins quatre semaines. Un traitement comportemental devrait \u00eatre initi\u00e9 en tant que th\u00e9rapie de premi\u00e8re intention. Celle-ci comprend, outre une \u00e9ducation au sommeil et les &#8220;10 r\u00e8gles d&#8217;or&#8221; de l&#8217;hygi\u00e8ne du sommeil <span style=\"font-family:franklin gothic demi\">(tab.&nbsp;1) <\/span>, un contr\u00f4le des stimuli, une restriction du sommeil, des techniques de relaxation et des techniques cognitives. L&#8217;avantage est de favoriser l&#8217;auto-efficacit\u00e9. L&#8217;inconv\u00e9nient est la faible disponibilit\u00e9 et la d\u00e9pendance \u00e0 la relation avec le th\u00e9rapeute ainsi que la motivation au changement. En cons\u00e9quence, la r\u00e9alit\u00e9 est quelque peu diff\u00e9rente : en r\u00e8gle g\u00e9n\u00e9rale, les patients insomniaques sont trait\u00e9s par des interventions m\u00e9dicamenteuses.<\/p>\n<p>&nbsp;<\/p>\n<p><img fetchpriority=\"high\" decoding=\"async\" class=\" size-full wp-image-16044\" alt=\"\" src=\"https:\/\/medizinonline.com\/wp-content\/uploads\/2021\/04\/tab1_np2_s28_1.png\" style=\"height:459px; width:600px\" width=\"1100\" height=\"842\" srcset=\"https:\/\/medizinonline.com\/wp-content\/uploads\/2021\/04\/tab1_np2_s28_1.png 1100w, https:\/\/medizinonline.com\/wp-content\/uploads\/2021\/04\/tab1_np2_s28_1-800x612.png 800w, https:\/\/medizinonline.com\/wp-content\/uploads\/2021\/04\/tab1_np2_s28_1-120x92.png 120w, https:\/\/medizinonline.com\/wp-content\/uploads\/2021\/04\/tab1_np2_s28_1-90x68.png 90w, https:\/\/medizinonline.com\/wp-content\/uploads\/2021\/04\/tab1_np2_s28_1-320x245.png 320w, https:\/\/medizinonline.com\/wp-content\/uploads\/2021\/04\/tab1_np2_s28_1-560x429.png 560w\" sizes=\"(max-width: 1100px) 100vw, 1100px\" \/><\/p>\n<p>&nbsp;<\/p>\n<h2 id=\"apercu-du-traitement-medicamenteux\">Aper\u00e7u du traitement m\u00e9dicamenteux<\/h2>\n<p>Selon le guide S3 Le sommeil non r\u00e9parateur, un traitement m\u00e9dicamenteux est indiqu\u00e9 lorsque la th\u00e9rapie cognitivo-comportementale n&#8217;est pas suffisamment efficace ou n&#8217;est pas r\u00e9alisable. Pour une utilisation \u00e0 court terme pendant trois \u00e0 quatre semaines, il existe des agonistes des r\u00e9cepteurs des benzodiaz\u00e9pines (zopiclone, zolpidem). Un traitement par antid\u00e9presseurs s\u00e9datifs (mirtazapine, trazodone, trimipramine, dox\u00e9pine) est \u00e9galement efficace \u00e0 court terme. Tous ne sont actuellement pas recommand\u00e9s pour le traitement \u00e0 long terme en raison du peu de donn\u00e9es disponibles. Des m\u00e9dicaments phytoth\u00e9rapeutiques sont disponibles en vente libre (val\u00e9riane, m\u00e9lisse, houblon, passiflore), mais ils ne sont pas \u00e9tay\u00e9s par des preuves. &#8220;La m\u00e9latonine n&#8217;est pas recommand\u00e9e de mani\u00e8re g\u00e9n\u00e9rale en raison de son efficacit\u00e9 insuffisante&#8221;, a d\u00e9clar\u00e9 Slawik. Cependant, m\u00eame les m\u00e9dicaments sans effets prouv\u00e9s peuvent \u00eatre efficaces dans les essais th\u00e9rapeutiques individuels, car l&#8217;effet placebo est \u00e9lev\u00e9 chez les patients insomniaques.<\/p>\n<p>En Suisse, un certain nombre de m\u00e9dicaments diff\u00e9rents sont autoris\u00e9s pour traiter les troubles du sommeil :<\/p>\n<ul>\n<li>L&#8217;agom\u00e9latine peut \u00e9ventuellement contribuer \u00e0 rythmer le sommeil et est particuli\u00e8rement indiqu\u00e9e en cas de d\u00e9pression comorbide. Il peut \u00eatre donn\u00e9 de mani\u00e8re relativement inoffensive. Cependant, les tests h\u00e9patiques doivent \u00eatre contr\u00f4l\u00e9s au fil du temps<\/li>\n<li>La m\u00e9latonine \u00e0 lib\u00e9ration prolong\u00e9e est approuv\u00e9e pour le traitement de l&#8217;insomnie chez les personnes \u00e2g\u00e9es de &gt;55 ans pendant trois semaines. Dans des cas m\u00e9dicalement justifi\u00e9s, il peut \u00eatre donn\u00e9 pendant trois mois.<\/li>\n<li>Les antihistaminiques sont en vente libre et semblent avoir peu d&#8217;effet.<\/li>\n<li>Le cholm\u00e9thiazole est autoris\u00e9 pour les troubles du sommeil li\u00e9s \u00e0 l&#8217;\u00e2ge. Il existe toutefois un risque de d\u00e9pendance et de d\u00e9veloppement d&#8217;une tol\u00e9rance et ne convient donc pas pour un traitement continu.<\/li>\n<li>L&#8217;Opipramol peut \u00eatre prescrit pour les troubles du sommeil associ\u00e9s \u00e0 la nervosit\u00e9.<\/li>\n<li>Les benzodiaz\u00e9pines doivent \u00eatre prescrites avec soin et \u00e0 la dose la plus faible possible. La dose doit \u00eatre r\u00e9duite le plus t\u00f4t possible et la dur\u00e9e du traitement doit \u00eatre d\u00e9termin\u00e9e avant le d\u00e9but du traitement.<\/li>\n<\/ul>\n<p>Le traitement de l&#8217;insomnie n\u00e9cessite une anamn\u00e8se compl\u00e8te. En effet, compte tenu de la probl\u00e9matique du traitement, il semble important d&#8217;aborder \u00e9galement les comorbidit\u00e9s existantes. Cependant, l&#8217;absence de traitement a \u00e9galement des effets secondaires, c&#8217;est pourquoi cette consid\u00e9ration n&#8217;est pas non plus une voie viable. Le patient doit \u00eatre adress\u00e9 \u00e0 un laboratoire du sommeil s&#8217;il ne r\u00e9pond ni \u00e0 la psychoth\u00e9rapie ni \u00e0 la m\u00e9dication, s&#8217;il existe une apn\u00e9e du sommeil, un syndrome des jambes sans repos ou une narcolepsie, ou pour objectiver la qualit\u00e9 du sommeil.<\/p>\n<p>&nbsp;<\/p>\n<p><em>Congr\u00e8s :&nbsp;Forum pour la formation m\u00e9dicale continue<\/em><\/p>\n<p>&nbsp;<\/p>\n<p>Litt\u00e9rature compl\u00e9mentaire :<\/p>\n<ul>\n<li>www.researchgate.net\/publication\/278681401_Internationale_Klassifikation_der_Schlafstorungen_Ubersicht_uber_die_Anderungen_in_der_ICSD-3<\/li>\n<li>Acad\u00e9mie am\u00e9ricaine de la m\u00e9decine du sommeil. International classification of sleep disorders, 3rd ed Darien, IL : American Academy of Sleep Medicine ; 2014<\/li>\n<li>www.mediclin.de\/medizin-gesundheit\/ratgeber-gesundheit\/artikel\/psyche-koerper\/schlafstoerungen\/schlafhygiene-10-regeln\/<\/li>\n<\/ul>\n<p>&nbsp;<\/p>\n<p><em>InFo NEUROLOGIE &amp; PSYCHIATRIE 2021 ; 19(2) : 28-29 (publi\u00e9 le 29.3.21, ahead of print)<\/em><\/p>\n","protected":false},"excerpt":{"rendered":"<p>Les perturbations du rythme veille-sommeil peuvent se manifester de diverses mani\u00e8res et ont un impact important sur les activit\u00e9s quotidiennes. Les causes peuvent \u00eatre aussi diverses que les manifestations. Pour&hellip;<\/p>\n","protected":false},"author":7,"featured_media":105851,"comment_status":"closed","ping_status":"","sticky":false,"template":"","format":"standard","meta":{"_acf_changed":false,"pmpro_default_level":"","cat_1_feature_home_top":false,"cat_2_editor_pick":false,"csco_eyebrow_text":"Insomnie","footnotes":""},"category":[11315,11383,11464,11489,11535,11549],"tags":[18681,20696],"powerkit_post_featured":[],"class_list":["post-329298","post","type-post","status-publish","format-standard","has-post-thumbnail","category-medecine-interne-generale","category-neurologie-fr","category-pharmacologie-et-toxicologie","category-psychiatrie-et-psychotherapie","category-rapports-de-congres","category-rx-fr","tag-insomnie-fr","tag-troubles-du-sommeil-fr","pmpro-has-access"],"acf":[],"publishpress_future_action":{"enabled":false,"date":"2026-05-06 00:35:16","action":"change-status","newStatus":"draft","terms":[],"taxonomy":"category","extraData":[]},"publishpress_future_workflow_manual_trigger":{"enabledWorkflows":[]},"wpml_current_locale":"fr_FR","wpml_translations":{"it_IT":{"locale":"it_IT","id":329306,"slug":"quando-contare-gli-agnelli-non-aiuta-terapia-completa-per-i-disturbi-del-sonno","post_title":"Quando contare gli agnelli non aiuta: terapia completa per i disturbi del sonno","href":"https:\/\/medizinonline.com\/it\/quando-contare-gli-agnelli-non-aiuta-terapia-completa-per-i-disturbi-del-sonno\/"},"pt_PT":{"locale":"pt_PT","id":329312,"slug":"quando-contar-cordeiros-nao-ajuda-terapia-abrangente-para-disturbios-do-sono","post_title":"Quando contar cordeiros n\u00e3o ajuda: terapia abrangente para dist\u00farbios do sono","href":"https:\/\/medizinonline.com\/pt-pt\/quando-contar-cordeiros-nao-ajuda-terapia-abrangente-para-disturbios-do-sono\/"},"es_ES":{"locale":"es_ES","id":329320,"slug":"cuando-contar-corderos-no-ayuda-terapia-integral-para-los-trastornos-del-sueno","post_title":"Cuando contar corderos no ayuda: terapia integral para los trastornos del sue\u00f1o","href":"https:\/\/medizinonline.com\/es\/cuando-contar-corderos-no-ayuda-terapia-integral-para-los-trastornos-del-sueno\/"}},"_links":{"self":[{"href":"https:\/\/medizinonline.com\/fr\/wp-json\/wp\/v2\/posts\/329298","targetHints":{"allow":["GET"]}}],"collection":[{"href":"https:\/\/medizinonline.com\/fr\/wp-json\/wp\/v2\/posts"}],"about":[{"href":"https:\/\/medizinonline.com\/fr\/wp-json\/wp\/v2\/types\/post"}],"author":[{"embeddable":true,"href":"https:\/\/medizinonline.com\/fr\/wp-json\/wp\/v2\/users\/7"}],"replies":[{"embeddable":true,"href":"https:\/\/medizinonline.com\/fr\/wp-json\/wp\/v2\/comments?post=329298"}],"version-history":[{"count":0,"href":"https:\/\/medizinonline.com\/fr\/wp-json\/wp\/v2\/posts\/329298\/revisions"}],"wp:featuredmedia":[{"embeddable":true,"href":"https:\/\/medizinonline.com\/fr\/wp-json\/wp\/v2\/media\/105851"}],"wp:attachment":[{"href":"https:\/\/medizinonline.com\/fr\/wp-json\/wp\/v2\/media?parent=329298"}],"wp:term":[{"taxonomy":"category","embeddable":true,"href":"https:\/\/medizinonline.com\/fr\/wp-json\/wp\/v2\/category?post=329298"},{"taxonomy":"post_tag","embeddable":true,"href":"https:\/\/medizinonline.com\/fr\/wp-json\/wp\/v2\/tags?post=329298"},{"taxonomy":"powerkit_post_featured","embeddable":true,"href":"https:\/\/medizinonline.com\/fr\/wp-json\/wp\/v2\/powerkit_post_featured?post=329298"}],"curies":[{"name":"wp","href":"https:\/\/api.w.org\/{rel}","templated":true}]}}