{"id":329682,"date":"2021-03-18T11:00:00","date_gmt":"2021-03-18T10:00:00","guid":{"rendered":"https:\/\/medizinonline.com\/le-planning-familial-avec-therapie-ne-doit-pas-etre-un-defi\/"},"modified":"2021-03-18T11:00:00","modified_gmt":"2021-03-18T10:00:00","slug":"le-planning-familial-avec-therapie-ne-doit-pas-etre-un-defi","status":"publish","type":"post","link":"https:\/\/medizinonline.com\/fr\/le-planning-familial-avec-therapie-ne-doit-pas-etre-un-defi\/","title":{"rendered":"Le planning familial avec th\u00e9rapie ne doit pas \u00eatre un d\u00e9fi"},"content":{"rendered":"<p>La scl\u00e9rose en plaques (SEP) touche principalement les femmes \u00e2g\u00e9es de 20 \u00e0 45 ans au moment du diagnostic &#8211; avec une incidence croissante [1,2]. En cons\u00e9quence, la SEP est la maladie du SNC la plus fr\u00e9quente chez les jeunes adultes et peut \u00eatre invalidante [1]. En fait, les femmes atteintes de cette maladie ont \u00e9galement tendance \u00e0 avoir moins d&#8217;enfants que les femmes de la population g\u00e9n\u00e9rale [3]. Cependant, gr\u00e2ce \u00e0 des traitements optimis\u00e9s, ce n&#8217;est plus n\u00e9cessairement le cas aujourd&#8217;hui.<\/p>\n<p> <!--more--> <\/p>\n<p>La scl\u00e9rose en plaques est une maladie chronique et n\u00e9cessite donc un traitement efficace. Mais son \u00e9volution ne peut pas \u00eatre d\u00e9termin\u00e9e avec pr\u00e9cision en raison des sympt\u00f4mes individuels et de l&#8217;h\u00e9t\u00e9rog\u00e9n\u00e9it\u00e9 de la maladie. C&#8217;est pourquoi un traitement pr\u00e9coce et coh\u00e9rent est essentiel pour une gestion r\u00e9ussie de la maladie. Un traitement ad\u00e9quat tient toujours compte des circonstances individuelles. Chez les jeunes femmes en \u00e2ge de procr\u00e9er, cela concerne non seulement les sympt\u00f4mes, la tol\u00e9rance et l&#8217;adh\u00e9rence, mais aussi le planning familial. La d\u00e9cision th\u00e9rapeutique doit donc tenir compte de la tol\u00e9rance et de la s\u00e9curit\u00e9, y compris en ce qui concerne une \u00e9ventuelle grossesse.<\/p>\n<p>Pendant la grossesse, le taux de pouss\u00e9es diminue chez les femmes atteintes. Cependant, dans le mois qui suit l&#8217;accouchement, un tiers des patientes subissent une nouvelle pouss\u00e9e [4]. Pour cette raison, la maladie devrait id\u00e9alement \u00eatre contr\u00f4l\u00e9e deux ans avant le d\u00e9but de la grossesse. Ainsi, la pouss\u00e9e post-partum peut \u00eatre r\u00e9duite de 45% [5]. Cependant, 43% des grossesses ne sont pas planifi\u00e9es [6]. Il est en outre indispensable de r\u00e9introduire un traitement efficace imm\u00e9diatement apr\u00e8s l&#8217;accouchement. Il existe aujourd&#8217;hui des traitements qui permettent l&#8217;allaitement. Il est conseill\u00e9 de consulter les informations professionnelles pour d\u00e9terminer l&#8217;utilisation et l&#8217;\u00e9valuation des b\u00e9n\u00e9fices et des risques de chaque produit.<\/p>\n<p><strong>Utilisation possible pendant l&#8217;allaitement<\/strong><\/p>\n<p>Les donn\u00e9es d&#8217;\u00e9tudes concernant l&#8217;utilisation de l&#8217;interf\u00e9ron b\u00eata pendant et apr\u00e8s la grossesse sont actuellement limit\u00e9es. C&#8217;est pourquoi les donn\u00e9es de registre de pr\u00e8s de 1000 femmes de 26 pays europ\u00e9ens ont \u00e9t\u00e9 collect\u00e9es et analys\u00e9es entre 2009 et 2017 [7]. La pr\u00e9valence des r\u00e9sultats de grossesse a \u00e9t\u00e9 mise en relation avec celle de la population g\u00e9n\u00e9rale. Il s&#8217;est av\u00e9r\u00e9 que l&#8217;utilisation de l&#8217;interf\u00e9ron b\u00eata-1a et -1b n&#8217;augmentait pas la fr\u00e9quence des malformations cong\u00e9nitales. Au total, 82,0% des grossesses ont abouti \u00e0 une naissance vivante sans anomalie cong\u00e9nitale. La pr\u00e9valence des avortements spontan\u00e9s \u00e9tait \u00e9galement comparable \u00e0 celle de la population g\u00e9n\u00e9rale.<\/p>\n<p>Les experts ont conclu que les donn\u00e9es recueillies n&#8217;indiquaient pas que l&#8217;exposition \u00e0 l&#8217;IFN b\u00eata avant la conception et\/ou pendant la grossesse augmentait d\u00e9favorablement le taux d&#8217;anomalies cong\u00e9nitales ou d&#8217;avortements spontan\u00e9s. En cons\u00e9quence, Plegridy\u00ae et Avonex\u00ae peuvent \u00eatre utilis\u00e9s pendant la grossesse si cela est cliniquement n\u00e9cessaire.&nbsp; De plus, les informations sur le passage de l&#8217;interf\u00e9ron b\u00eata-1a dans le lait maternel et sur ses propri\u00e9t\u00e9s chimiques et physiologiques sugg\u00e8rent que les quantit\u00e9s excr\u00e9t\u00e9es dans le lait maternel sont n\u00e9gligeables. Aucun effet ind\u00e9sirable n&#8217;a \u00e9t\u00e9 rapport\u00e9 chez les nourrissons allait\u00e9s par des femmes trait\u00e9es par l&#8217;interf\u00e9ron b\u00eata-1a. Par cons\u00e9quent, les deux pr\u00e9parations peuvent \u00e9galement \u00eatre utilis\u00e9es pendant l&#8217;allaitement [8,9].<\/p>\n<p><strong>L&#8217;\u00e9valuation des b\u00e9n\u00e9fices et des risques en ligne de mire<\/strong><\/p>\n<p>Les traitements oraux sont g\u00e9n\u00e9ralement contre-indiqu\u00e9s avant, pendant et apr\u00e8s la grossesse. Les pr\u00e9parations doivent \u00eatre arr\u00eat\u00e9es plusieurs mois avant une grossesse pr\u00e9vue afin d&#8217;obtenir une concentration plasmatique suffisamment faible. Dans le cas contraire, il faut s&#8217;attendre \u00e0 une pr\u00e9valence accrue de malformations cong\u00e9nitales. La demi-vie terminale du fumarate de monom\u00e9thyle (Tecfidera\u00ae) est relativement courte (une heure) [10]. Apr\u00e8s 24 heures, aucune substance active circulante n&#8217;est d\u00e9tect\u00e9e chez la majorit\u00e9 des patientes. Par cons\u00e9quent, en cas de d\u00e9but de grossesse pendant le traitement, une \u00e9valuation du rapport b\u00e9n\u00e9fice\/risque doit \u00eatre effectu\u00e9e. Tecfidera\u00ae ne doit \u00eatre utilis\u00e9 pendant la grossesse que si l&#8217;\u00e9tat clinique de la patiente n\u00e9cessite imp\u00e9rativement un traitement et si le b\u00e9n\u00e9fice potentiel justifie le risque potentiel pour le f\u0153tus [10,11]. L&#8217;arr\u00eat du traitement doit \u00eatre envisag\u00e9. En revanche, il est contre-indiqu\u00e9 d&#8217;initier le traitement pendant une grossesse existante. La d\u00e9cision d&#8217;interrompre l&#8217;allaitement ou le traitement apr\u00e8s une grossesse doit \u00eatre prise au cas par cas.<\/p>\n<p><strong>Pas de contraception n\u00e9cessaire<\/strong><\/p>\n<p>En moyenne, il faut 7,5 mois pour qu&#8217;une patiente atteinte de SEP tombe enceinte [12]. \u00c9tant donn\u00e9 qu&#8217;une contraception concomitante est indiqu\u00e9e dans de nombreux r\u00e9gimes de traitement, il peut y avoir une forte pression temporelle lorsqu&#8217;un planning familial est envisag\u00e9. En revanche, le traitement par natalizumab (Tysabri\u00ae) ne n\u00e9cessite pas de contraception concomitante, ce qui rend possible la planification familiale \u00e0 tout moment et sans pression [13]. De plus, le produit ne semble pas avoir d&#8217;effet sur la fertilit\u00e9. Dans une \u00e9tude d&#8217;observation, les r\u00e9sultats n&#8217;ont pas montr\u00e9 de sch\u00e9ma sp\u00e9cifique de malformations pouvant indiquer un effet du m\u00e9dicament. Le taux d&#8217;avortement spontan\u00e9 \u00e9tait \u00e9galement conforme \u00e0 celui de la population g\u00e9n\u00e9rale [14]. Le natalizumab ne doit pas \u00eatre utilis\u00e9 pendant la grossesse, \u00e0 moins que l&#8217;\u00e9tat clinique de la patiente ne n\u00e9cessite un traitement par Tysabri. L&#8217;effet sur les nouveau-n\u00e9s et les jeunes enfants n&#8217;\u00e9tant pas connu, l&#8217;allaitement doit \u00eatre arr\u00eat\u00e9 pendant le traitement par Tysabri\u00ae [13].<\/p>\n<p>En r\u00e9sum\u00e9, la scl\u00e9rose en plaques et la planification familiale devraient \u00eatre tout \u00e0 fait possibles aujourd&#8217;hui. Il est important d&#8217;en discuter suffisamment t\u00f4t avec les patientes pour pouvoir mettre en place des th\u00e9rapies adapt\u00e9es \u00e0 leurs possibilit\u00e9s et \u00e0 leurs besoins.<\/p>\n<p><img decoding=\"async\" alt=\"\" data-src=\"https:\/\/assets.medizinonline.com\/sites\/default\/files\/field\/images\/tabelle_ms23wc34v.png\" src=\"data:image\/svg+xml;base64,PHN2ZyB3aWR0aD0iMSIgaGVpZ2h0PSIxIiB4bWxucz0iaHR0cDovL3d3dy53My5vcmcvMjAwMC9zdmciPjwvc3ZnPg==\" class=\"lazyload\"><\/p>\n<p><strong>Litt\u00e9rature :<\/strong><\/p>\n<div><span style=\"font-size:11px\">1. Thone J, et al. : Traitement de la scl\u00e9rose en plaques pendant la grossesse &#8211; consid\u00e9rations de s\u00e9curit\u00e9. Expert Opin Drug Saf. 2017 ; 16 : 523-534.<\/span><\/div>\n<div><span style=\"font-size:11px\">2. Airas I, Kaaja R : Pregnancy and multiple sclerosis. Obstet Med. 2012 ; 5(3) : 94-97.<\/span><\/div>\n<div><span style=\"font-size:11px\">3. Hellwig K : Pregnancy in multiple sclerosis. Eur Neurol. 2014 ; 72(Suppl1) : 39-42.<\/span><\/div>\n<div><span style=\"font-size:11px\">4. Vukusic S, et al : Pregnancy and multiple sclerosis (the PRIMS study) : clinical predictors of post-partum relapse Brain. 2004 ; 127 : 1353-1360.<\/span><\/div>\n<div><span style=\"font-size:11px\">5 Hughes SE, et al : Predictors and dynamics of post-partum relapses in women with multiple sclerosis MSJ. 2014 ;20(6) : 739-746.<\/span><\/div>\n<div><span style=\"font-size:11px\">6. atlas de la contraception 2019 : ContraceptionInfo.eu ; disponible sur : www.epfweb.org\/node\/542 (dernier acc\u00e8s le 08.02.2021)<\/span><\/div>\n<div><span style=\"font-size:11px\">7. Hellwig K, et al : Pregnancy outcomes in interferon-beta-exposed patients with multiple sclerosis : results from the European Interferon-beta Pregnancy Registry. Journal of Neurology (2020) 267 : 1715-1723.<\/span><\/div>\n<div><span style=\"font-size:11px\">8. information professionnelle PLEGRIDY\u00ae, mise \u00e0 jour mai 2020, www.swissmedicinfo.ch<\/span><\/div>\n<div><span style=\"font-size:11px\">9. information professionnelle AVONEX\u00ae, mise \u00e0 jour juillet 2020, www.swissmedicinfo.ch<\/span><\/div>\n<div><span style=\"font-size:11px\">10. information professionnelle TECFIDERA\u00ae, mise \u00e0 jour avril 2020, www.swissmedicinfo.ch<\/span><\/div>\n<div><span style=\"font-size:11px\">11. Hellwig K, et al : Interim Anlysis of Pregnancy Outcomes Following Exposure to Dimethyl Fumarate in a Prospective International Registry. 8e r\u00e9union conjointe ACTRIMS-ECTRIMS, 11-13 septembre 2020. P0345.<\/span><\/div>\n<div><span style=\"font-size:11px\">12. Roux T et al. Fencudity in women with multiple sclerosis ; an observational mono-centric study. J Neurol. 2015 ; 262(4) : 957-960.<\/span><\/div>\n<div><span style=\"font-size:11px\">13. information professionnelle TYSABRI\u00ae, mise \u00e0 jour ao\u00fbt 2020, www.swissmedicinfo.ch<\/span><\/div>\n<div><span style=\"font-size:11px\">14 Friend S, Richman S, Bloomgren G, et al : Evaluation of pregnancy outcomes from the Tysabri (natalizumab) pregnancy exposure registry : a global, observational, follow-up study. BMC Neurol. 2016;16(1) : 150.<\/span><\/div>\n<div>&nbsp;<\/div>\n<p><a href=\"https:\/\/assets.medizinonline.com\/sites\/default\/files\/gekurzte_fachinformation_plegridy_avonex_tecfidera_tysabri.pdf\" target=\"_blank\" rel=\"noopener\">Informations professionnelles abr\u00e9g\u00e9es<\/a><\/p>\n<p>Cet article a \u00e9t\u00e9 r\u00e9dig\u00e9 avec le soutien financier de&nbsp; de Biogen Switzerland AG, Baar.<\/p>\n","protected":false},"excerpt":{"rendered":"<p>La scl\u00e9rose en plaques (SEP) touche principalement les femmes \u00e2g\u00e9es de 20 \u00e0 45 ans au moment du diagnostic &#8211; avec une incidence croissante [1,2]. En cons\u00e9quence, la SEP est&hellip;<\/p>\n","protected":false},"author":12,"featured_media":105616,"comment_status":"closed","ping_status":"","sticky":false,"template":"","format":"standard","meta":{"_acf_changed":false,"pmpro_default_level":"","cat_1_feature_home_top":false,"cat_2_editor_pick":false,"csco_eyebrow_text":"Scl\u00e9rose en plaques","footnotes":""},"category":[11383,11549],"tags":[],"powerkit_post_featured":[],"class_list":["post-329682","post","type-post","status-publish","format-standard","has-post-thumbnail","category-neurologie-fr","category-rx-fr","pmpro-has-access"],"acf":[],"publishpress_future_action":{"enabled":false,"date":"2026-05-06 15:47:57","action":"change-status","newStatus":"draft","terms":[],"taxonomy":"category","extraData":[]},"publishpress_future_workflow_manual_trigger":{"enabledWorkflows":[]},"wpml_current_locale":"fr_FR","wpml_translations":{"it_IT":{"locale":"it_IT","id":329686,"slug":"la-pianificazione-familiare-con-la-terapia-non-deve-essere-una-sfida","post_title":"La pianificazione familiare con la terapia non deve essere una sfida","href":"https:\/\/medizinonline.com\/it\/la-pianificazione-familiare-con-la-terapia-non-deve-essere-una-sfida\/"},"pt_PT":{"locale":"pt_PT","id":329689,"slug":"o-planeamento-familiar-com-terapia-nao-tem-de-ser-um-desafio","post_title":"O planeamento familiar com terapia n\u00e3o tem de ser um desafio","href":"https:\/\/medizinonline.com\/pt-pt\/o-planeamento-familiar-com-terapia-nao-tem-de-ser-um-desafio\/"},"es_ES":{"locale":"es_ES","id":329774,"slug":"la-planificacion-familiar-con-terapia-no-tiene-por-que-ser-un-reto","post_title":"La planificaci\u00f3n familiar con terapia no tiene por qu\u00e9 ser un reto","href":"https:\/\/medizinonline.com\/es\/la-planificacion-familiar-con-terapia-no-tiene-por-que-ser-un-reto\/"}},"_links":{"self":[{"href":"https:\/\/medizinonline.com\/fr\/wp-json\/wp\/v2\/posts\/329682","targetHints":{"allow":["GET"]}}],"collection":[{"href":"https:\/\/medizinonline.com\/fr\/wp-json\/wp\/v2\/posts"}],"about":[{"href":"https:\/\/medizinonline.com\/fr\/wp-json\/wp\/v2\/types\/post"}],"author":[{"embeddable":true,"href":"https:\/\/medizinonline.com\/fr\/wp-json\/wp\/v2\/users\/12"}],"replies":[{"embeddable":true,"href":"https:\/\/medizinonline.com\/fr\/wp-json\/wp\/v2\/comments?post=329682"}],"version-history":[{"count":0,"href":"https:\/\/medizinonline.com\/fr\/wp-json\/wp\/v2\/posts\/329682\/revisions"}],"wp:featuredmedia":[{"embeddable":true,"href":"https:\/\/medizinonline.com\/fr\/wp-json\/wp\/v2\/media\/105616"}],"wp:attachment":[{"href":"https:\/\/medizinonline.com\/fr\/wp-json\/wp\/v2\/media?parent=329682"}],"wp:term":[{"taxonomy":"category","embeddable":true,"href":"https:\/\/medizinonline.com\/fr\/wp-json\/wp\/v2\/category?post=329682"},{"taxonomy":"post_tag","embeddable":true,"href":"https:\/\/medizinonline.com\/fr\/wp-json\/wp\/v2\/tags?post=329682"},{"taxonomy":"powerkit_post_featured","embeddable":true,"href":"https:\/\/medizinonline.com\/fr\/wp-json\/wp\/v2\/powerkit_post_featured?post=329682"}],"curies":[{"name":"wp","href":"https:\/\/api.w.org\/{rel}","templated":true}]}}