{"id":329910,"date":"2021-03-05T14:00:00","date_gmt":"2021-03-05T13:00:00","guid":{"rendered":"https:\/\/medizinonline.com\/vaccination-covid-19-chez-les-personnes-souffrant-de-maladies-allergiques\/"},"modified":"2021-03-05T14:00:00","modified_gmt":"2021-03-05T13:00:00","slug":"vaccination-covid-19-chez-les-personnes-souffrant-de-maladies-allergiques","status":"publish","type":"post","link":"https:\/\/medizinonline.com\/fr\/vaccination-covid-19-chez-les-personnes-souffrant-de-maladies-allergiques\/","title":{"rendered":"Vaccination COVID-19 chez les personnes souffrant de maladies allergiques"},"content":{"rendered":"<p><strong>La Soci\u00e9t\u00e9 suisse d&#8217;allergologie et d&#8217;immunologie (SSAI) a publi\u00e9 des recommandations sur les points \u00e0 prendre en compte lors de la vaccination contre le SRAS-CoV-2 chez les patients pr\u00e9sentant des ant\u00e9c\u00e9dents allergiques connus.<\/strong><\/p>\n<p> <!--more--> <\/p>\n<p><em>(red)<\/em> En tant que principe g\u00e9n\u00e9ral pour tous les centres de vaccination, il est rappel\u00e9 qu&#8217;un professionnel de la sant\u00e9 form\u00e9 et disposant d&#8217;un acc\u00e8s direct \u00e0 un \u00e9quipement d&#8217;urgence complet, y compris de l&#8217;adr\u00e9naline (par exemple, l&#8217;auto-injecteur Epipen\u00ae ou Jext\u00ae), doit \u00eatre pr\u00e9sent sur place pour \u00e9valuer et traiter une \u00e9ventuelle r\u00e9action g\u00e9n\u00e9rale lors de chaque vaccination [1].<\/p>\n<p>&nbsp;<\/p>\n<p><img fetchpriority=\"high\" decoding=\"async\" class=\" size-full wp-image-15746\" alt=\"\" src=\"https:\/\/medizinonline.com\/wp-content\/uploads\/2021\/03\/kasten_dp1_s5.png\" style=\"height:332px; width:600px\" width=\"1100\" height=\"609\"><\/p>\n<p>&nbsp;<\/p>\n<p>Les personnes \u00e0 vacciner doivent r\u00e9pondre aux <span style=\"font-family:franklin gothic demi\">questions<\/span> suivantes avant de se faire vacciner :<\/p>\n<p>1. avez-vous d\u00e9j\u00e0 d\u00e9velopp\u00e9 une <span style=\"font-family:franklin gothic demi\">r\u00e9action allergique grave<\/span> qui a n\u00e9cessit\u00e9 un traitement d&#8217;urgence ?<\/p>\n<ul>\n<li>\u00e0 un m\u00e9dicament inject\u00e9 dans la peau, le muscle ou la veine ou \u00e0 un<\/li>\n<li>Vaccination ?<\/li>\n<li>Quel a \u00e9t\u00e9 l&#8217;\u00e9l\u00e9ment d\u00e9clencheur ?<\/li>\n<li>Le d\u00e9clencheur n&#8217;est pas connu ou n&#8217;a pas \u00e9t\u00e9 recherch\u00e9 ?<\/li>\n<\/ul>\n<p>2. avez-vous eu dans le pass\u00e9 des r\u00e9actions allergiques s\u00e9v\u00e8res r\u00e9p\u00e9t\u00e9es (&gt;2) \u00e0 diff\u00e9rents m\u00e9dicaments non apparent\u00e9s, y compris des laxatifs oraux contenant <span style=\"font-family:franklin gothic demi\">du poly\u00e9thyl\u00e8ne glycol <\/span>(PEG, macrogol) ou <span style=\"font-family:franklin gothic demi\">de la trom\u00e9thamine<\/span> (TRIS, trom\u00e9tamol) ?<\/p>\n<p>Des recommandations sp\u00e9cifiques en cas d&#8217;ant\u00e9c\u00e9dents allergiques positifs sont pr\u00e9sent\u00e9es dans le <span style=\"font-family:franklin gothic demi\">tableau 1<\/span>.<\/p>\n<p>&nbsp;<\/p>\n<p>&nbsp;<\/p>\n<p><img decoding=\"async\" class=\"size-full wp-image-15747 lazyload\" alt=\"\" data-src=\"https:\/\/medizinonline.com\/wp-content\/uploads\/2021\/03\/tab1_dp1_s5_0.png\" style=\"--smush-placeholder-width: 1100px; --smush-placeholder-aspect-ratio: 1100\/619;height:338px; width:600px\" width=\"1100\" height=\"619\" data-srcset=\"https:\/\/medizinonline.com\/wp-content\/uploads\/2021\/03\/tab1_dp1_s5_0.png 1100w, https:\/\/medizinonline.com\/wp-content\/uploads\/2021\/03\/tab1_dp1_s5_0-800x450.png 800w, https:\/\/medizinonline.com\/wp-content\/uploads\/2021\/03\/tab1_dp1_s5_0-120x68.png 120w, https:\/\/medizinonline.com\/wp-content\/uploads\/2021\/03\/tab1_dp1_s5_0-90x51.png 90w, https:\/\/medizinonline.com\/wp-content\/uploads\/2021\/03\/tab1_dp1_s5_0-320x180.png 320w, https:\/\/medizinonline.com\/wp-content\/uploads\/2021\/03\/tab1_dp1_s5_0-560x315.png 560w\" data-sizes=\"(max-width: 1100px) 100vw, 1100px\" src=\"data:image\/svg+xml;base64,PHN2ZyB3aWR0aD0iMSIgaGVpZ2h0PSIxIiB4bWxucz0iaHR0cDovL3d3dy53My5vcmcvMjAwMC9zdmciPjwvc3ZnPg==\" \/><\/p>\n<p>&nbsp;<\/p>\n<p>&nbsp;<\/p>\n<p>Litt\u00e9rature :<\/p>\n<ol>\n<li>Soci\u00e9t\u00e9 suisse d&#8217;allergologie et d&#8217;immunologie (SSAI) : Recommandations pour la vaccination contre le COVID-19 chez les personnes souffrant de maladies allergiques,&nbsp;https:\/\/ssai.ch\/standpunkte (derni\u00e8re consultation 16.02.2021)<\/li>\n<li>Swissmedic : Factsheet Vaccins Covid-19 &#8211; Historique du d\u00e9veloppement des vaccins, www.swissmedic.ch (derni\u00e8re consultation 16.02.2021)<\/li>\n<\/ol>\n<p>&nbsp;<\/p>\n<p><em>DERMATOLOGIE PRAXIS 2021 ; 31(1) : 5 (publi\u00e9 le 22.2.21, ahead of print)<\/em><\/p>\n","protected":false},"excerpt":{"rendered":"<p>La Soci\u00e9t\u00e9 suisse d&#8217;allergologie et d&#8217;immunologie (SSAI) a publi\u00e9 des recommandations sur les points \u00e0 prendre en compte lors de la vaccination contre le SRAS-CoV-2 chez les patients pr\u00e9sentant des&hellip;<\/p>\n","protected":false},"author":7,"featured_media":104741,"comment_status":"closed","ping_status":"","sticky":false,"template":"","format":"standard","meta":{"_acf_changed":false,"pmpro_default_level":"","cat_1_feature_home_top":false,"cat_2_editor_pick":false,"csco_eyebrow_text":"\u00c9valuation des experts de la SSAI  ","footnotes":""},"category":[11523,11349,11527,11428,11549],"tags":[13253,13191,12049],"powerkit_post_featured":[],"class_list":["post-329910","post","type-post","status-publish","format-standard","has-post-thumbnail","category-actualites","category-allergologie-et-immunologie-clinique","category-etudes","category-infectiologie","category-rx-fr","tag-corona-fr","tag-covid-19-fr","tag-vaccination-fr","pmpro-has-access"],"acf":[],"publishpress_future_action":{"enabled":false,"date":"2026-05-05 16:55:21","action":"change-status","newStatus":"draft","terms":[],"taxonomy":"category","extraData":[]},"publishpress_future_workflow_manual_trigger":{"enabledWorkflows":[]},"wpml_current_locale":"fr_FR","wpml_translations":{"it_IT":{"locale":"it_IT","id":329918,"slug":"la-vaccinazione-covid-19-nelle-persone-con-malattie-allergiche","post_title":"La vaccinazione COVID-19 nelle persone con malattie allergiche","href":"https:\/\/medizinonline.com\/it\/la-vaccinazione-covid-19-nelle-persone-con-malattie-allergiche\/"},"pt_PT":{"locale":"pt_PT","id":329922,"slug":"vacinacao-covid-19-em-pessoas-com-doencas-alergicas","post_title":"Vacina\u00e7\u00e3o COVID-19 em pessoas com doen\u00e7as al\u00e9rgicas","href":"https:\/\/medizinonline.com\/pt-pt\/vacinacao-covid-19-em-pessoas-com-doencas-alergicas\/"},"es_ES":{"locale":"es_ES","id":329898,"slug":"vacunacion-covid-19-en-personas-con-enfermedades-alergicas","post_title":"Vacunaci\u00f3n COVID-19 en personas con enfermedades al\u00e9rgicas","href":"https:\/\/medizinonline.com\/es\/vacunacion-covid-19-en-personas-con-enfermedades-alergicas\/"}},"_links":{"self":[{"href":"https:\/\/medizinonline.com\/fr\/wp-json\/wp\/v2\/posts\/329910","targetHints":{"allow":["GET"]}}],"collection":[{"href":"https:\/\/medizinonline.com\/fr\/wp-json\/wp\/v2\/posts"}],"about":[{"href":"https:\/\/medizinonline.com\/fr\/wp-json\/wp\/v2\/types\/post"}],"author":[{"embeddable":true,"href":"https:\/\/medizinonline.com\/fr\/wp-json\/wp\/v2\/users\/7"}],"replies":[{"embeddable":true,"href":"https:\/\/medizinonline.com\/fr\/wp-json\/wp\/v2\/comments?post=329910"}],"version-history":[{"count":0,"href":"https:\/\/medizinonline.com\/fr\/wp-json\/wp\/v2\/posts\/329910\/revisions"}],"wp:featuredmedia":[{"embeddable":true,"href":"https:\/\/medizinonline.com\/fr\/wp-json\/wp\/v2\/media\/104741"}],"wp:attachment":[{"href":"https:\/\/medizinonline.com\/fr\/wp-json\/wp\/v2\/media?parent=329910"}],"wp:term":[{"taxonomy":"category","embeddable":true,"href":"https:\/\/medizinonline.com\/fr\/wp-json\/wp\/v2\/category?post=329910"},{"taxonomy":"post_tag","embeddable":true,"href":"https:\/\/medizinonline.com\/fr\/wp-json\/wp\/v2\/tags?post=329910"},{"taxonomy":"powerkit_post_featured","embeddable":true,"href":"https:\/\/medizinonline.com\/fr\/wp-json\/wp\/v2\/powerkit_post_featured?post=329910"}],"curies":[{"name":"wp","href":"https:\/\/api.w.org\/{rel}","templated":true}]}}