{"id":330177,"date":"2021-01-30T14:00:00","date_gmt":"2021-01-30T13:00:00","guid":{"rendered":"https:\/\/medizinonline.com\/les-antihistaminiques-comme-add-on-dans-lalopecie-arata\/"},"modified":"2021-01-30T14:00:00","modified_gmt":"2021-01-30T13:00:00","slug":"les-antihistaminiques-comme-add-on-dans-lalopecie-arata","status":"publish","type":"post","link":"https:\/\/medizinonline.com\/fr\/les-antihistaminiques-comme-add-on-dans-lalopecie-arata\/","title":{"rendered":"Les antihistaminiques comme add-on dans l&#8217;alop\u00e9cie arata ?"},"content":{"rendered":"<p><strong>Contrairement \u00e0 l&#8217;alop\u00e9cie androg\u00e9n\u00e9tique, la perte de cheveux circulaire se produit souvent d\u00e8s l&#8217;enfance ou l&#8217;adolescence. Dans une \u00e9tude r\u00e9cente publi\u00e9e dans le Journal de l&#8217;<em>American Academy of Dermatology<\/em>, les antihistaminiques combin\u00e9s aux glucocorticost\u00e9ro\u00efdes topiques et \u00e0 la cryoth\u00e9rapie superficielle se sont r\u00e9v\u00e9l\u00e9s \u00eatre une option de traitement efficace pour l&#8217;alop\u00e9cie arata.<\/strong><\/p>\n<p> <!--more--> <\/p>\n<p>L&#8217;alop\u00e9cie areata est la troisi\u00e8me forme de perte de cheveux la plus fr\u00e9quente, apr\u00e8s l&#8217;alop\u00e9cie androg\u00e9n\u00e9tique hormonale et l&#8217;alop\u00e9cie diffuse (effluvium). Contrairement \u00e0 l&#8217;alop\u00e9cie androg\u00e9n\u00e9tique, la perte de cheveux circulaire se produit souvent d\u00e8s l&#8217;enfance ou l&#8217;adolescence. L&#8217;alop\u00e9cie areata peut avoir un impact consid\u00e9rable sur la qualit\u00e9 de vie. Si des progr\u00e8s ont \u00e9t\u00e9 r\u00e9alis\u00e9s ces derni\u00e8res ann\u00e9es dans la compr\u00e9hension de la pathogen\u00e8se, les possibilit\u00e9s de traitement ne sont pas encore optimales.<\/p>\n<p>La chute de cheveux circulaire semble \u00eatre caus\u00e9e par une inflammation de la racine des cheveux, qui peut \u00eatre attribu\u00e9e \u00e0 un dysfonctionnement du syst\u00e8me immunitaire. Il s&#8217;agit donc d&#8217;une maladie auto-immune dont l&#8217;incidence est \u00e9lev\u00e9e dans la famille. Le traitement fait g\u00e9n\u00e9ralement appel \u00e0 des agents anti-inflammatoires ou \u00e0 des agents qui suppriment le syst\u00e8me immunitaire en g\u00e9n\u00e9ral. Dans l&#8217;\u00e9tude publi\u00e9e dans le JAMA il y a quelques mois, les donn\u00e9es de 148 patients atteints d&#8217;alop\u00e9cie arata trait\u00e9s par cryoth\u00e9rapie superficielle et corticost\u00e9ro\u00efdes topiques ont \u00e9t\u00e9 analys\u00e9es. 24 des participants \u00e0 l&#8217;\u00e9tude ont \u00e9galement \u00e9t\u00e9 trait\u00e9s par des antihistaminiques (fexof\u00e9nadine, \u00e9bastine) en tant qu&#8217;add-on. La dur\u00e9e moyenne du traitement dans ce sous-groupe \u00e9tait de 6,29 mois. L&#8217;ensemble des sujets \u00e9tait comparable en termes d&#8217;\u00e2ge, de dur\u00e9e et de s\u00e9v\u00e9rit\u00e9 de l&#8217;alop\u00e9cie arata. Apr\u00e8s une p\u00e9riode de traitement de 7&nbsp;mois, 100% des patients trait\u00e9s avec des antihistaminiques suppl\u00e9mentaires ont pr\u00e9sent\u00e9 une repousse importante des cheveux*, contre 79,3% des patients trait\u00e9s sans antihistaminiques (p=0,045). La tol\u00e9rance du traitement avec l&#8217;ajout de fexof\u00e9nadine et d&#8217;\u00e9bastine s&#8217;est r\u00e9v\u00e9l\u00e9e non seulement efficace, mais \u00e9galement bien tol\u00e9r\u00e9e.<\/p>\n<p><span style=\"font-size:12px\">* &#8220;R\u00e9g\u00e9n\u00e9ration capillaire majeure&#8221;<\/span><\/p>\n<p>&nbsp;<\/p>\n<p><em>Source : J Am Acad Dermatol 2020. doi : 10.1016\/j.jaad.2020.06.1026. Online ahead of print.<\/em><\/p>\n<p>&nbsp;<\/p>\n<p><em>DERMATOLOGIE PRATIQUE 2020 ; 30(6) : 41<\/em><\/p>\n","protected":false},"excerpt":{"rendered":"<p>Contrairement \u00e0 l&#8217;alop\u00e9cie androg\u00e9n\u00e9tique, la perte de cheveux circulaire se produit souvent d\u00e8s l&#8217;enfance ou l&#8217;adolescence. Dans une \u00e9tude r\u00e9cente publi\u00e9e dans le Journal de l&#8217;American Academy of Dermatology, les&hellip;<\/p>\n","protected":false},"author":7,"featured_media":102589,"comment_status":"closed","ping_status":"","sticky":false,"template":"","format":"standard","meta":{"_acf_changed":false,"pmpro_default_level":"","cat_1_feature_home_top":false,"cat_2_editor_pick":false,"csco_eyebrow_text":"Chute de cheveux circulaire","footnotes":""},"category":[11362,11531,11315,11549],"tags":[19927,12239,21904],"powerkit_post_featured":[],"class_list":["post-330177","post","type-post","status-publish","format-standard","has-post-thumbnail","category-dermatologie-et-venerologie","category-formation-continue","category-medecine-interne-generale","category-rx-fr","tag-alopecie-fr","tag-chute-de-cheveux","tag-perte-de-cheveux-circulaire","pmpro-has-access"],"acf":[],"publishpress_future_action":{"enabled":false,"date":"2026-05-05 21:08:38","action":"change-status","newStatus":"draft","terms":[],"taxonomy":"category","extraData":[]},"publishpress_future_workflow_manual_trigger":{"enabledWorkflows":[]},"wpml_current_locale":"fr_FR","wpml_translations":{"it_IT":{"locale":"it_IT","id":330190,"slug":"gli-antistaminici-come-aggiunta-per-lalopecia-arata","post_title":"Gli antistaminici come aggiunta per l'alopecia arata?","href":"https:\/\/medizinonline.com\/it\/gli-antistaminici-come-aggiunta-per-lalopecia-arata\/"},"pt_PT":{"locale":"pt_PT","id":330198,"slug":"anti-histaminicos-como-um-suplemento-para-a-alopecia-arata","post_title":"Anti-histam\u00ednicos como um suplemento para a alopecia arata?","href":"https:\/\/medizinonline.com\/pt-pt\/anti-histaminicos-como-um-suplemento-para-a-alopecia-arata\/"},"es_ES":{"locale":"es_ES","id":330208,"slug":"antihistaminicos-como-complemento-para-la-alopecia-arata","post_title":"\u00bfAntihistam\u00ednicos como complemento para la alopecia arata?","href":"https:\/\/medizinonline.com\/es\/antihistaminicos-como-complemento-para-la-alopecia-arata\/"}},"_links":{"self":[{"href":"https:\/\/medizinonline.com\/fr\/wp-json\/wp\/v2\/posts\/330177","targetHints":{"allow":["GET"]}}],"collection":[{"href":"https:\/\/medizinonline.com\/fr\/wp-json\/wp\/v2\/posts"}],"about":[{"href":"https:\/\/medizinonline.com\/fr\/wp-json\/wp\/v2\/types\/post"}],"author":[{"embeddable":true,"href":"https:\/\/medizinonline.com\/fr\/wp-json\/wp\/v2\/users\/7"}],"replies":[{"embeddable":true,"href":"https:\/\/medizinonline.com\/fr\/wp-json\/wp\/v2\/comments?post=330177"}],"version-history":[{"count":0,"href":"https:\/\/medizinonline.com\/fr\/wp-json\/wp\/v2\/posts\/330177\/revisions"}],"wp:featuredmedia":[{"embeddable":true,"href":"https:\/\/medizinonline.com\/fr\/wp-json\/wp\/v2\/media\/102589"}],"wp:attachment":[{"href":"https:\/\/medizinonline.com\/fr\/wp-json\/wp\/v2\/media?parent=330177"}],"wp:term":[{"taxonomy":"category","embeddable":true,"href":"https:\/\/medizinonline.com\/fr\/wp-json\/wp\/v2\/category?post=330177"},{"taxonomy":"post_tag","embeddable":true,"href":"https:\/\/medizinonline.com\/fr\/wp-json\/wp\/v2\/tags?post=330177"},{"taxonomy":"powerkit_post_featured","embeddable":true,"href":"https:\/\/medizinonline.com\/fr\/wp-json\/wp\/v2\/powerkit_post_featured?post=330177"}],"curies":[{"name":"wp","href":"https:\/\/api.w.org\/{rel}","templated":true}]}}