{"id":330386,"date":"2021-01-18T00:00:00","date_gmt":"2021-01-17T23:00:00","guid":{"rendered":"https:\/\/medizinonline.com\/en-route-vers-lavenir-le-traitement-de-la-sep-aujourdhui-et-demain\/"},"modified":"2021-01-18T00:00:00","modified_gmt":"2021-01-17T23:00:00","slug":"en-route-vers-lavenir-le-traitement-de-la-sep-aujourdhui-et-demain","status":"publish","type":"post","link":"https:\/\/medizinonline.com\/fr\/en-route-vers-lavenir-le-traitement-de-la-sep-aujourdhui-et-demain\/","title":{"rendered":"En route vers l&#8217;avenir : le traitement de la SEP aujourd&#8217;hui et demain"},"content":{"rendered":"<p><strong>Une recherche cons\u00e9quente sur la scl\u00e9rose en plaques ainsi qu&#8217;une mise en pratique clinique des connaissances acquises ont permis de faire de grands progr\u00e8s ces derni\u00e8res ann\u00e9es, tant dans la compr\u00e9hension de la maladie que dans la gestion du traitement. De nouveaux m\u00e9dicaments passionnants sont en cours d&#8217;exp\u00e9rimentation, tandis que ceux qui sont d\u00e9j\u00e0 \u00e9tablis sont utilis\u00e9s plus largement et plus t\u00f4t qu&#8217;auparavant avec succ\u00e8s.<\/strong><\/p>\n<p> <!--more--> <\/p>\n<p>La scl\u00e9rose en plaques (SEP) a de nombreux visages &#8211; ce qui en fait un d\u00e9fi majeur pour toutes les personnes concern\u00e9es. Environ 2 millions de personnes dans le monde souffrent de SEP, dont environ 10 000 en Suisse. Ce qui pousse le syst\u00e8me immunitaire \u00e0 se retourner contre son propre corps n&#8217;a pas encore \u00e9t\u00e9 clairement identifi\u00e9. Le fait est cependant que des scl\u00e9roses apparaissent pendant une activit\u00e9 inflammatoire aigu\u00eb. Ces l\u00e9sions peuvent \u00e9voluer lentement au cours de l&#8217;inflammation de plus en plus chronique et former des agr\u00e9gats leptom\u00e9ning\u00e9s semblables \u00e0 des follicules. C&#8217;est l\u00e0 que r\u00e9side le danger, car si la maladie passe inaper\u00e7ue \u00e0 l&#8217;ext\u00e9rieur, sa progression se poursuit souvent en cachette. Selon une \u00e9tude, 60% des patients pr\u00e9sentaient un handicap progressif avant qu&#8217;un traitement d&#8217;escalade ne soit mis en place [1]. Cela plaide en faveur de l&#8217;utilisation pr\u00e9coce de traitements hautement actifs, a soulign\u00e9 le professeur Ralf Gold, de Bochum (Allemagne). Le risque d&#8217;activit\u00e9 clinique progressive de la maladie peut ainsi \u00eatre r\u00e9duit de 74% [2].<\/p>\n<h2 id=\"labsence-de-poussee-ne-signifie-pas-necessairement-labsence-de-progression\">L&#8217;absence de pouss\u00e9e ne signifie pas n\u00e9cessairement l&#8217;absence de progression<\/h2>\n<p>Entre-temps, l&#8217;\u00e9volution de la maladie a pu \u00eatre d\u00e9tect\u00e9e comme un continuum, passant de la phase r\u00e9mittente \u00e0 la forme progressive <span style=\"font-family:franklin gothic demi\">(Fig.&nbsp;1). <\/span>Les dommages initialement masqu\u00e9s par la remy\u00e9linisation et la compensation se manifestent avec le temps par une r\u00e9duction de la capacit\u00e9 de r\u00e9paration et de compensation. De m\u00eame, la vuln\u00e9rabilit\u00e9 aux comorbidit\u00e9s augmente avec le temps. Il a \u00e9galement \u00e9t\u00e9 d\u00e9montr\u00e9 que les l\u00e9sions axonales sont les plus importantes aux premiers stades de la maladie [3]. Des \u00e9tudes r\u00e9centes ont port\u00e9 sur le r\u00f4le des cellules B dans le d\u00e9veloppement de la maladie. Il a \u00e9t\u00e9 d\u00e9montr\u00e9 que la fonction des cellules B ind\u00e9pendantes de l&#8217;AK joue un r\u00f4le important dans la pathogen\u00e8se de la SEP [4\u20136]. C&#8217;est l\u00e0 que les anticorps attaquent. La scl\u00e9rose en plaques progressive primaire, consid\u00e9r\u00e9e jusqu&#8217;\u00e0 pr\u00e9sent comme incurable, peut d\u00e9sormais \u00eatre trait\u00e9e par un anticorps anti-CD20. Le risque de progression du handicap a \u00e9t\u00e9 r\u00e9duit de 25% dans l&#8217;\u00e9tude pivot de l&#8217;ocrelizumab [7]. De plus, la Bruton tyrosine kinase (BTK) joue un r\u00f4le important dans les processus immunitaires cellulaires. Celle-ci devrait \u00eatre adress\u00e9e \u00e0 l&#8217;avenir par des inhibiteurs de BTK &#8211; les \u00e9tudes sont en cours.<\/p>\n<h2 id=\"\">&nbsp;<\/h2>\n<h2 id=\"-2\"><img fetchpriority=\"high\" decoding=\"async\" class=\" size-full wp-image-15022\" alt=\"\" src=\"https:\/\/medizinonline.com\/wp-content\/uploads\/2021\/01\/abb1_np6_s22.png\" style=\"height:367px; width:600px\" width=\"1100\" height=\"672\"><\/h2>\n<h2 id=\"-3\">&nbsp;<\/h2>\n<h2 id=\"debut-daction-rapide-pour-des-resultats-efficaces\">D\u00e9but d&#8217;action rapide&nbsp;pour des r\u00e9sultats efficaces<\/h2>\n<p>Dans le cas de la SEP r\u00e9currente-r\u00e9mittente, il est possible depuis un peu plus d&#8217;un an de recourir \u00e0 la cladribine, un agent ayant une action antin\u00e9oplasique et immunomodulatrice. Le traitement oral se caract\u00e9rise avant tout par un d\u00e9but d&#8217;action rapide, comme l&#8217;a montr\u00e9 l&#8217;expert. Une am\u00e9lioration du taux de pouss\u00e9e \u00e9tait d\u00e9j\u00e0 mesurable apr\u00e8s quatre semaines [8]. Au total, le d\u00e9lai avant la premi\u00e8re pouss\u00e9e a pu \u00eatre prolong\u00e9 de 4,6 mois sous placebo \u00e0 plus de 13 mois [9]. De plus, un effet significatif sur la progression du handicap a \u00e9t\u00e9 d\u00e9montr\u00e9 [10]. Ces r\u00e9sultats ont \u00e9t\u00e9 confirm\u00e9s par des \u00e9valuations r\u00e9centes : D\u00e8s la premi\u00e8re phase de l&#8217;\u00e9tude, apr\u00e8s un mois, les donn\u00e9es IRM ont montr\u00e9 une r\u00e9duction significative des l\u00e9sions combin\u00e9es &#8211; avec un effet th\u00e9rapeutique croissant au fil du temps [11].<\/p>\n<p><em>Source :&nbsp;DGN 2020<\/em><\/p>\n<p>&nbsp;<\/p>\n<p>Litt\u00e9rature :<\/p>\n<ol>\n<li>Harding K, et al : JAMA Neurology 2019 ; DOI : 10.1001\/jamaneurol.2018.4905<\/li>\n<li>Freedman MS, et al. : Mult Scler J Exp Transl Clin 2017 ; 3 : 2055217317732802<\/li>\n<li>Pfeifenbring, et al : Ann Neurol 2015 ; 77 : 655-667<\/li>\n<li>Bar-Or, et al : Ann Neurol 2010 ; 67 : 452-461<\/li>\n<li>Fraussen J, et al : Autoimmun Rev 2016 ; 15 : 896-899<\/li>\n<li>Jelcic I, et al : Cell 2018 ; 175 : 85-100<\/li>\n<li>Montalban X, et al : N Engl J Med 2017 ; 376(3) : 209-220<\/li>\n<li>Vemersch, et al. : ECTRIMS 2009  [P617]<\/li>\n<li>Comi G, et al. : ECTRIMS 2009  [P469]<\/li>\n<li>Giovannoni G, et al : NEMJ 2010 ; 362 : 416-426<\/li>\n<li>De Stefano N, et al. : ACTRIMS\/ECTRIMS 2020  [P0382]<\/li>\n<\/ol>\n<p>&nbsp;<\/p>\n<p><em>InFo NEUROLOGIE &amp; PSYCHIATRIE 2020 ; 18(6) : 22 (publi\u00e9 le 28.11.20, ahead of print)<\/em><\/p>\n","protected":false},"excerpt":{"rendered":"<p>Une recherche cons\u00e9quente sur la scl\u00e9rose en plaques ainsi qu&#8217;une mise en pratique clinique des connaissances acquises ont permis de faire de grands progr\u00e8s ces derni\u00e8res ann\u00e9es, tant dans la&hellip;<\/p>\n","protected":false},"author":7,"featured_media":101820,"comment_status":"closed","ping_status":"","sticky":false,"template":"","format":"standard","meta":{"_acf_changed":false,"pmpro_default_level":"","cat_1_feature_home_top":false,"cat_2_editor_pick":false,"csco_eyebrow_text":"Scl\u00e9rose en plaques","footnotes":""},"category":[11527,11383,11535,11549],"tags":[12371],"powerkit_post_featured":[],"class_list":["post-330386","post","type-post","status-publish","format-standard","has-post-thumbnail","category-etudes","category-neurologie-fr","category-rapports-de-congres","category-rx-fr","tag-sclerose-en-plaques","pmpro-has-access"],"acf":[],"publishpress_future_action":{"enabled":false,"date":"2026-05-09 06:50:52","action":"change-status","newStatus":"draft","terms":[],"taxonomy":"category","extraData":[]},"publishpress_future_workflow_manual_trigger":{"enabledWorkflows":[]},"wpml_current_locale":"fr_FR","wpml_translations":{"it_IT":{"locale":"it_IT","id":330393,"slug":"verso-il-futuro-la-terapia-della-sm-oggi-e-domani","post_title":"Verso il futuro: la terapia della SM oggi e domani","href":"https:\/\/medizinonline.com\/it\/verso-il-futuro-la-terapia-della-sm-oggi-e-domani\/"},"pt_PT":{"locale":"pt_PT","id":330398,"slug":"rumo-ao-futuro-terapia-da-em-hoje-e-amanha","post_title":"Rumo ao futuro: Terapia da EM hoje e amanh\u00e3","href":"https:\/\/medizinonline.com\/pt-pt\/rumo-ao-futuro-terapia-da-em-hoje-e-amanha\/"},"es_ES":{"locale":"es_ES","id":330312,"slug":"hacia-el-futuro-la-terapia-de-la-em-hoy-y-manana","post_title":"Hacia el futuro: la terapia de la EM hoy y ma\u00f1ana","href":"https:\/\/medizinonline.com\/es\/hacia-el-futuro-la-terapia-de-la-em-hoy-y-manana\/"}},"_links":{"self":[{"href":"https:\/\/medizinonline.com\/fr\/wp-json\/wp\/v2\/posts\/330386","targetHints":{"allow":["GET"]}}],"collection":[{"href":"https:\/\/medizinonline.com\/fr\/wp-json\/wp\/v2\/posts"}],"about":[{"href":"https:\/\/medizinonline.com\/fr\/wp-json\/wp\/v2\/types\/post"}],"author":[{"embeddable":true,"href":"https:\/\/medizinonline.com\/fr\/wp-json\/wp\/v2\/users\/7"}],"replies":[{"embeddable":true,"href":"https:\/\/medizinonline.com\/fr\/wp-json\/wp\/v2\/comments?post=330386"}],"version-history":[{"count":0,"href":"https:\/\/medizinonline.com\/fr\/wp-json\/wp\/v2\/posts\/330386\/revisions"}],"wp:featuredmedia":[{"embeddable":true,"href":"https:\/\/medizinonline.com\/fr\/wp-json\/wp\/v2\/media\/101820"}],"wp:attachment":[{"href":"https:\/\/medizinonline.com\/fr\/wp-json\/wp\/v2\/media?parent=330386"}],"wp:term":[{"taxonomy":"category","embeddable":true,"href":"https:\/\/medizinonline.com\/fr\/wp-json\/wp\/v2\/category?post=330386"},{"taxonomy":"post_tag","embeddable":true,"href":"https:\/\/medizinonline.com\/fr\/wp-json\/wp\/v2\/tags?post=330386"},{"taxonomy":"powerkit_post_featured","embeddable":true,"href":"https:\/\/medizinonline.com\/fr\/wp-json\/wp\/v2\/powerkit_post_featured?post=330386"}],"curies":[{"name":"wp","href":"https:\/\/api.w.org\/{rel}","templated":true}]}}