{"id":330550,"date":"2020-12-24T14:30:37","date_gmt":"2020-12-24T13:30:37","guid":{"rendered":"https:\/\/medizinonline.com\/module-leucemie-myeloide-aigue\/"},"modified":"2023-01-11T13:30:35","modified_gmt":"2023-01-11T12:30:35","slug":"module-leucemie-myeloide-aigue","status":"publish","type":"post","link":"https:\/\/medizinonline.com\/fr\/module-leucemie-myeloide-aigue\/","title":{"rendered":"Module leuc\u00e9mie my\u00e9lo\u00efde aigu\u00eb"},"content":{"rendered":"\n<p>Apr\u00e8s de nombreuses ann\u00e9es sans progr\u00e8s th\u00e9rapeutique notable, un certain nombre de nouvelles options de traitement de la leuc\u00e9mie my\u00e9lo\u00efde aigu\u00eb sont r\u00e9cemment devenues disponibles et pourraient am\u00e9liorer la situation pour les personnes touch\u00e9es. Prof. em. Le Dr Richard Herrmann intervient dans le module sur la leuc\u00e9mie my\u00e9lo\u00efde aigu\u00eb de Swiss Oncology in Motion avec le professeur Mario Bargetzi (Kantonsspital Aarau), le Dr Rouven M\u00fcller (USZ Zurich) et le professeur Georg St\u00fcssi (IOSI, Tessin).<\/p>\n\n<!--more-->\n\n<p><strong>Mod\u00e9ration :<\/strong><\/p>\n\n<p>Dr. med. Richard Herrmann, Prof. em. pour l&#8217;oncologie, Riehen\/B\u00e2le<\/p>\n\n<p><em>Les vid\u00e9os suivantes peuvent \u00eatre visionn\u00e9es en plein \u00e9cran en cliquant avec le bouton droit de la souris puis sur &#8220;Ouvrir le cadre dans un onglet&#8221;.  <\/em><\/p>\n\n<p><strong>Leuc\u00e9mie aigu\u00eb my\u00e9lo\u00efde : les bases de la maladie (partie 1)<\/strong><br\/>Prof. Mario Bargetzi, m\u00e9decin-chef en h\u00e9matologie, H\u00f4pital cantonal d&#8217;Aarau<\/p>\n\n<p><iframe data-src=\"https:\/\/player.vimeo.com\/video\/609572899?h=149a982191\" width=\"640\" height=\"427\" frameborder=\"0\" src=\"data:image\/svg+xml;base64,PHN2ZyB3aWR0aD0iMSIgaGVpZ2h0PSIxIiB4bWxucz0iaHR0cDovL3d3dy53My5vcmcvMjAwMC9zdmciPjwvc3ZnPg==\" class=\"lazyload\" data-load-mode=\"1\"><\/iframe><\/p>\n\n<p><strong>Options de traitement pour les patients en bonne sant\u00e9 (2e partie)<\/strong><br\/>Dr. med. Rouven M\u00fcller, m\u00e9decin-chef, FHM H\u00e9matologie, USZ Zurich<\/p>\n\n<p><iframe data-src=\"https:\/\/player.vimeo.com\/video\/609576542?h=9a16ed1fbd\" width=\"640\" height=\"416\" frameborder=\"0\" src=\"data:image\/svg+xml;base64,PHN2ZyB3aWR0aD0iMSIgaGVpZ2h0PSIxIiB4bWxucz0iaHR0cDovL3d3dy53My5vcmcvMjAwMC9zdmciPjwvc3ZnPg==\" class=\"lazyload\" data-load-mode=\"1\"><\/iframe><\/p>\n\n<p><strong>Options pour les patients ne n\u00e9cessitant pas de traitement intensif et nouvelles approches (partie 3)<\/strong><br\/>Pr Georg St\u00fcssi M\u00e9decin-chef du service d&#8217;h\u00e9matologie de l&#8217;Institut d&#8217;oncologie de la Suisse italienne (IOSI)<\/p>\n\n<p><iframe data-src=\"https:\/\/player.vimeo.com\/video\/609581411?h=1492b83a1b\" width=\"640\" height=\"416\" frameborder=\"0\" src=\"data:image\/svg+xml;base64,PHN2ZyB3aWR0aD0iMSIgaGVpZ2h0PSIxIiB4bWxucz0iaHR0cDovL3d3dy53My5vcmcvMjAwMC9zdmciPjwvc3ZnPg==\" class=\"lazyload\" data-load-mode=\"1\"><\/iframe><\/p>\n\n<p><\/p>\n","protected":false},"excerpt":{"rendered":"<p>Apr\u00e8s de nombreuses ann\u00e9es sans progr\u00e8s th\u00e9rapeutique notable, un certain nombre de nouvelles options de traitement de la leuc\u00e9mie my\u00e9lo\u00efde aigu\u00eb sont r\u00e9cemment devenues disponibles et pourraient am\u00e9liorer la situation&hellip;<\/p>\n","protected":false},"author":12,"featured_media":377067,"comment_status":"closed","ping_status":"closed","sticky":false,"template":"","format":"standard","meta":{"_acf_changed":false,"pmpro_default_level":"","cat_1_feature_home_top":false,"cat_2_editor_pick":false,"csco_eyebrow_text":"Formation continue en ligne Swiss Oncology in Motion","footnotes":""},"category":[11345,11531,11389,11549],"tags":[],"powerkit_post_featured":[],"class_list":["post-330550","post","type-post","status-publish","format-standard","has-post-thumbnail","category-contenu-des-partenaires","category-formation-continue","category-oncologie","category-rx-fr","pmpro-has-access"],"acf":[],"publishpress_future_action":{"enabled":false,"date":"2026-05-07 00:07:29","action":"change-status","newStatus":"draft","terms":[],"taxonomy":"category","extraData":[]},"publishpress_future_workflow_manual_trigger":{"enabledWorkflows":[]},"wpml_current_locale":"fr_FR","wpml_translations":{"it_IT":{"locale":"it_IT","id":330554,"slug":"modulo-sulla-leucemia-mieloide-acuta","post_title":"Modulo sulla leucemia mieloide acuta","href":"https:\/\/medizinonline.com\/it\/modulo-sulla-leucemia-mieloide-acuta\/"},"pt_PT":{"locale":"pt_PT","id":330557,"slug":"modulo-de-leucemia-mieloide-aguda","post_title":"M\u00f3dulo de leucemia miel\u00f3ide aguda","href":"https:\/\/medizinonline.com\/pt-pt\/modulo-de-leucemia-mieloide-aguda\/"},"es_ES":{"locale":"es_ES","id":330541,"slug":"modulo-de-leucemia-mieloide-aguda","post_title":"M\u00f3dulo de leucemia mieloide aguda","href":"https:\/\/medizinonline.com\/es\/modulo-de-leucemia-mieloide-aguda\/"}},"_links":{"self":[{"href":"https:\/\/medizinonline.com\/fr\/wp-json\/wp\/v2\/posts\/330550","targetHints":{"allow":["GET"]}}],"collection":[{"href":"https:\/\/medizinonline.com\/fr\/wp-json\/wp\/v2\/posts"}],"about":[{"href":"https:\/\/medizinonline.com\/fr\/wp-json\/wp\/v2\/types\/post"}],"author":[{"embeddable":true,"href":"https:\/\/medizinonline.com\/fr\/wp-json\/wp\/v2\/users\/12"}],"replies":[{"embeddable":true,"href":"https:\/\/medizinonline.com\/fr\/wp-json\/wp\/v2\/comments?post=330550"}],"version-history":[{"count":1,"href":"https:\/\/medizinonline.com\/fr\/wp-json\/wp\/v2\/posts\/330550\/revisions"}],"predecessor-version":[{"id":330553,"href":"https:\/\/medizinonline.com\/fr\/wp-json\/wp\/v2\/posts\/330550\/revisions\/330553"}],"wp:featuredmedia":[{"embeddable":true,"href":"https:\/\/medizinonline.com\/fr\/wp-json\/wp\/v2\/media\/377067"}],"wp:attachment":[{"href":"https:\/\/medizinonline.com\/fr\/wp-json\/wp\/v2\/media?parent=330550"}],"wp:term":[{"taxonomy":"category","embeddable":true,"href":"https:\/\/medizinonline.com\/fr\/wp-json\/wp\/v2\/category?post=330550"},{"taxonomy":"post_tag","embeddable":true,"href":"https:\/\/medizinonline.com\/fr\/wp-json\/wp\/v2\/tags?post=330550"},{"taxonomy":"powerkit_post_featured","embeddable":true,"href":"https:\/\/medizinonline.com\/fr\/wp-json\/wp\/v2\/powerkit_post_featured?post=330550"}],"curies":[{"name":"wp","href":"https:\/\/api.w.org\/{rel}","templated":true}]}}