{"id":332404,"date":"2020-11-30T14:00:00","date_gmt":"2020-11-30T13:00:00","guid":{"rendered":"https:\/\/medizinonline.com\/les-effets-de-la-pandemie-aggravent-la-charge-mentale-des-medecins\/"},"modified":"2020-11-30T14:00:00","modified_gmt":"2020-11-30T13:00:00","slug":"les-effets-de-la-pandemie-aggravent-la-charge-mentale-des-medecins","status":"publish","type":"post","link":"https:\/\/medizinonline.com\/fr\/les-effets-de-la-pandemie-aggravent-la-charge-mentale-des-medecins\/","title":{"rendered":"Les effets de la pand\u00e9mie aggravent la charge mentale des m\u00e9decins"},"content":{"rendered":"<p><strong>Le burnout et la d\u00e9pression sont deux maladies auxquelles les m\u00e9decins doivent de plus en plus souvent faire face. Non seulement aupr\u00e8s des patients, mais surtout aupr\u00e8s d&#8217;eux-m\u00eames. L&#8217;opinion publique et les crit\u00e8res de qualit\u00e9 de plus en plus \u00e9lev\u00e9s exigent un m\u00e9decin inattaquable sur le plan technique et dot\u00e9 d&#8217;une comp\u00e9tence \u00e9motionnelle aussi \u00e9lev\u00e9e que possible. Mais le m\u00e9tier de r\u00eave peut aussi se transformer en cauchemar &#8211; encore aggrav\u00e9 par la pand\u00e9mie de Corona.<\/strong><\/p>\n<p> <!--more--> <\/p>\n<p>On sait depuis longtemps que les m\u00e9decins, en particulier, sont souvent surcharg\u00e9s de travail. Les conditions de travail ne contribuent pas \u00e0 un \u00e9quilibre serein entre vie professionnelle et vie priv\u00e9e. La m\u00e9decine est donc une profession qui peut rendre malade. Actuellement, ils sont m\u00eame plus nombreux qu&#8217;auparavant, comme le montre une enqu\u00eate. La raison n&#8217;est pas seulement que des coll\u00e8gues sont infect\u00e9s par le SRAS-CoV-2. Non, la situation professionnelle de nombreux m\u00e9decins s&#8217;est encore aggrav\u00e9e avec la pand\u00e9mie. Un m\u00e9decin sur deux d\u00e9clare que son sentiment de surcharge de travail et de mauvaise humeur a \u00e9t\u00e9 renforc\u00e9 par la crise.<\/p>\n<p>Le burnout et\/ou la d\u00e9pression sont de toute fa\u00e7on tr\u00e8s r\u00e9pandus parmi les m\u00e9decins. Il y a deux ans, 45% des personnes interrog\u00e9es d\u00e9claraient souffrir de tels sympt\u00f4mes. Mais ce pourcentage a encore augment\u00e9 de 10 points de pourcentage entre juin et ao\u00fbt 2020 &#8211; aucune am\u00e9lioration n&#8217;est en vue. 26% des m\u00e9decins d\u00e9clarent souffrir parfois d&#8217;\u00e9tats d\u00e9pressifs, 15% ont plut\u00f4t des sympt\u00f4mes de burnout et 14% ont les deux <span style=\"font-family:franklin gothic demi\">(tableau&nbsp;1).<\/span> La fronti\u00e8re entre ces deux types de pathologies est floue. Au total, ce sont 55% des personnes interrog\u00e9es qui font leur travail tous les jours malgr\u00e9 ces contraintes. Les commentaires mettent en \u00e9vidence la mani\u00e8re dont ce surmenage s&#8217;exprime : tr\u00e8s fonctionnel au travail, surexcit\u00e9 \u00e0 la maison et inaccessible sur le plan \u00e9motionnel. De plus, de nombreux m\u00e9decins souffrent de troubles du sommeil, ce qui alimente l&#8217;\u00e9puisement et la tension nerveuse.<\/p>\n<p>&nbsp;<\/p>\n<p><img fetchpriority=\"high\" decoding=\"async\" class=\" size-full wp-image-15043\" alt=\"\" src=\"https:\/\/medizinonline.com\/wp-content\/uploads\/2020\/11\/tab1_np6_s44.png\" style=\"height:288px; width:400px\" width=\"703\" height=\"507\" srcset=\"https:\/\/medizinonline.com\/wp-content\/uploads\/2020\/11\/tab1_np6_s44.png 703w, https:\/\/medizinonline.com\/wp-content\/uploads\/2020\/11\/tab1_np6_s44-120x87.png 120w, https:\/\/medizinonline.com\/wp-content\/uploads\/2020\/11\/tab1_np6_s44-90x65.png 90w, https:\/\/medizinonline.com\/wp-content\/uploads\/2020\/11\/tab1_np6_s44-320x231.png 320w, https:\/\/medizinonline.com\/wp-content\/uploads\/2020\/11\/tab1_np6_s44-560x404.png 560w\" sizes=\"(max-width: 703px) 100vw, 703px\" \/><\/p>\n<p>&nbsp;<\/p>\n<h2 id=\"recherche-des-causes\">Recherche des causes<\/h2>\n<p>C&#8217;est surtout la situation professionnelle qui semble \u00eatre \u00e0 l&#8217;origine de la d\u00e9tresse psychologique des personnes concern\u00e9es. C&#8217;est surtout \u00e0 l&#8217;h\u00f4pital que le travail semble jouer avec les nerfs : 67% ont d\u00e9clar\u00e9 que le travail contribuait fortement ou tr\u00e8s fortement aux sympt\u00f4mes d\u00e9pressifs. Seuls 39% des m\u00e9decins lib\u00e9raux partagent cet avis. C&#8217;est surtout l&#8217;isolement social, aliment\u00e9 non seulement par la pand\u00e9mie mais aussi par une charge de travail trop importante, qui contribue \u00e0 la mauvaise ambiance. A cela s&#8217;ajoutent une bureaucratie excessive ainsi qu&#8217;une administration d\u00e9responsabilisante. Mais les m\u00e9decins consid\u00e8rent \u00e9galement comme une charge psychique la transmission sans espoir de leur cabinet, la double charge des enfants et de la profession, le &#8220;bombardement permanent par la politique et les caisses&#8221; ou la num\u00e9risation. Ce sont surtout les obligations peu appr\u00e9ci\u00e9es de gestion et de documentation de leur travail (44%) et les heures suppl\u00e9mentaires (42%) qui les poussent \u00e0 la limite de leurs capacit\u00e9s. Les m\u00e9decins en cabinet sont \u00e9galement plus stress\u00e9s par les directives du l\u00e9gislateur &#8211; 46% contre seulement 7% pour les employ\u00e9s en h\u00f4pital. En revanche, les m\u00e9decins hospitaliers se sentent plus stress\u00e9s parce qu&#8217;ils passent trop de temps au travail &#8211; 49% contre 34% pour les m\u00e9decins lib\u00e9raux. La diff\u00e9rence est encore plus marqu\u00e9e en ce qui concerne le manque de reconnaissance et de respect de la part de l&#8217;administration et des employeurs, mais aussi des coll\u00e8gues ou des employ\u00e9s : 55% \u00e0 l&#8217;h\u00f4pital, 11% chez les praticiens lib\u00e9raux. Un autre grand classique qui met les m\u00e9decins sous forte pression dans le milieu hospitalier : lorsque la direction fait pression et que la maximisation des profits prime sur le bien-\u00eatre des patients (47% contre 19%).<\/p>\n<h2 id=\"declencheur-de-stress-corona\">D\u00e9clencheur de stress Corona<\/h2>\n<p>L&#8217;enqu\u00eate montre clairement que la charge mentale des m\u00e9decins a encore augment\u00e9 par rapport aux ann\u00e9es pr\u00e9c\u00e9dentes. Le questionnaire en ligne ayant \u00e9t\u00e9 rempli peu apr\u00e8s le pic de la 1\u00e8re vague de Corona, les participants ont d\u00e9j\u00e0 pu dresser un premier bilan : Un m\u00e9decin sur deux a d\u00e9clar\u00e9 que la pand\u00e9mie avait renforc\u00e9 son sentiment d&#8217;\u00e9puisement professionnel. 40% des coll\u00e8gues n&#8217;ont pas constat\u00e9 d&#8217;aggravation due \u00e0 la crise.<\/p>\n<h2 id=\"quest-ce-qui-pourrait-apporter-un-soulagement\">Qu&#8217;est-ce qui pourrait apporter un soulagement ?<\/h2>\n<p>Les probl\u00e8mes sont un peu diff\u00e9rents pour chaque coll\u00e8gue, il ne peut donc pas y avoir de solution universelle. En ce qui concerne l&#8217;argent, ce sont plut\u00f4t les m\u00e9decins g\u00e9n\u00e9ralistes (56% contre 28% pour les sp\u00e9cialistes) et les m\u00e9decins lib\u00e9raux en g\u00e9n\u00e9ral (52% contre 19% pour les cliniciens) qui s&#8217;expriment. Plus de la moiti\u00e9 des personnes interrog\u00e9es estiment qu&#8217;une meilleure r\u00e9mun\u00e9ration leur enl\u00e8verait toute pression. Les m\u00e9decins g\u00e9n\u00e9ralistes, par exemple, consid\u00e8rent \u00e9galement les r\u00e8gles all\u00e9g\u00e9es comme un antidote au burnout (60%). En revanche, le stress avec l&#8217;administration et au sein de l&#8217;\u00e9quipe est plut\u00f4t un sujet de pr\u00e9occupation pour les m\u00e9decins hospitaliers. Ils souhaitent plus de respect (52% contre 8% pour les titulaires) de la part de leurs employeurs et coll\u00e8gues. De m\u00eame, 41% des personnes interrog\u00e9es estiment que cela les aiderait de ne pas avoir \u00e0 regarder constamment \u00e0 la d\u00e9pense lorsqu&#8217;elles soignent leurs patients.<\/p>\n<h2 id=\"\">&nbsp;<\/h2>\n<h2 id=\"-2\"><img decoding=\"async\" class=\"size-full wp-image-15044 lazyload\" alt=\"\" data-src=\"https:\/\/medizinonline.com\/wp-content\/uploads\/2020\/11\/tab2_np6_s45.png\" style=\"--smush-placeholder-width: 1100px; --smush-placeholder-aspect-ratio: 1100\/409;height:223px; width:600px\" width=\"1100\" height=\"409\" data-srcset=\"https:\/\/medizinonline.com\/wp-content\/uploads\/2020\/11\/tab2_np6_s45.png 1100w, https:\/\/medizinonline.com\/wp-content\/uploads\/2020\/11\/tab2_np6_s45-800x297.png 800w, https:\/\/medizinonline.com\/wp-content\/uploads\/2020\/11\/tab2_np6_s45-120x45.png 120w, https:\/\/medizinonline.com\/wp-content\/uploads\/2020\/11\/tab2_np6_s45-90x33.png 90w, https:\/\/medizinonline.com\/wp-content\/uploads\/2020\/11\/tab2_np6_s45-320x119.png 320w, https:\/\/medizinonline.com\/wp-content\/uploads\/2020\/11\/tab2_np6_s45-560x208.png 560w\" data-sizes=\"(max-width: 1100px) 100vw, 1100px\" src=\"data:image\/svg+xml;base64,PHN2ZyB3aWR0aD0iMSIgaGVpZ2h0PSIxIiB4bWxucz0iaHR0cDovL3d3dy53My5vcmcvMjAwMC9zdmciPjwvc3ZnPg==\" \/><\/h2>\n<h2 id=\"-3\">&nbsp;<\/h2>\n<h2 id=\"medecin-le-patient-le-plus-difficile-de-tous\">M\u00e9decin &#8211; le patient le plus difficile de tous<\/h2>\n<p>Ceux qui ont d\u00e9j\u00e0 v\u00e9cu un burnout tentent de stabiliser leur psychisme de diff\u00e9rentes mani\u00e8res. Un m\u00e9decin sur quatre a r\u00e9duit son temps de travail et 22% ont organis\u00e9 leur travail diff\u00e9remment. Les m\u00e9decins g\u00e9n\u00e9ralistes, en particulier, embauchent souvent du personnel suppl\u00e9mentaire. Cependant, les m\u00e9decins semblent avoir du mal \u00e0 demander eux-m\u00eames de l&#8217;aide. 66% des personnes concern\u00e9es n&#8217;ont pas encore cherch\u00e9 d&#8217;aide. Seuls 5% sont actuellement en recherche et 6% envisagent de se faire aider par un expert. Cela s&#8217;explique notamment par le fait que 38% des personnes interrog\u00e9es ne consid\u00e8rent pas leurs sympt\u00f4mes comme suffisamment graves &#8211; mais aussi par le fait qu&#8217;un m\u00e9decin sur trois est tout simplement trop occup\u00e9 pour s&#8217;occuper de lui-m\u00eame et de son psychisme. Un cercle vicieux \u00e0 briser !<\/p>\n<p>&nbsp;<\/p>\n<p><em>Source : Rapport Medscape : Burnout et d\u00e9pression dans la crise de Corona &#8211; ce qui affecte psychologiquement les m\u00e9decins et comment on pourrait les aider. 10.11.2020. Disponible sur : https:\/\/deutsch.medscape.com\/diashow\/49000709<\/em><\/p>\n<p>&nbsp;<\/p>\n<p><em>InFo NEUROLOGIE &amp; PSYCHIATRIE 2020 ; 18(6) : 44-45 (publi\u00e9 le 30.11.20, ahead of print)<br \/>\nCARDIOVASC 2020 ; 19(4) : 39-40<br \/>\nInFo PNEUMOLOGIE &amp; ALLERGOLOGIE 2021 : 3(1) : 17<br \/>\nDERMATOLOGIE PRATIQUE 2021 ; 31(2) : 22<\/em><\/p>\n","protected":false},"excerpt":{"rendered":"<p>Le burnout et la d\u00e9pression sont deux maladies auxquelles les m\u00e9decins doivent de plus en plus souvent faire face. Non seulement aupr\u00e8s des patients, mais surtout aupr\u00e8s d&#8217;eux-m\u00eames. L&#8217;opinion publique&hellip;<\/p>\n","protected":false},"author":7,"featured_media":101943,"comment_status":"closed","ping_status":"","sticky":false,"template":"","format":"standard","meta":{"_acf_changed":false,"pmpro_default_level":"","cat_1_feature_home_top":false,"cat_2_editor_pick":false,"csco_eyebrow_text":"Burnout et d\u00e9pression","footnotes":""},"category":[11523,11531,11482,11489,11549],"tags":[12572,14976],"powerkit_post_featured":[],"class_list":["post-332404","post","type-post","status-publish","format-standard","has-post-thumbnail","category-actualites","category-formation-continue","category-prevention-et-soins-de-sante","category-psychiatrie-et-psychotherapie","category-rx-fr","tag-burnout-fr","tag-depression-fr","pmpro-has-access"],"acf":[],"publishpress_future_action":{"enabled":false,"date":"2026-05-02 12:15:00","action":"change-status","newStatus":"draft","terms":[],"taxonomy":"category","extraData":[]},"publishpress_future_workflow_manual_trigger":{"enabledWorkflows":[]},"wpml_current_locale":"fr_FR","wpml_translations":{"it_IT":{"locale":"it_IT","id":332405,"slug":"gli-effetti-della-pandemia-esacerbano-la-tensione-psicologica-dei-medici","post_title":"Gli effetti della pandemia esacerbano la tensione psicologica dei medici","href":"https:\/\/medizinonline.com\/it\/gli-effetti-della-pandemia-esacerbano-la-tensione-psicologica-dei-medici\/"},"pt_PT":{"locale":"pt_PT","id":332369,"slug":"os-efeitos-da-pandemia-exacerbam-a-tensao-psicologica-nos-medicos","post_title":"Os efeitos da pandemia exacerbam a tens\u00e3o psicol\u00f3gica nos m\u00e9dicos","href":"https:\/\/medizinonline.com\/pt-pt\/os-efeitos-da-pandemia-exacerbam-a-tensao-psicologica-nos-medicos\/"},"es_ES":{"locale":"es_ES","id":332238,"slug":"los-efectos-de-la-pandemia-agravan-la-tension-psicologica-de-los-medicos","post_title":"Los efectos de la pandemia agravan la tensi\u00f3n psicol\u00f3gica de los m\u00e9dicos","href":"https:\/\/medizinonline.com\/es\/los-efectos-de-la-pandemia-agravan-la-tension-psicologica-de-los-medicos\/"}},"_links":{"self":[{"href":"https:\/\/medizinonline.com\/fr\/wp-json\/wp\/v2\/posts\/332404","targetHints":{"allow":["GET"]}}],"collection":[{"href":"https:\/\/medizinonline.com\/fr\/wp-json\/wp\/v2\/posts"}],"about":[{"href":"https:\/\/medizinonline.com\/fr\/wp-json\/wp\/v2\/types\/post"}],"author":[{"embeddable":true,"href":"https:\/\/medizinonline.com\/fr\/wp-json\/wp\/v2\/users\/7"}],"replies":[{"embeddable":true,"href":"https:\/\/medizinonline.com\/fr\/wp-json\/wp\/v2\/comments?post=332404"}],"version-history":[{"count":0,"href":"https:\/\/medizinonline.com\/fr\/wp-json\/wp\/v2\/posts\/332404\/revisions"}],"wp:featuredmedia":[{"embeddable":true,"href":"https:\/\/medizinonline.com\/fr\/wp-json\/wp\/v2\/media\/101943"}],"wp:attachment":[{"href":"https:\/\/medizinonline.com\/fr\/wp-json\/wp\/v2\/media?parent=332404"}],"wp:term":[{"taxonomy":"category","embeddable":true,"href":"https:\/\/medizinonline.com\/fr\/wp-json\/wp\/v2\/category?post=332404"},{"taxonomy":"post_tag","embeddable":true,"href":"https:\/\/medizinonline.com\/fr\/wp-json\/wp\/v2\/tags?post=332404"},{"taxonomy":"powerkit_post_featured","embeddable":true,"href":"https:\/\/medizinonline.com\/fr\/wp-json\/wp\/v2\/powerkit_post_featured?post=332404"}],"curies":[{"name":"wp","href":"https:\/\/api.w.org\/{rel}","templated":true}]}}