{"id":332513,"date":"2020-12-01T01:00:00","date_gmt":"2020-12-01T00:00:00","guid":{"rendered":"https:\/\/medizinonline.com\/lhyperalgesie-viscerale-un-pathomecanisme-important\/"},"modified":"2020-12-01T01:00:00","modified_gmt":"2020-12-01T00:00:00","slug":"lhyperalgesie-viscerale-un-pathomecanisme-important","status":"publish","type":"post","link":"https:\/\/medizinonline.com\/fr\/lhyperalgesie-viscerale-un-pathomecanisme-important\/","title":{"rendered":"L&#8217;hyperalg\u00e9sie visc\u00e9rale, un pathom\u00e9canisme important"},"content":{"rendered":"<p><strong>L&#8217;hypersensibilit\u00e9 visc\u00e9rale et les troubles de la motilit\u00e9 sont suspect\u00e9s d&#8217;\u00eatre des facteurs centraux dans la survenue de troubles gastro-intestinaux r\u00e9currents sans qu&#8217;une cause organo-pathologique ne soit \u00e9tablie. Le tractus gastro-intestinal est fortement innerv\u00e9 et pr\u00e9sente un grand nombre de fibres nerveuses aff\u00e9rentes et de circuits r\u00e9flexes. Les interactions entre le syst\u00e8me nerveux p\u00e9riph\u00e9rique et le syst\u00e8me nerveux central sont d\u00e9crites dans le concept de &#8220;Brain-Gut-Axis&#8221;.<\/strong><\/p>\n<p> <!--more--> <\/p>\n<p>Si des sympt\u00f4mes tels que des ballonnements, des douleurs abdominales ou des crampes, des lourdeurs d&#8217;estomac, de la diarrh\u00e9e ou de la constipation apparaissent pendant une p\u00e9riode d&#8217;au moins 6 mois, le diagnostic de trouble gastro-intestinal fonctionnel peut \u00eatre pos\u00e9 selon les crit\u00e8res ROM IV.&nbsp;[1,2]. Ces sympt\u00f4mes du tractus gastro-intestinal sup\u00e9rieur et inf\u00e9rieur, tr\u00e8s p\u00e9nibles pour les personnes concern\u00e9es, se chevauchent souvent. Les troubles gastro-intestinaux les plus courants sont la dyspepsie fonctionnelle et le syndrome du c\u00f4lon irritable&nbsp;[3]. Dans l&#8217;\u00e9tat actuel des connaissances, il s&#8217;agit de maladies multifactorielles dont le m\u00e9canisme \u00e9tiologique exact n&#8217;est pas encore totalement \u00e9lucid\u00e9. Le tube digestif humain est un syst\u00e8me fortement innerv\u00e9, dans lequel un grand nombre de fibres nerveuses aff\u00e9rentes g\u00e9n\u00e8rent des informations concernant le contenu intestinal et les processus de r\u00e9gulation de la digestion, de l&#8217;absorption et de la d\u00e9fense immunitaire&nbsp;[4]. Ces relations sont d\u00e9crites dans le mod\u00e8le explicatif de l&#8217;axe intestin-cerveau<span style=\"font-family:franklin gothic demi\"> (encadr\u00e9).<\/span><\/p>\n<p>&nbsp;<\/p>\n<table border=\"1\" cellpadding=\"5\" cellspacing=\"1\" style=\"width:575px\">\n<tbody>\n<tr>\n<td style=\"width:559px\">\n<p><strong>Axe intestin-cerveau (&#8220;Brain-Gut-Axis&#8221;)<\/strong><\/p>\n<p>L&#8217;axe intestin-cerveau est un concept d&#8217;interaction entre le syst\u00e8me nerveux p\u00e9riph\u00e9rique et le syst\u00e8me nerveux central, impliquant des processus neuroendocriniens et neuroimmunologiques [16]. Cela concerne \u00e9galement les facteurs psychosociaux (par exemple, la gestion du stress) et explique en partie pourquoi les probl\u00e8mes de sant\u00e9 mentale sont plus fr\u00e9quents chez les patients souffrant de dyspepsie fonctionnelle ou de syndrome du c\u00f4lon irritable [17]. Un autre facteur pathog\u00e8ne qui, selon les r\u00e9sultats actuels, prend de plus en plus d&#8217;importance est le microbiome et le mycobiome [7,18].<\/p>\n<\/td>\n<\/tr>\n<\/tbody>\n<\/table>\n<p>&nbsp;<\/p>\n<h2 id=\"laugmentation-de-la-vigilance-pour-les-stimuli-intestinaux-nociceptifs-est-caracteristique\">L&#8217;augmentation de la vigilance pour les stimuli intestinaux nociceptifs est caract\u00e9ristique<\/h2>\n<p>Le m\u00e9canisme de l&#8217;hypersensibilit\u00e9 visc\u00e9rale fait r\u00e9f\u00e9rence \u00e0 une vigilance accrue vis-\u00e0-vis de sensations sp\u00e9cifiques dans le tractus gastro-intestinal et a longtemps \u00e9t\u00e9 \u00e9voqu\u00e9 comme un facteur pathog\u00e9nique important des troubles digestifs fonctionnels [5]. On suppose qu&#8217;un seuil de perception et de douleur plus bas en r\u00e9ponse aux stimuli intestinaux contribue \u00e0 une sensibilisation du syst\u00e8me nerveux central. L&#8217;hypersensibilit\u00e9 visc\u00e9rale est un m\u00e9canisme nociceptif essentiel \u00e0 la fois dans le syndrome du c\u00f4lon irritable et dans la dyspepsie fonctionnelle [6]. La dyspepsie fonctionnelle se caract\u00e9rise notamment par des douleurs \u00e9pigastriques. Le syndrome du c\u00f4lon irritable s&#8217;accompagne d&#8217;une alt\u00e9ration de la microflore gastro-intestinale et d&#8217;un seuil de douleur bas en cas de dilatation de la paroi intestinale. Selon le consensus ROM-IV, apr\u00e8s avoir exclu les causes organiques, il convient de mettre en \u0153uvre un traitement ax\u00e9 sur les sympt\u00f4mes, individuel et limit\u00e9 dans le temps. L&#8217;objectif principal du traitement est de soulager la douleur et d&#8217;am\u00e9liorer ainsi la qualit\u00e9 de vie [1].<\/p>\n<h2 id=\"la-combinaison-dhuile-de-menthe-poivree-et-de-cumin-a-un-effet-analgesique-et-antimicrobien\">La combinaison d&#8217;huile de menthe poivr\u00e9e et de cumin a un effet analg\u00e9sique et antimicrobien<\/h2>\n<p>La menthe poivr\u00e9e (Mentha\u00d7piperita L.) et le carvi (Carum carvi L.) sont des plantes m\u00e9dicinales qui ont une longue tradition. L&#8217;efficacit\u00e9 analg\u00e9sique de l&#8217;huile de menthe poivr\u00e9e et ses effets relaxants sur les muscles du tractus gastro-intestinal sont dus \u00e0 la liaison de son composant, le menthol, au r\u00e9cepteur du froid (TRPM8) [8]. L&#8217;huile de cumin a un effet carminatif et antispasmodique, soulage la sensation de ballonnement et a des propri\u00e9t\u00e9s antimicrobiennes et antioxydantes. La croissance des germes pathog\u00e8nes est inhib\u00e9e sans avoir d&#8217;effets n\u00e9gatifs sur les bact\u00e9ries intestinales souhait\u00e9es. <sup>Carmenthin\u00ae<\/sup> (d\u00e9signation du principe actif : menthacarine) est une pr\u00e9paration phytopharmaceutique \u00e0 base d&#8217;un m\u00e9lange hautement dos\u00e9 d&#8217;huile de menthe poivr\u00e9e et de cumin. Ce m\u00e9dicament bien tol\u00e9r\u00e9 est rembours\u00e9 en Suisse pour les adultes et les adolescents \u00e0 partir de 12&nbsp;ans pour le traitement des crampes l\u00e9g\u00e8res, de la sensation de pl\u00e9nitude, des douleurs \u00e9pigastriques et des ballonnements [9,10]. Gr\u00e2ce \u00e0 l&#8217;effet synergique de la combinaison \u00e0 haute dose des deux huiles essentielles, la menthacarine r\u00e9duit l&#8217;hyperalg\u00e9sie visc\u00e9rale post-inflammatoire jusqu&#8217;\u00e0 50% par rapport au placebo [11]. Gr\u00e2ce \u00e0 ses propri\u00e9t\u00e9s antifongiques et antibact\u00e9riennes, cette pr\u00e9paration phytopharmaceutique permet de lutter contre un seuil de douleur bas souvent associ\u00e9 \u00e0 l&#8217;hyperalg\u00e9sie visc\u00e9rale.<\/p>\n<h2 id=\"efficacite-prouvee-contre-les-troubles-gastro-intestinaux-fonctionnels\">Efficacit\u00e9 prouv\u00e9e contre les troubles gastro-intestinaux fonctionnels<\/h2>\n<p>Une \u00e9tude multicentrique randomis\u00e9e en double aveugle contre placebo (n=114) a d\u00e9montr\u00e9 l&#8217;efficacit\u00e9 de la menthacarine (2x\/d&nbsp;1&nbsp;capsule) chez des patients souffrant de dyspepsie fonctionnelle chronique ou r\u00e9currente [12]. Le soulagement de la douleur et de l&#8217;inconfort \u00e9tait un facteur d&#8217;efficacit\u00e9 essentiel. Aux points de mesure 2&nbsp;semaines et 4 semaines apr\u00e8s la ligne de base, la r\u00e9duction des sympt\u00f4mes \u00e9tait significativement plus importante dans le bras de traitement que dans la condition placebo (p&lt;0,001). Il existe \u00e9galement des preuves empiriques concernant le syndrome du c\u00f4lon irritable. Par exemple, une m\u00e9ta-analyse bas\u00e9e sur l&#8217;\u00e9valuation de cinq \u00e9tudes humaines randomis\u00e9es et contr\u00f4l\u00e9es par placebo a montr\u00e9 que l&#8217;huile de menthe poivr\u00e9e est efficace pour soulager les sympt\u00f4mes du c\u00f4lon irritable ainsi que les douleurs abdominales [13]. Dans le guide S3 du syndrome du c\u00f4lon irritable de la Soci\u00e9t\u00e9 allemande des maladies digestives et m\u00e9taboliques, il existe une recommandation pour la menthacarine [14]. Des \u00e9tudes r\u00e9centes se sont \u00e9galement pench\u00e9es sur l&#8217;efficacit\u00e9 de ce traitement phytopharmaceutique combin\u00e9. Il a notamment \u00e9t\u00e9 d\u00e9montr\u00e9 dans des mod\u00e8les animaux que la menthacarine r\u00e9duisait l&#8217;hypersensibilit\u00e9 visc\u00e9rale [15].<\/p>\n<p>&nbsp;<\/p>\n<p>Litt\u00e9rature :<\/p>\n<ol>\n<li>Cremonini F : Neurogastroenterol Motil 2014 ; 26 : 893-900<\/li>\n<li>Drossman DA : Gastroenterology 2016 ; 150 : 1262-1279.<\/li>\n<li>Stanghellini V : Dig Dis 2017 ; 35(suppl 1) : 14-17.<\/li>\n<li>Brookes SJH, et al : Nat Rev Gastroenterol Hepatol 2013 ; 10(5) : 286-296.<\/li>\n<li>Madisch A, et al : Dtsch Arztebl Int 2018 ; 115 : 222-232.<\/li>\n<li>Madisch A, et al. : Wiener Medizinische Wochenschrift 2019 ; 169 : 149-155.<\/li>\n<li>van Thiel IAM, et al : Am J Physiol Gastrointest Liver Physiol 2020 ; 318(6) : G1034-G1041.<\/li>\n<li>Journal allemand des pharmaciens (DAZ) : DAZ 2018 (9) : 73, 01.03.2018.<\/li>\n<li>Information professionnelle : www.compendium.ch<\/li>\n<li>Madisch A, et al : Internist 2015 ; 56, (Suppl. 1) : 28.<\/li>\n<li>Adam B, et al : Scandinavian Journal of Gastroenterology 2006 ; 41 : 155-160.<\/li>\n<li>Rich G, et al : Neurogastroenterol Motil 2017 ; 29(11).<\/li>\n<li>Khanna R, MacDonald JK, Levesque BG : J Clin Gastroenterol 2014 ; 48 : 505-512.<\/li>\n<li>Layer P, et al. : AWMF-Registriernummer : 021\/016. Z Gastroenterol 2011 ; 49 : 237-293<\/li>\n<li>Botschuijver S, et al : Neurogastroenterol Motil 2018 ; 30(6) : e13299.<\/li>\n<li>Matricon J, et al : Aliment Pharmacol Ther 2012 ; 36(11-12) : 1009-1031.<\/li>\n<li>Koloski NA, Jones M, Talley NJ : Aliment Pharmacol Ther 2016 ; 44 : 592-600.<\/li>\n<li>Ligne directrice de la DGVS, actuellement en cours de r\u00e9vision, www.dgvs.de\/wissen-kompakt\/leitlinien\/dgvs-leitlinien\/reizdarmsyndrom<\/li>\n<\/ol>\n<p>&nbsp;<\/p>\n<p><em>PRATIQUE DU M\u00c9DECIN DE FAMILLE 2020 ; 15(11) : 43<\/em><\/p>\n","protected":false},"excerpt":{"rendered":"<p>L&#8217;hypersensibilit\u00e9 visc\u00e9rale et les troubles de la motilit\u00e9 sont suspect\u00e9s d&#8217;\u00eatre des facteurs centraux dans la survenue de troubles gastro-intestinaux r\u00e9currents sans qu&#8217;une cause organo-pathologique ne soit \u00e9tablie. Le tractus&hellip;<\/p>\n","protected":false},"author":7,"featured_media":101513,"comment_status":"closed","ping_status":"","sticky":false,"template":"","format":"standard","meta":{"_acf_changed":false,"pmpro_default_level":"","cat_1_feature_home_top":false,"cat_2_editor_pick":false,"csco_eyebrow_text":"Troubles gastro-intestinaux fonctionnels  ","footnotes":""},"category":[11531,11414,11315,11383,11549],"tags":[23260,15171,23268,23264],"powerkit_post_featured":[],"class_list":["post-332513","post","type-post","status-publish","format-standard","has-post-thumbnail","category-formation-continue","category-gastro-enterologie-et-hepatologie","category-medecine-interne-generale","category-neurologie-fr","category-rx-fr","tag-cumin","tag-douleurs-abdominales","tag-problemes-de-digestion","tag-troubles-gastro-intestinaux-fr","pmpro-has-access"],"acf":[],"publishpress_future_action":{"enabled":false,"date":"2026-05-02 10:24:06","action":"change-status","newStatus":"draft","terms":[],"taxonomy":"category","extraData":[]},"publishpress_future_workflow_manual_trigger":{"enabledWorkflows":[]},"wpml_current_locale":"fr_FR","wpml_translations":{"it_IT":{"locale":"it_IT","id":332472,"slug":"liperalgesia-viscerale-come-importante-patomeccanismo","post_title":"L'iperalgesia viscerale come importante patomeccanismo","href":"https:\/\/medizinonline.com\/it\/liperalgesia-viscerale-come-importante-patomeccanismo\/"},"pt_PT":{"locale":"pt_PT","id":332490,"slug":"hiperalgesia-visceral-como-um-importante-patomecanismo","post_title":"Hiperalgesia visceral como um importante patomecanismo","href":"https:\/\/medizinonline.com\/pt-pt\/hiperalgesia-visceral-como-um-importante-patomecanismo\/"},"es_ES":{"locale":"es_ES","id":332384,"slug":"la-hiperalgesia-visceral-como-importante-patomecanismo","post_title":"La hiperalgesia visceral como importante patomecanismo","href":"https:\/\/medizinonline.com\/es\/la-hiperalgesia-visceral-como-importante-patomecanismo\/"}},"_links":{"self":[{"href":"https:\/\/medizinonline.com\/fr\/wp-json\/wp\/v2\/posts\/332513","targetHints":{"allow":["GET"]}}],"collection":[{"href":"https:\/\/medizinonline.com\/fr\/wp-json\/wp\/v2\/posts"}],"about":[{"href":"https:\/\/medizinonline.com\/fr\/wp-json\/wp\/v2\/types\/post"}],"author":[{"embeddable":true,"href":"https:\/\/medizinonline.com\/fr\/wp-json\/wp\/v2\/users\/7"}],"replies":[{"embeddable":true,"href":"https:\/\/medizinonline.com\/fr\/wp-json\/wp\/v2\/comments?post=332513"}],"version-history":[{"count":0,"href":"https:\/\/medizinonline.com\/fr\/wp-json\/wp\/v2\/posts\/332513\/revisions"}],"wp:featuredmedia":[{"embeddable":true,"href":"https:\/\/medizinonline.com\/fr\/wp-json\/wp\/v2\/media\/101513"}],"wp:attachment":[{"href":"https:\/\/medizinonline.com\/fr\/wp-json\/wp\/v2\/media?parent=332513"}],"wp:term":[{"taxonomy":"category","embeddable":true,"href":"https:\/\/medizinonline.com\/fr\/wp-json\/wp\/v2\/category?post=332513"},{"taxonomy":"post_tag","embeddable":true,"href":"https:\/\/medizinonline.com\/fr\/wp-json\/wp\/v2\/tags?post=332513"},{"taxonomy":"powerkit_post_featured","embeddable":true,"href":"https:\/\/medizinonline.com\/fr\/wp-json\/wp\/v2\/powerkit_post_featured?post=332513"}],"curies":[{"name":"wp","href":"https:\/\/api.w.org\/{rel}","templated":true}]}}