{"id":332527,"date":"2020-11-26T14:34:10","date_gmt":"2020-11-26T13:34:10","guid":{"rendered":"https:\/\/medizinonline.com\/nouvelle-ligne-directrice-s2k-sur-le-traitement-hospitalier-des-patients-atteints-de-covid-19\/"},"modified":"2020-11-26T14:34:10","modified_gmt":"2020-11-26T13:34:10","slug":"nouvelle-ligne-directrice-s2k-sur-le-traitement-hospitalier-des-patients-atteints-de-covid-19","status":"publish","type":"post","link":"https:\/\/medizinonline.com\/fr\/nouvelle-ligne-directrice-s2k-sur-le-traitement-hospitalier-des-patients-atteints-de-covid-19\/","title":{"rendered":"Nouvelle ligne directrice S2k sur le traitement hospitalier des patients atteints de COVID-19"},"content":{"rendered":"<p>La nouvelle ligne directrice S2k en langue allemande comprend des recommandations pour le traitement hospitalier des patients atteints de COVID-19. Elle \u00e9tend la ligne directrice S1 de m\u00e9decine intensive, d\u00e9j\u00e0 disponible depuis mars 2020, au domaine de l&#8217;hospitalisation compl\u00e8te et fournit ainsi pour la premi\u00e8re fois aux m\u00e9decins hospitaliers un guide d&#8217;action global et pluridisciplinaire. Trois soci\u00e9t\u00e9s savantes ont particip\u00e9 \u00e0 sa r\u00e9daction &#8211; la Soci\u00e9t\u00e9 allemande de m\u00e9decine interne intensive et de m\u00e9decine d&#8217;urgence (DGIIN), l&#8217;Association allemande interdisciplinaire de m\u00e9decine intensive et d&#8217;urgence (DIVI) et la Soci\u00e9t\u00e9 allemande de pneumologie et de m\u00e9decine respiratoire (DGP).<\/p>\n<p> <!--more--> <\/p>\n<p>Onze autres soci\u00e9t\u00e9s savantes ont contribu\u00e9 \u00e0 la r\u00e9daction de la ligne directrice<\/p>\n<p>Le nombre croissant d&#8217;infections par le SRAS-CoV-2 entra\u00eene \u00e9galement une augmentation rapide et pertinente du nombre de patients hospitalis\u00e9s atteints de COVID-19. Une gestion structur\u00e9e, s\u00fbre et \u00e9conome en ressources de ces patients \u00e0 l&#8217;h\u00f4pital est donc essentielle. &#8220;Avec cette nouvelle ligne directrice S2k, nous avons r\u00e9ussi pour la premi\u00e8re fois \u00e0 regrouper toutes les recommandations th\u00e9rapeutiques pour le traitement hospitalier des patients atteints de COVID-19&#8221;, explique le professeur Stefan Kluge, coordinateur de la ligne directrice. &#8220;Ainsi, nous pouvons enfin consid\u00e9rer la th\u00e9rapie de mani\u00e8re globale et pluridisciplinaire, car tous les groupes de sp\u00e9cialistes concern\u00e9s ont \u00e9t\u00e9 impliqu\u00e9s dans son \u00e9laboration&#8221;, a d\u00e9clar\u00e9 Kluge, qui est \u00e9galement directeur de la clinique de m\u00e9decine intensive de l&#8217;h\u00f4pital universitaire de Hambourg-Eppendorf. Le guide comprend des recommandations sur l&#8217;ensemble du parcours de soins hospitaliers &#8211; de l&#8217;admission et du diagnostic \u00e0 la th\u00e9rapie et \u00e0 l&#8217;\u00e9volution de la maladie. De plus, de nombreux autres aspects ont \u00e9t\u00e9 pris en compte, tels que les particularit\u00e9s des patients p\u00e9diatriques, les aspects \u00e9thiques et les soins palliatifs.<\/p>\n<p>La ligne directrice d\u00e9finit quand une hospitalisation et quand des soins intensifs sont n\u00e9cessaires. &#8220;Les patients pr\u00e9sentant une d\u00e9tresse respiratoire prononc\u00e9e, une fr\u00e9quence respiratoire \u00e9lev\u00e9e et une chute de la saturation en oxyg\u00e8ne doivent \u00eatre transf\u00e9r\u00e9s en soins intensifs. La ligne directrice fournit d\u00e9j\u00e0 des recommandations au personnel hospitalier pour cette phase&#8221;, explique le professeur Christian Karagiannidis, pr\u00e9sident de la DGIIN, chef de clinique et directeur du centre ECMO de la clinique pulmonaire de Cologne-Merheim.<\/p>\n<p>Au cours de la maladie COVID-19, une insuffisance respiratoire hypox\u00e9mique, c&#8217;est-\u00e0-dire des probl\u00e8mes d&#8217;\u00e9change gazeux dans les poumons, peut survenir. &#8220;L&#8217;objectif principal de la th\u00e9rapie de soutien est d&#8217;assurer un apport suffisant en oxyg\u00e8ne, pour lequel nous disposons de diff\u00e9rentes m\u00e9thodes de soutien, telles que l&#8217;oxyg\u00e9noth\u00e9rapie ou la ventilation au masque&#8221;, explique le professeur Dr. med. Michael Pfeifer, pr\u00e9sident de la DGP. Les lignes directrices indiquent quand utiliser telle ou telle forme d&#8217;assistance respiratoire, quand recourir \u00e0 l&#8217;intubation et \u00e0 la ventilation m\u00e9canique. &#8220;Dans ce contexte, la ventilation invasive et la mise en d\u00e9cubitus ventral r\u00e9p\u00e9t\u00e9e sont des \u00e9l\u00e9ments importants dans le traitement des patients COVID-19 les plus gravement atteints&#8221;, a d\u00e9clar\u00e9 le Dr Pfeifer, de l&#8217;Universit\u00e9 de Ratisbonne, m\u00e9decin-chef \u00e0 la clinique Donaustauf et \u00e0 l&#8217;h\u00f4pital Barmherzige Br\u00fcder de Ratisbonne.<\/p>\n<p>&#8220;Lors du traitement hospitalier de patients atteints de COVID-19, il est \u00e9galement d\u00e9cisif de respecter des r\u00e8gles d&#8217;hygi\u00e8ne strictes, \u00e9galement et surtout pour prot\u00e9ger le personnel&#8221;, explique le professeur Uwe Janssens, pr\u00e9sident de la DIVI et m\u00e9decin-chef de la clinique de m\u00e9decine interne et de soins intensifs internes \u00e0 l&#8217;h\u00f4pital St-Antonius d&#8217;Eschweiler. Ainsi, la ligne directrice recommande le strict respect de l&#8217;hygi\u00e8ne de base, y compris l&#8217;hygi\u00e8ne des mains, ainsi que le port correct d&#8217;\u00e9quipements de protection individuelle ad\u00e9quats ; ceci est indispensable lors de la manipulation des patients. &#8220;C&#8217;est indispensable pour prot\u00e9ger \u00e0 la fois nos collaborateurs et les patients&#8221;, souligne Janssens.<\/p>\n<p>Un chapitre important est consacr\u00e9 \u00e0 la th\u00e9rapie m\u00e9dicamenteuse. &#8220;Au d\u00e9but de la pand\u00e9mie, les substances les plus diverses ont \u00e9t\u00e9 utilis\u00e9es dans le monde entier sans que l&#8217;on dispose de donn\u00e9es claires&#8221;, explique le PD Dr Christoph Spinner, repr\u00e9sentant de la Soci\u00e9t\u00e9 allemande d&#8217;infectiologie. &#8220;Nous pr\u00e9sentons en d\u00e9tail la place actuelle des m\u00e9dicaments utilis\u00e9s dans la ligne directrice, une r\u00e9duction de la mortalit\u00e9 n&#8217;a pu \u00eatre d\u00e9montr\u00e9e jusqu&#8217;\u00e0 pr\u00e9sent que pour la dexam\u00e9thasone chez les patients gravement malades&#8221;.<\/p>\n<p>Vous trouverez ici la ligne directrice <a href=\"https:\/\/www.awmf.org\/leitlinien\/detail\/ll\/113-001.html\" target=\"_blank\" rel=\"noopener\">: https:\/\/www.awmf.org\/leitlinien\/detail\/ll\/113-001.html<\/a><\/p>\n<p>Source : Association allemande interdisciplinaire de m\u00e9decine intensive et d&#8217;urgence<\/p>\n","protected":false},"excerpt":{"rendered":"<p>La nouvelle ligne directrice S2k en langue allemande comprend des recommandations pour le traitement hospitalier des patients atteints de COVID-19. Elle \u00e9tend la ligne directrice S1 de m\u00e9decine intensive, d\u00e9j\u00e0&hellip;<\/p>\n","protected":false},"author":12,"featured_media":101628,"comment_status":"closed","ping_status":"","sticky":false,"template":"","format":"standard","meta":{"_acf_changed":false,"pmpro_default_level":"","cat_1_feature_home_top":false,"cat_2_editor_pick":false,"csco_eyebrow_text":"Recommandations pour le traitement en milieu hospitalier","footnotes":""},"category":[11523,11394,11549],"tags":[],"powerkit_post_featured":[],"class_list":["post-332527","post","type-post","status-publish","format-standard","has-post-thumbnail","category-actualites","category-anesthesiologie","category-rx-fr","pmpro-has-access"],"acf":[],"publishpress_future_action":{"enabled":false,"date":"2026-05-06 01:59:52","action":"change-status","newStatus":"draft","terms":[],"taxonomy":"category","extraData":[]},"publishpress_future_workflow_manual_trigger":{"enabledWorkflows":[]},"wpml_current_locale":"fr_FR","wpml_translations":{"it_IT":{"locale":"it_IT","id":332528,"slug":"nuova-linea-guida-s2k-sul-trattamento-ospedaliero-dei-pazienti-con-covid-19","post_title":"Nuova linea guida S2k sul trattamento ospedaliero dei pazienti con COVID-19","href":"https:\/\/medizinonline.com\/it\/nuova-linea-guida-s2k-sul-trattamento-ospedaliero-dei-pazienti-con-covid-19\/"},"pt_PT":{"locale":"pt_PT","id":332292,"slug":"nova-directriz-s2k-sobre-o-tratamento-hospitalar-de-doentes-com-covid-19","post_title":"Nova directriz S2k sobre o tratamento hospitalar de doentes com COVID-19","href":"https:\/\/medizinonline.com\/pt-pt\/nova-directriz-s2k-sobre-o-tratamento-hospitalar-de-doentes-com-covid-19\/"},"es_ES":{"locale":"es_ES","id":332297,"slug":"nueva-directriz-s2k-sobre-el-tratamiento-hospitalario-de-pacientes-con-covid-19","post_title":"Nueva directriz S2k sobre el tratamiento hospitalario de pacientes con COVID-19","href":"https:\/\/medizinonline.com\/es\/nueva-directriz-s2k-sobre-el-tratamiento-hospitalario-de-pacientes-con-covid-19\/"}},"_links":{"self":[{"href":"https:\/\/medizinonline.com\/fr\/wp-json\/wp\/v2\/posts\/332527","targetHints":{"allow":["GET"]}}],"collection":[{"href":"https:\/\/medizinonline.com\/fr\/wp-json\/wp\/v2\/posts"}],"about":[{"href":"https:\/\/medizinonline.com\/fr\/wp-json\/wp\/v2\/types\/post"}],"author":[{"embeddable":true,"href":"https:\/\/medizinonline.com\/fr\/wp-json\/wp\/v2\/users\/12"}],"replies":[{"embeddable":true,"href":"https:\/\/medizinonline.com\/fr\/wp-json\/wp\/v2\/comments?post=332527"}],"version-history":[{"count":0,"href":"https:\/\/medizinonline.com\/fr\/wp-json\/wp\/v2\/posts\/332527\/revisions"}],"wp:featuredmedia":[{"embeddable":true,"href":"https:\/\/medizinonline.com\/fr\/wp-json\/wp\/v2\/media\/101628"}],"wp:attachment":[{"href":"https:\/\/medizinonline.com\/fr\/wp-json\/wp\/v2\/media?parent=332527"}],"wp:term":[{"taxonomy":"category","embeddable":true,"href":"https:\/\/medizinonline.com\/fr\/wp-json\/wp\/v2\/category?post=332527"},{"taxonomy":"post_tag","embeddable":true,"href":"https:\/\/medizinonline.com\/fr\/wp-json\/wp\/v2\/tags?post=332527"},{"taxonomy":"powerkit_post_featured","embeddable":true,"href":"https:\/\/medizinonline.com\/fr\/wp-json\/wp\/v2\/powerkit_post_featured?post=332527"}],"curies":[{"name":"wp","href":"https:\/\/api.w.org\/{rel}","templated":true}]}}