{"id":333183,"date":"2020-10-23T02:00:00","date_gmt":"2020-10-23T00:00:00","guid":{"rendered":"https:\/\/medizinonline.com\/une-preparation-a-base-de-plantes-soulage-les-symptomes-subsyndromiques-du-tdah-chez-les-ecoliers\/"},"modified":"2020-10-23T02:00:00","modified_gmt":"2020-10-23T00:00:00","slug":"une-preparation-a-base-de-plantes-soulage-les-symptomes-subsyndromiques-du-tdah-chez-les-ecoliers","status":"publish","type":"post","link":"https:\/\/medizinonline.com\/fr\/une-preparation-a-base-de-plantes-soulage-les-symptomes-subsyndromiques-du-tdah-chez-les-ecoliers\/","title":{"rendered":"Une pr\u00e9paration \u00e0 base de plantes soulage les sympt\u00f4mes subsyndromiques du TDAH chez les \u00e9coliers"},"content":{"rendered":"<p><strong>Une \u00e9tude empirique a d\u00e9montr\u00e9 les effets positifs d&#8217;un traitement combin\u00e9 \u00e0 haute dose chez des \u00e9l\u00e8ves de l&#8217;\u00e9cole primaire qui ne r\u00e9pondent pas enti\u00e8rement aux crit\u00e8res de diagnostic du TDAH, mais qui souffrent n\u00e9anmoins de d\u00e9ficits d&#8217;attention et de concentration.<\/strong><\/p>\n<p> <!--more--> <\/p>\n<p>Les troubles du comportement sous forme d&#8217;hyperactivit\u00e9, d&#8217;impulsivit\u00e9 et de probl\u00e8mes d&#8217;attention sont tr\u00e8s r\u00e9pandus chez les enfants en \u00e2ge de fr\u00e9quenter l&#8217;\u00e9cole primaire et peuvent avoir un impact n\u00e9gatif sur le contexte scolaire et familial ainsi que sur d&#8217;autres cadres sociaux. Ces d\u00e9ficits d&#8217;autor\u00e9gulation et de contr\u00f4le des impulsions sont g\u00e9n\u00e9ralement dus \u00e0 un trouble neurobiologique du d\u00e9veloppement. Lorsqu&#8217;ils pr\u00e9sentent des niveaux \u00e9lev\u00e9s dans ces dimensions, les \u00e9l\u00e8ves re\u00e7oivent un diagnostic de trouble du d\u00e9ficit de l&#8217;attention\/hyperactivit\u00e9 (TDA\/H) [1]. Cependant, il est plus fr\u00e9quent de n&#8217;avoir qu&#8217;un seul sympt\u00f4me ou une combinaison de sympt\u00f4mes d&#8217;intensit\u00e9 l\u00e9g\u00e8re ou fluctuante qui ne remplissent pas les crit\u00e8res de diagnostic du TDAH selon le DSM ou la CIM-10. On parle alors de sympt\u00f4mes subsyndromiques du TDAH. Dans ces cas, les m\u00e9dicaments TDAH sur ordonnance ne sont pas autoris\u00e9s, mais la souffrance peut devenir si importante qu&#8217;un soutien m\u00e9dical est tout de m\u00eame recherch\u00e9.<\/p>\n<h2 id=\"effets-positifs-dune-application-off-label-sur-lhyperactivite-et-lattention\">Effets positifs d&#8217;une application off-label sur l&#8217;hyperactivit\u00e9 et l&#8217;attention<\/h2>\n<p>Une combinaison d&#8217;extraits v\u00e9g\u00e9taux de val\u00e9riane <sup>WS\u00ae<\/sup> 1014 et de m\u00e9lisse <sup>WS\u00ae<\/sup> 1303 s&#8217;est av\u00e9r\u00e9e efficace et bien tol\u00e9r\u00e9e dans une \u00e9tude men\u00e9e chez des enfants de moins de 12 ans souffrant d&#8217;agitation et d&#8217;insomnie [2]. Dans une \u00e9tude d&#8217;observation ult\u00e9rieure de Gromball et al. ont en outre montr\u00e9 des effets positifs de la pr\u00e9paration combin\u00e9e sur l&#8217;attention, l&#8217;hyperactivit\u00e9 et l&#8217;impulsivit\u00e9 [3]. \u00c0 cette fin, les effets d&#8217;une combinaison d&#8217;<sup>extraits*<\/sup> \u00e0 haute dose de val\u00e9riane <sup>WS\u00ae<\/sup> 1014 et de m\u00e9lisse <sup>WS\u00ae<\/sup> 1303 sur un large \u00e9ventail de sympt\u00f4mes et de situations quotidiennes ont \u00e9t\u00e9 \u00e9tudi\u00e9s chez 169 enfants d&#8217;\u00e9cole primaire pr\u00e9sentant des d\u00e9ficits d&#8217;hyperactivit\u00e9, d&#8217;attention et de concentration et ne r\u00e9pondant pas aux crit\u00e8res de diagnostic du TDAH. Pour \u00e9valuer l&#8217;efficacit\u00e9, le comportement des enfants de l&#8217;\u00e9cole primaire a \u00e9t\u00e9 \u00e9valu\u00e9 par les parents et 27 p\u00e9diatres au d\u00e9but de l&#8217;\u00e9tude et aux semaines 2 et 7 [3]. L&#8217;\u00e9valuation par les p\u00e9diatres a donn\u00e9 les r\u00e9sultats suivants : Apr\u00e8s une p\u00e9riode de traitement de sept semaines, une am\u00e9lioration significative de tous les sympt\u00f4mes a \u00e9t\u00e9 observ\u00e9e (capacit\u00e9 d&#8217;attention, impulsivit\u00e9, hyperactivit\u00e9, comportement social, fatigue matinale et troubles du sommeil) [3]. L&#8217;\u00e9valuation par les parents apr\u00e8s la m\u00eame p\u00e9riode de traitement a montr\u00e9 que le comportement social, le sommeil et les fonctions ex\u00e9cutives s&#8217;\u00e9taient tous am\u00e9lior\u00e9s de mani\u00e8re hautement significative [3]. En ce qui concerne la s\u00e9curit\u00e9 et la tol\u00e9rance, seuls deux enfants ont pr\u00e9sent\u00e9 de l\u00e9gers effets secondaires transitoires, mais dans les deux cas, un lien de causalit\u00e9 avec la pr\u00e9paration \u00e0 base de plantes a \u00e9t\u00e9 jug\u00e9 improbable [3].<\/p>\n<p><span style=\"font-size:10px\">* La dose quotidienne recommand\u00e9e de 640&nbsp;mg a \u00e9t\u00e9 utilis\u00e9e.<\/span><\/p>\n<h2 id=\"\">&nbsp;<\/h2>\n<h2 id=\"resume\">R\u00e9sum\u00e9<\/h2>\n<p>Chez les enfants d&#8217;\u00e9cole primaire pr\u00e9sentant un probl\u00e8me de TDAH subsyndromique, une combinaison \u00e0 haute dose de val\u00e9riane <sup>WS\u00ae<\/sup> 1014 et de m\u00e9lisse <sup>WS\u00ae<\/sup> 1303 [4] s&#8217;est r\u00e9v\u00e9l\u00e9e \u00eatre un compl\u00e9ment efficace aux mesures p\u00e9dagogiques et psychologiques. Des \u00e9tudes empiriques ont pu d\u00e9montrer, outre des effets positifs sur l&#8217;agitation et l&#8217;insomnie, des am\u00e9liorations dans le domaine du contr\u00f4le ex\u00e9cutif (capacit\u00e9 d&#8217;attention, impulsivit\u00e9, hyperactivit\u00e9) [2,3]. Ainsi, une option de traitement off-label est \u00e9galement disponible pour les enfants qui ne r\u00e9pondent pas enti\u00e8rement aux crit\u00e8res de diagnostic du TDAH. La pr\u00e9paration combin\u00e9e \u00e0 base de plantes est facile \u00e0 utiliser et bien tol\u00e9r\u00e9e.<\/p>\n<p><em>Source : Schwabe Pharma<\/em><\/p>\n<p>&nbsp;<\/p>\n<p>Litt\u00e9rature :<\/p>\n<ol>\n<li>ADAPT : Groupe de travail pour la promotion des personnes atteintes de TDAH : crit\u00e8res de diagnostic selon le DSM, http:\/\/adapt.at\/dsm-v<\/li>\n<li>M\u00fcller SF, Klement S : Une combinaison de val\u00e9riane et de baume au citron est efficace dans le traitement de l&#8217;insomnie et de la dyssomnie chez les enfants. Phytom\u00e9decine 2006 ; 13(6) : 383-387.<\/li>\n<li>Gromball J, et al. : L&#8217;hyperactivit\u00e9, les difficult\u00e9s de concentration et l&#8217;impulsivit\u00e9 s&#8217;am\u00e9liorent pendant sept semaines de traitement avec des extraits de racine de val\u00e9riane et de baume au citron chez des enfants de l&#8217;\u00e9cole primaire. Phytomedicine 2014 ; 21(8-9) : 1098-1103.<\/li>\n<li>Information professionnelle <sup>Dormiplant\u00ae<\/sup>, www.swissmedicinfo.ch<\/li>\n<\/ol>\n<p>&nbsp;<\/p>\n<p><em>PRATIQUE DU M\u00c9DECIN DE FAMILLE 2020 ; 15(8) : 29<\/em><\/p>\n","protected":false},"excerpt":{"rendered":"<p>Une \u00e9tude empirique a d\u00e9montr\u00e9 les effets positifs d&#8217;un traitement combin\u00e9 \u00e0 haute dose chez des \u00e9l\u00e8ves de l&#8217;\u00e9cole primaire qui ne r\u00e9pondent pas enti\u00e8rement aux crit\u00e8res de diagnostic du&hellip;<\/p>\n","protected":false},"author":7,"featured_media":98796,"comment_status":"closed","ping_status":"","sticky":false,"template":"","format":"standard","meta":{"_acf_changed":false,"pmpro_default_level":"","cat_1_feature_home_top":false,"cat_2_editor_pick":false,"csco_eyebrow_text":"Extraits de val\u00e9riane et de m\u00e9lisse  ","footnotes":""},"category":[11527,11545,11315,11458,11464,11489,11549],"tags":[23581,12626,17315,12623],"powerkit_post_featured":[],"class_list":["post-333183","post","type-post","status-publish","format-standard","has-post-thumbnail","category-etudes","category-marche-medecine","category-medecine-interne-generale","category-pediatrie","category-pharmacologie-et-toxicologie","category-psychiatrie-et-psychotherapie","category-rx-fr","tag-dormiplant-fr","tag-melisse-fr","tag-tdah-fr","tag-valeriane","pmpro-has-access"],"acf":[],"publishpress_future_action":{"enabled":false,"date":"2026-05-04 22:45:19","action":"change-status","newStatus":"draft","terms":[],"taxonomy":"category","extraData":[]},"publishpress_future_workflow_manual_trigger":{"enabledWorkflows":[]},"wpml_current_locale":"fr_FR","wpml_translations":{"it_IT":{"locale":"it_IT","id":333187,"slug":"un-preparato-a-base-di-erbe-allevia-i-sintomi-delladhd-subsindromico-nei-bambini-in-eta-scolare","post_title":"Un preparato a base di erbe allevia i sintomi dell'ADHD subsindromico nei bambini in et\u00e0 scolare","href":"https:\/\/medizinonline.com\/it\/un-preparato-a-base-di-erbe-allevia-i-sintomi-delladhd-subsindromico-nei-bambini-in-eta-scolare\/"},"pt_PT":{"locale":"pt_PT","id":333156,"slug":"a-preparacao-a-base-de-ervas-alivia-os-sintomas-de-tdah-sub-sindromal-em-criancas-em-idade-escolar","post_title":"A prepara\u00e7\u00e3o \u00e0 base de ervas alivia os sintomas de TDAH sub-sindromal em crian\u00e7as em idade escolar","href":"https:\/\/medizinonline.com\/pt-pt\/a-preparacao-a-base-de-ervas-alivia-os-sintomas-de-tdah-sub-sindromal-em-criancas-em-idade-escolar\/"},"es_ES":{"locale":"es_ES","id":333171,"slug":"un-preparado-a-base-de-plantas-alivia-los-sintomas-subsindromicos-del-tdah-en-escolares","post_title":"Un preparado a base de plantas alivia los s\u00edntomas subsindr\u00f3micos del TDAH en escolares","href":"https:\/\/medizinonline.com\/es\/un-preparado-a-base-de-plantas-alivia-los-sintomas-subsindromicos-del-tdah-en-escolares\/"}},"_links":{"self":[{"href":"https:\/\/medizinonline.com\/fr\/wp-json\/wp\/v2\/posts\/333183","targetHints":{"allow":["GET"]}}],"collection":[{"href":"https:\/\/medizinonline.com\/fr\/wp-json\/wp\/v2\/posts"}],"about":[{"href":"https:\/\/medizinonline.com\/fr\/wp-json\/wp\/v2\/types\/post"}],"author":[{"embeddable":true,"href":"https:\/\/medizinonline.com\/fr\/wp-json\/wp\/v2\/users\/7"}],"replies":[{"embeddable":true,"href":"https:\/\/medizinonline.com\/fr\/wp-json\/wp\/v2\/comments?post=333183"}],"version-history":[{"count":0,"href":"https:\/\/medizinonline.com\/fr\/wp-json\/wp\/v2\/posts\/333183\/revisions"}],"wp:featuredmedia":[{"embeddable":true,"href":"https:\/\/medizinonline.com\/fr\/wp-json\/wp\/v2\/media\/98796"}],"wp:attachment":[{"href":"https:\/\/medizinonline.com\/fr\/wp-json\/wp\/v2\/media?parent=333183"}],"wp:term":[{"taxonomy":"category","embeddable":true,"href":"https:\/\/medizinonline.com\/fr\/wp-json\/wp\/v2\/category?post=333183"},{"taxonomy":"post_tag","embeddable":true,"href":"https:\/\/medizinonline.com\/fr\/wp-json\/wp\/v2\/tags?post=333183"},{"taxonomy":"powerkit_post_featured","embeddable":true,"href":"https:\/\/medizinonline.com\/fr\/wp-json\/wp\/v2\/powerkit_post_featured?post=333183"}],"curies":[{"name":"wp","href":"https:\/\/api.w.org\/{rel}","templated":true}]}}